{"id":12178,"date":"2026-04-27T15:40:05","date_gmt":"2026-04-27T13:40:05","guid":{"rendered":"https:\/\/agora.xtec.cat\/insvilafant\/?p=12178"},"modified":"2026-04-27T15:40:06","modified_gmt":"2026-04-27T13:40:06","slug":"problematiques-socials-a-girona","status":"publish","type":"post","link":"https:\/\/agora.xtec.cat\/insvilafant\/portada\/problematiques-socials-a-girona\/","title":{"rendered":"Problem\u00e0tiques socials a Girona"},"content":{"rendered":"\n<p>Dins el marc de la mat\u00e8ria de 1BAT &#8220;Problem\u00e0tiques socials&#8221;, hem visitat Girona per fer un reportatge fotogr\u00e0fic anomenat &#8220;Girona ja no m&#8217;enamora&#8221;, on es reflecteixen les problem\u00e0tiques socials amb les que s&#8217;enfronten els habitants d&#8217;aquesta ciutat.<\/p>\n\n\n\n<figure class=\"wp-block-gallery has-nested-images columns-default is-cropped wp-block-gallery-1 is-layout-flex wp-block-gallery-is-layout-flex\">\n<figure class=\"wp-block-image size-large\"><a href=\"https:\/\/agora.xtec.cat\/insvilafant\/wp-content\/uploads\/usu195\/2026\/04\/Foto-de-Marcal1.jpg\"><img loading=\"lazy\" decoding=\"async\" width=\"768\" height=\"1024\" data-id=\"12179\" src=\"https:\/\/agora.xtec.cat\/insvilafant\/wp-content\/uploads\/usu195\/2026\/04\/Foto-de-Marcal1-768x1024.jpg\" alt=\"\" class=\"wp-image-12179\" srcset=\"https:\/\/agora.xtec.cat\/insvilafant\/wp-content\/uploads\/usu195\/2026\/04\/Foto-de-Marcal1-768x1024.jpg 768w, https:\/\/agora.xtec.cat\/insvilafant\/wp-content\/uploads\/usu195\/2026\/04\/Foto-de-Marcal1-225x300.jpg 225w, https:\/\/agora.xtec.cat\/insvilafant\/wp-content\/uploads\/usu195\/2026\/04\/Foto-de-Marcal1-1152x1536.jpg 1152w, https:\/\/agora.xtec.cat\/insvilafant\/wp-content\/uploads\/usu195\/2026\/04\/Foto-de-Marcal1.jpg 1200w\" sizes=\"auto, (max-width: 768px) 100vw, 768px\" \/><\/a><\/figure>\n\n\n\n<figure class=\"wp-block-image size-large\"><a href=\"https:\/\/agora.xtec.cat\/insvilafant\/wp-content\/uploads\/usu195\/2026\/04\/Foto-de-Marcal2.jpg\"><img loading=\"lazy\" decoding=\"async\" width=\"768\" height=\"1024\" data-id=\"12182\" src=\"https:\/\/agora.xtec.cat\/insvilafant\/wp-content\/uploads\/usu195\/2026\/04\/Foto-de-Marcal2-768x1024.jpg\" alt=\"\" class=\"wp-image-12182\" srcset=\"https:\/\/agora.xtec.cat\/insvilafant\/wp-content\/uploads\/usu195\/2026\/04\/Foto-de-Marcal2-768x1024.jpg 768w, https:\/\/agora.xtec.cat\/insvilafant\/wp-content\/uploads\/usu195\/2026\/04\/Foto-de-Marcal2-225x300.jpg 225w, https:\/\/agora.xtec.cat\/insvilafant\/wp-content\/uploads\/usu195\/2026\/04\/Foto-de-Marcal2-1152x1536.jpg 1152w, https:\/\/agora.xtec.cat\/insvilafant\/wp-content\/uploads\/usu195\/2026\/04\/Foto-de-Marcal2.jpg 1200w\" sizes=\"auto, (max-width: 768px) 100vw, 768px\" \/><\/a><\/figure>\n\n\n\n<figure class=\"wp-block-image size-large\"><a href=\"https:\/\/agora.xtec.cat\/insvilafant\/wp-content\/uploads\/usu195\/2026\/04\/Foto-de-Marcal3.jpg\"><img loading=\"lazy\" decoding=\"async\" width=\"576\" height=\"1024\" data-id=\"12181\" src=\"https:\/\/agora.xtec.cat\/insvilafant\/wp-content\/uploads\/usu195\/2026\/04\/Foto-de-Marcal3-576x1024.jpg\" alt=\"\" class=\"wp-image-12181\" srcset=\"https:\/\/agora.xtec.cat\/insvilafant\/wp-content\/uploads\/usu195\/2026\/04\/Foto-de-Marcal3-576x1024.jpg 576w, https:\/\/agora.xtec.cat\/insvilafant\/wp-content\/uploads\/usu195\/2026\/04\/Foto-de-Marcal3-169x300.jpg 169w, https:\/\/agora.xtec.cat\/insvilafant\/wp-content\/uploads\/usu195\/2026\/04\/Foto-de-Marcal3-768x1365.jpg 768w, https:\/\/agora.xtec.cat\/insvilafant\/wp-content\/uploads\/usu195\/2026\/04\/Foto-de-Marcal3-864x1536.jpg 864w, https:\/\/agora.xtec.cat\/insvilafant\/wp-content\/uploads\/usu195\/2026\/04\/Foto-de-Marcal3.jpg 1152w\" sizes=\"auto, (max-width: 576px) 100vw, 576px\" \/><\/a><\/figure>\n\n\n\n<figure class=\"wp-block-image size-large\"><a href=\"https:\/\/agora.xtec.cat\/insvilafant\/wp-content\/uploads\/usu195\/2026\/04\/Foto-de-Marcal.jpg\"><img loading=\"lazy\" decoding=\"async\" width=\"1024\" height=\"768\" data-id=\"12180\" src=\"https:\/\/agora.xtec.cat\/insvilafant\/wp-content\/uploads\/usu195\/2026\/04\/Foto-de-Marcal-1024x768.jpg\" alt=\"\" class=\"wp-image-12180\" srcset=\"https:\/\/agora.xtec.cat\/insvilafant\/wp-content\/uploads\/usu195\/2026\/04\/Foto-de-Marcal-1024x768.jpg 1024w, https:\/\/agora.xtec.cat\/insvilafant\/wp-content\/uploads\/usu195\/2026\/04\/Foto-de-Marcal-300x225.jpg 300w, https:\/\/agora.xtec.cat\/insvilafant\/wp-content\/uploads\/usu195\/2026\/04\/Foto-de-Marcal-768x576.jpg 768w, https:\/\/agora.xtec.cat\/insvilafant\/wp-content\/uploads\/usu195\/2026\/04\/Foto-de-Marcal-1536x1152.jpg 1536w, https:\/\/agora.xtec.cat\/insvilafant\/wp-content\/uploads\/usu195\/2026\/04\/Foto-de-Marcal-200x150.jpg 200w, https:\/\/agora.xtec.cat\/insvilafant\/wp-content\/uploads\/usu195\/2026\/04\/Foto-de-Marcal.jpg 2040w\" sizes=\"auto, (max-width: 1024px) 100vw, 1024px\" \/><\/a><\/figure>\n<\/figure>\n","protected":false},"excerpt":{"rendered":"<p>Dins el marc de la mat\u00e8ria de 1BAT &#8220;Problem\u00e0tiques socials&#8221;, hem visitat Girona per fer un reportatge fotogr\u00e0fic anomenat &#8220;Girona ja no m&#8217;enamora&#8221;, on es reflecteixen les problem\u00e0tiques socials amb les que s&#8217;enfronten els habitants d&#8217;aquesta ciutat.<\/p>\n<p><a href=\"https:\/\/agora.xtec.cat\/insvilafant\/wp-content\/uploads\/usu195\/2026\/04\/Foto-de-Marcal1.jpg\"><\/a><\/p>\n<p><a href=\"https:\/\/agora.xtec.cat\/insvilafant\/wp-content\/uploads\/usu195\/2026\/04\/Foto-de-Marcal2.jpg\"><\/a><\/p>\n<p><a href=\"https:\/\/agora.xtec.cat\/insvilafant\/wp-content\/uploads\/usu195\/2026\/04\/Foto-de-Marcal3.jpg\"><\/a><\/p>\n<p><a href=\"https:\/\/agora.xtec.cat\/insvilafant\/wp-content\/uploads\/usu195\/2026\/04\/Foto-de-Marcal.jpg\"><\/a><\/p>\n","protected":false},"author":1,"featured_media":12180,"comment_status":"open","ping_status":"open","sticky":false,"template":"","format":"standard","meta":{"_bbp_topic_count":0,"_bbp_reply_count":0,"_bbp_total_topic_count":0,"_bbp_total_reply_count":0,"_bbp_voice_count":0,"_bbp_anonymous_reply_count":0,"_bbp_topic_count_hidden":0,"_bbp_reply_count_hidden":0,"_bbp_forum_subforum_count":0,"footnotes":""},"categories":[58,29],"tags":[],"class_list":["post-12178","post","type-post","status-publish","format-standard","has-post-thumbnail","hentry","category-1-bat","category-portada"],"post_mailing_queue_ids":[],"_links":{"self":[{"href":"https:\/\/agora.xtec.cat\/insvilafant\/wp-json\/wp\/v2\/posts\/12178","targetHints":{"allow":["GET"]}}],"collection":[{"href":"https:\/\/agora.xtec.cat\/insvilafant\/wp-json\/wp\/v2\/posts"}],"about":[{"href":"https:\/\/agora.xtec.cat\/insvilafant\/wp-json\/wp\/v2\/types\/post"}],"author":[{"embeddable":true,"href":"https:\/\/agora.xtec.cat\/insvilafant\/wp-json\/wp\/v2\/users\/1"}],"replies":[{"embeddable":true,"href":"https:\/\/agora.xtec.cat\/insvilafant\/wp-json\/wp\/v2\/comments?post=12178"}],"version-history":[{"count":2,"href":"https:\/\/agora.xtec.cat\/insvilafant\/wp-json\/wp\/v2\/posts\/12178\/revisions"}],"predecessor-version":[{"id":12184,"href":"https:\/\/agora.xtec.cat\/insvilafant\/wp-json\/wp\/v2\/posts\/12178\/revisions\/12184"}],"wp:featuredmedia":[{"embeddable":true,"href":"https:\/\/agora.xtec.cat\/insvilafant\/wp-json\/wp\/v2\/media\/12180"}],"wp:attachment":[{"href":"https:\/\/agora.xtec.cat\/insvilafant\/wp-json\/wp\/v2\/media?parent=12178"}],"wp:term":[{"taxonomy":"category","embeddable":true,"href":"https:\/\/agora.xtec.cat\/insvilafant\/wp-json\/wp\/v2\/categories?post=12178"},{"taxonomy":"post_tag","embeddable":true,"href":"https:\/\/agora.xtec.cat\/insvilafant\/wp-json\/wp\/v2\/tags?post=12178"}],"curies":[{"name":"wp","href":"https:\/\/api.w.org\/{rel}","templated":true}]}}