{"id":12164,"date":"2026-04-27T10:21:27","date_gmt":"2026-04-27T08:21:27","guid":{"rendered":"https:\/\/agora.xtec.cat\/insvilafant\/?p=12164"},"modified":"2026-04-27T10:21:28","modified_gmt":"2026-04-27T08:21:28","slug":"sortida-4eso-a-carcassona","status":"publish","type":"post","link":"https:\/\/agora.xtec.cat\/insvilafant\/general\/eso\/eso-4\/sortida-4eso-a-carcassona\/","title":{"rendered":"Sortida 4ESO a Carcassona"},"content":{"rendered":"\n<p>El passat dimecres 22 d&#8217;abril els alumnes de franc\u00e8s de 4t d&#8217;ESO de l&#8217;institut van fer una sortida a Carcassonne per visitar la Cit\u00e9 medieval. La seva valoraci\u00f3\u00a0va ser molt positiva.<\/p>\n\n\n\n<p><\/p>\n\n\n\n<figure class=\"wp-block-gallery has-nested-images columns-default is-cropped wp-block-gallery-1 is-layout-flex wp-block-gallery-is-layout-flex\">\n<figure class=\"wp-block-image size-large\"><a href=\"https:\/\/agora.xtec.cat\/insvilafant\/wp-content\/uploads\/usu195\/2026\/04\/20260422_110520.jpg\"><img loading=\"lazy\" decoding=\"async\" width=\"1000\" height=\"750\" data-id=\"12165\" src=\"https:\/\/agora.xtec.cat\/insvilafant\/wp-content\/uploads\/usu195\/2026\/04\/20260422_110520.jpg\" alt=\"\" class=\"wp-image-12165\" srcset=\"https:\/\/agora.xtec.cat\/insvilafant\/wp-content\/uploads\/usu195\/2026\/04\/20260422_110520.jpg 1000w, https:\/\/agora.xtec.cat\/insvilafant\/wp-content\/uploads\/usu195\/2026\/04\/20260422_110520-300x225.jpg 300w, https:\/\/agora.xtec.cat\/insvilafant\/wp-content\/uploads\/usu195\/2026\/04\/20260422_110520-768x576.jpg 768w, https:\/\/agora.xtec.cat\/insvilafant\/wp-content\/uploads\/usu195\/2026\/04\/20260422_110520-200x150.jpg 200w\" sizes=\"auto, (max-width: 1000px) 100vw, 1000px\" \/><\/a><\/figure>\n\n\n\n<figure class=\"wp-block-image size-large\"><a href=\"https:\/\/agora.xtec.cat\/insvilafant\/wp-content\/uploads\/usu195\/2026\/04\/IMG_3984.jpg\"><img loading=\"lazy\" decoding=\"async\" width=\"768\" height=\"1024\" data-id=\"12166\" src=\"https:\/\/agora.xtec.cat\/insvilafant\/wp-content\/uploads\/usu195\/2026\/04\/IMG_3984-768x1024.jpg\" alt=\"\" class=\"wp-image-12166\" srcset=\"https:\/\/agora.xtec.cat\/insvilafant\/wp-content\/uploads\/usu195\/2026\/04\/IMG_3984-768x1024.jpg 768w, https:\/\/agora.xtec.cat\/insvilafant\/wp-content\/uploads\/usu195\/2026\/04\/IMG_3984-225x300.jpg 225w, https:\/\/agora.xtec.cat\/insvilafant\/wp-content\/uploads\/usu195\/2026\/04\/IMG_3984.jpg 1000w\" sizes=\"auto, (max-width: 768px) 100vw, 768px\" \/><\/a><\/figure>\n\n\n\n<figure class=\"wp-block-image size-large\"><a href=\"https:\/\/agora.xtec.cat\/insvilafant\/wp-content\/uploads\/usu195\/2026\/04\/IMG_3990.jpg\"><img loading=\"lazy\" decoding=\"async\" width=\"768\" height=\"1024\" data-id=\"12167\" src=\"https:\/\/agora.xtec.cat\/insvilafant\/wp-content\/uploads\/usu195\/2026\/04\/IMG_3990-768x1024.jpg\" alt=\"\" class=\"wp-image-12167\" srcset=\"https:\/\/agora.xtec.cat\/insvilafant\/wp-content\/uploads\/usu195\/2026\/04\/IMG_3990-768x1024.jpg 768w, https:\/\/agora.xtec.cat\/insvilafant\/wp-content\/uploads\/usu195\/2026\/04\/IMG_3990-225x300.jpg 225w, https:\/\/agora.xtec.cat\/insvilafant\/wp-content\/uploads\/usu195\/2026\/04\/IMG_3990.jpg 1000w\" sizes=\"auto, (max-width: 768px) 100vw, 768px\" \/><\/a><\/figure>\n<\/figure>\n\n\n\n<p>Podeu veure la resta de fotos <a href=\"https:\/\/drive.google.com\/drive\/folders\/1wbrIhjSe4OYdSYLoWQLdoYohN3VZvfzF?usp=sharing\" data-type=\"link\" data-id=\"https:\/\/drive.google.com\/drive\/folders\/1wbrIhjSe4OYdSYLoWQLdoYohN3VZvfzF?usp=sharing\">aqu\u00ed<\/a>!<\/p>\n","protected":false},"excerpt":{"rendered":"<p>El passat dimecres 22 d&#8217;abril els alumnes de franc\u00e8s de 4t d&#8217;ESO de l&#8217;institut van fer una sortida a Carcassonne per visitar la Cit\u00e9 medieval. La seva valoraci\u00f3\u00a0va ser molt positiva.<\/p>\n<p><a href=\"https:\/\/agora.xtec.cat\/insvilafant\/wp-content\/uploads\/usu195\/2026\/04\/20260422_110520.jpg\"><\/a><\/p>\n<p><a href=\"https:\/\/agora.xtec.cat\/insvilafant\/wp-content\/uploads\/usu195\/2026\/04\/IMG_3984.jpg\"><\/a><\/p>\n<p><a href=\"https:\/\/agora.xtec.cat\/insvilafant\/wp-content\/uploads\/usu195\/2026\/04\/IMG_3990.jpg\"><\/a><\/p>\n<p>Podeu veure la resta de fotos <a href=\"https:\/\/drive.google.com\/drive\/folders\/1wbrIhjSe4OYdSYLoWQLdoYohN3VZvfzF?usp=sharing\" data-type=\"link\" data-id=\"https:\/\/drive.google.com\/drive\/folders\/1wbrIhjSe4OYdSYLoWQLdoYohN3VZvfzF?usp=sharing\">aqu\u00ed<\/a>!<\/p>\n","protected":false},"author":1,"featured_media":12165,"comment_status":"open","ping_status":"open","sticky":false,"template":"","format":"standard","meta":{"_bbp_topic_count":0,"_bbp_reply_count":0,"_bbp_total_topic_count":0,"_bbp_total_reply_count":0,"_bbp_voice_count":0,"_bbp_anonymous_reply_count":0,"_bbp_topic_count_hidden":0,"_bbp_reply_count_hidden":0,"_bbp_forum_subforum_count":0,"footnotes":""},"categories":[7,29],"tags":[],"class_list":["post-12164","post","type-post","status-publish","format-standard","has-post-thumbnail","hentry","category-eso-4","category-portada"],"post_mailing_queue_ids":[],"_links":{"self":[{"href":"https:\/\/agora.xtec.cat\/insvilafant\/wp-json\/wp\/v2\/posts\/12164","targetHints":{"allow":["GET"]}}],"collection":[{"href":"https:\/\/agora.xtec.cat\/insvilafant\/wp-json\/wp\/v2\/posts"}],"about":[{"href":"https:\/\/agora.xtec.cat\/insvilafant\/wp-json\/wp\/v2\/types\/post"}],"author":[{"embeddable":true,"href":"https:\/\/agora.xtec.cat\/insvilafant\/wp-json\/wp\/v2\/users\/1"}],"replies":[{"embeddable":true,"href":"https:\/\/agora.xtec.cat\/insvilafant\/wp-json\/wp\/v2\/comments?post=12164"}],"version-history":[{"count":1,"href":"https:\/\/agora.xtec.cat\/insvilafant\/wp-json\/wp\/v2\/posts\/12164\/revisions"}],"predecessor-version":[{"id":12168,"href":"https:\/\/agora.xtec.cat\/insvilafant\/wp-json\/wp\/v2\/posts\/12164\/revisions\/12168"}],"wp:featuredmedia":[{"embeddable":true,"href":"https:\/\/agora.xtec.cat\/insvilafant\/wp-json\/wp\/v2\/media\/12165"}],"wp:attachment":[{"href":"https:\/\/agora.xtec.cat\/insvilafant\/wp-json\/wp\/v2\/media?parent=12164"}],"wp:term":[{"taxonomy":"category","embeddable":true,"href":"https:\/\/agora.xtec.cat\/insvilafant\/wp-json\/wp\/v2\/categories?post=12164"},{"taxonomy":"post_tag","embeddable":true,"href":"https:\/\/agora.xtec.cat\/insvilafant\/wp-json\/wp\/v2\/tags?post=12164"}],"curies":[{"name":"wp","href":"https:\/\/api.w.org\/{rel}","templated":true}]}}