{"id":11523,"date":"2025-11-26T12:41:54","date_gmt":"2025-11-26T11:41:54","guid":{"rendered":"https:\/\/agora.xtec.cat\/insvilafant\/?p=11523"},"modified":"2026-03-22T09:45:23","modified_gmt":"2026-03-22T08:45:23","slug":"nou-podcast-del-projecte-radio-instants","status":"publish","type":"post","link":"https:\/\/agora.xtec.cat\/insvilafant\/portada\/nou-podcast-del-projecte-radio-instants\/","title":{"rendered":"Nou podcast del projecte R\u00e0dio Instants"},"content":{"rendered":"\n<p>Els alumnes del projecte de r\u00e0dio i revista Instants han anat plegats a fer el directe del programa Les Veus del mat\u00ed de r\u00e0dio Vilafant.<\/p>\n\n\n\n<figure class=\"wp-block-image size-full\"><a href=\"https:\/\/agora.xtec.cat\/insvilafant\/wp-content\/uploads\/usu195\/2025\/11\/WhatsApp-Image-2025-11-25-at-12.03.52-e1764068700169-1024x906-1.jpeg\"><img loading=\"lazy\" decoding=\"async\" width=\"1024\" height=\"906\" src=\"https:\/\/agora.xtec.cat\/insvilafant\/wp-content\/uploads\/usu195\/2025\/11\/WhatsApp-Image-2025-11-25-at-12.03.52-e1764068700169-1024x906-1.jpeg\" alt=\"\" class=\"wp-image-11526\" srcset=\"https:\/\/agora.xtec.cat\/insvilafant\/wp-content\/uploads\/usu195\/2025\/11\/WhatsApp-Image-2025-11-25-at-12.03.52-e1764068700169-1024x906-1.jpeg 1024w, https:\/\/agora.xtec.cat\/insvilafant\/wp-content\/uploads\/usu195\/2025\/11\/WhatsApp-Image-2025-11-25-at-12.03.52-e1764068700169-1024x906-1-300x265.jpeg 300w, https:\/\/agora.xtec.cat\/insvilafant\/wp-content\/uploads\/usu195\/2025\/11\/WhatsApp-Image-2025-11-25-at-12.03.52-e1764068700169-1024x906-1-768x680.jpeg 768w\" sizes=\"auto, (max-width: 1024px) 100vw, 1024px\" \/><\/a><\/figure>\n\n\n\n<figure class=\"wp-block-embed is-type-video is-provider-youtube wp-block-embed-youtube wp-embed-aspect-16-9 wp-has-aspect-ratio\"><div class=\"wp-block-embed__wrapper\">\n<iframe loading=\"lazy\" title=\"LVDM - INS VILAFANT 25 NOVEMBRE 2025\" width=\"500\" height=\"281\" src=\"https:\/\/www.youtube.com\/embed\/5kFCs-HdT-c?feature=oembed\" frameborder=\"0\" allow=\"accelerometer; autoplay; clipboard-write; encrypted-media; gyroscope; picture-in-picture; web-share\" referrerpolicy=\"strict-origin-when-cross-origin\" allowfullscreen><\/iframe>\n<\/div><\/figure>\n","protected":false},"excerpt":{"rendered":"<p>Els alumnes del projecte de r\u00e0dio i revista Instants han anat plegats a fer el directe del programa Les Veus del mat\u00ed de r\u00e0dio Vilafant.<\/p>\n<p><a href=\"https:\/\/agora.xtec.cat\/insvilafant\/wp-content\/uploads\/usu195\/2025\/11\/WhatsApp-Image-2025-11-25-at-12.03.52-e1764068700169-1024x906-1.jpeg\"><\/a><\/p>\n","protected":false},"author":1,"featured_media":11526,"comment_status":"open","ping_status":"open","sticky":false,"template":"","format":"standard","meta":{"_bbp_topic_count":0,"_bbp_reply_count":0,"_bbp_total_topic_count":0,"_bbp_total_reply_count":0,"_bbp_voice_count":0,"_bbp_anonymous_reply_count":0,"_bbp_topic_count_hidden":0,"_bbp_reply_count_hidden":0,"_bbp_forum_subforum_count":0,"footnotes":""},"categories":[29,194,178],"tags":[],"class_list":["post-11523","post","type-post","status-publish","format-standard","has-post-thumbnail","hentry","category-portada","category-projecte-radio-2024","category-repte_radio"],"post_mailing_queue_ids":[],"_links":{"self":[{"href":"https:\/\/agora.xtec.cat\/insvilafant\/wp-json\/wp\/v2\/posts\/11523","targetHints":{"allow":["GET"]}}],"collection":[{"href":"https:\/\/agora.xtec.cat\/insvilafant\/wp-json\/wp\/v2\/posts"}],"about":[{"href":"https:\/\/agora.xtec.cat\/insvilafant\/wp-json\/wp\/v2\/types\/post"}],"author":[{"embeddable":true,"href":"https:\/\/agora.xtec.cat\/insvilafant\/wp-json\/wp\/v2\/users\/1"}],"replies":[{"embeddable":true,"href":"https:\/\/agora.xtec.cat\/insvilafant\/wp-json\/wp\/v2\/comments?post=11523"}],"version-history":[{"count":3,"href":"https:\/\/agora.xtec.cat\/insvilafant\/wp-json\/wp\/v2\/posts\/11523\/revisions"}],"predecessor-version":[{"id":12005,"href":"https:\/\/agora.xtec.cat\/insvilafant\/wp-json\/wp\/v2\/posts\/11523\/revisions\/12005"}],"wp:featuredmedia":[{"embeddable":true,"href":"https:\/\/agora.xtec.cat\/insvilafant\/wp-json\/wp\/v2\/media\/11526"}],"wp:attachment":[{"href":"https:\/\/agora.xtec.cat\/insvilafant\/wp-json\/wp\/v2\/media?parent=11523"}],"wp:term":[{"taxonomy":"category","embeddable":true,"href":"https:\/\/agora.xtec.cat\/insvilafant\/wp-json\/wp\/v2\/categories?post=11523"},{"taxonomy":"post_tag","embeddable":true,"href":"https:\/\/agora.xtec.cat\/insvilafant\/wp-json\/wp\/v2\/tags?post=11523"}],"curies":[{"name":"wp","href":"https:\/\/api.w.org\/{rel}","templated":true}]}}