{"id":2477,"date":"2020-10-06T11:50:17","date_gmt":"2020-10-06T09:50:17","guid":{"rendered":"https:\/\/agora.xtec.cat\/insvalltenes\/?p=2477"},"modified":"2020-10-06T11:50:17","modified_gmt":"2020-10-06T09:50:17","slug":"entrega-dels-premis-sambori","status":"publish","type":"post","link":"https:\/\/agora.xtec.cat\/insvalltenes\/eso\/entrega-dels-premis-sambori\/","title":{"rendered":"Entrega dels premis Sambori"},"content":{"rendered":"<p><span style=\"font-weight: 400;\">El passat 26 de setembre, les nostres alumnes guanyadores del premi Sambori Narrativa-\u00d2mnium Cultural van anar a recollir el diploma i guard\u00f3 a la seu d&#8217;\u00d2mnium a Granollers.<\/span><\/p>\n<p><span style=\"font-weight: 400;\">Elena Pag\u00e8s &#8220;La dona que pensa&#8221;<\/span><\/p>\n<p><iframe loading=\"lazy\" src=\"https:\/\/www.scribd.com\/embeds\/478896559\/content?start_page=1&amp;view_mode=scroll&amp;access_key=key-oXVCGUIujLPEvqyEGzwR\" width=\"100%\" height=\"600\" frameborder=\"0\" data-auto-height=\"true\" data-aspect-ratio=\"0.7068965517241379\"><\/iframe><\/p>\n<p style=\"margin: 12px auto 6px auto; font-family: Helvetica,Arial,Sans-serif; font-style: normal; font-variant: normal; font-weight: normal; font-size: 14px; line-height: normal; font-size-adjust: none; font-stretch: normal; -x-system-font: none; display: block;\"><a style=\"text-decoration: underline;\" title=\"View La dona que pensa en xin\u00e8s.pdf on Scribd\" href=\"https:\/\/www.scribd.com\/document\/478896559\/La-dona-que-pensa-en-xines-pdf#from_embed\">La dona que pensa en xin\u00e8s.pdf<\/a> by <a style=\"text-decoration: underline;\" title=\"View IES La Vall del Tenes's profile on Scribd\" href=\"https:\/\/www.scribd.com\/user\/518880000\/IES-La-Vall-del-Tenes#from_embed\">IES La Vall del Tenes<\/a><\/p>\n<p>&nbsp;<\/p>\n<p><span style=\"font-weight: 400;\">N\u00faria Duran \u201cEstil de vida&#8221;.<\/span><\/p>\n<p><iframe loading=\"lazy\" src=\"https:\/\/www.scribd.com\/embeds\/478896557\/content?start_page=1&amp;view_mode=scroll&amp;access_key=key-wkQmnzSGmjdWpRXsZAKW\" width=\"100%\" height=\"600\" frameborder=\"0\" data-auto-height=\"true\" data-aspect-ratio=\"0.7068965517241379\"><\/iframe><\/p>\n<p style=\"margin: 12px auto 6px auto; font-family: Helvetica,Arial,Sans-serif; font-style: normal; font-variant: normal; font-weight: normal; font-size: 14px; line-height: normal; font-size-adjust: none; font-stretch: normal; -x-system-font: none; display: block;\"><a style=\"text-decoration: underline;\" title=\"View Redacci\u00f3 \u00d2mnium N\u00faria Duran.pdf on Scribd\" href=\"https:\/\/www.scribd.com\/document\/478896557\/Redaccio-Omnium-Nuria-Duran-pdf#from_embed\">Redacci\u00f3 \u00d2mnium N\u00faria Duran&#8230;<\/a> by <a style=\"text-decoration: underline;\" title=\"View IES La Vall del Tenes's profile on Scribd\" href=\"https:\/\/www.scribd.com\/user\/518880000\/IES-La-Vall-del-Tenes#from_embed\">IES La Vall del Tenes<\/a><\/p>\n<p>&nbsp;<\/p>\n<p><span style=\"font-weight: 400;\">Laia Canadell \u201cVeus en Maj\u00fascula\u201d.<\/span><\/p>\n<p><iframe loading=\"lazy\" src=\"https:\/\/www.scribd.com\/embeds\/478896560\/content?start_page=1&amp;view_mode=scroll&amp;access_key=key-zxpAupSspTYGagxQn3Nr\" width=\"100%\" height=\"600\" frameborder=\"0\" data-auto-height=\"true\" data-aspect-ratio=\"0.7068965517241379\"><\/iframe><\/p>\n<p style=\"margin: 12px auto 6px auto; font-family: Helvetica,Arial,Sans-serif; font-style: normal; font-variant: normal; font-weight: normal; font-size: 14px; line-height: normal; font-size-adjust: none; font-stretch: normal; -x-system-font: none; display: block;\"><a style=\"text-decoration: underline;\" title=\"View VEUS en MAJUSCULA- Laia Canadell.pdf on Scribd\" href=\"https:\/\/www.scribd.com\/document\/478896560\/VEUS-en-MAJUSCULA-Laia-Canadell-pdf#from_embed\">VEUS en MAJUSCULA- Laia Can&#8230;<\/a> by <a style=\"text-decoration: underline;\" title=\"View IES La Vall del Tenes's profile on Scribd\" href=\"https:\/\/www.scribd.com\/user\/518880000\/IES-La-Vall-del-Tenes#from_embed\">IES La Vall del Tenes<\/a><\/p>\n<p><a href=\"https:\/\/agora.xtec.cat\/insvalltenes\/wp-content\/uploads\/usu399\/2020\/10\/foto-elena-pages.jpeg\"><img loading=\"lazy\" decoding=\"async\" class=\"alignleft size-medium wp-image-2478\" src=\"https:\/\/agora.xtec.cat\/insvalltenes\/wp-content\/uploads\/usu399\/2020\/10\/foto-elena-pages-300x225.jpeg\" alt=\"\" width=\"300\" height=\"225\" srcset=\"https:\/\/agora.xtec.cat\/insvalltenes\/wp-content\/uploads\/usu399\/2020\/10\/foto-elena-pages-300x225.jpeg 300w, https:\/\/agora.xtec.cat\/insvalltenes\/wp-content\/uploads\/usu399\/2020\/10\/foto-elena-pages-768x576.jpeg 768w, https:\/\/agora.xtec.cat\/insvalltenes\/wp-content\/uploads\/usu399\/2020\/10\/foto-elena-pages-1024x768.jpeg 1024w, https:\/\/agora.xtec.cat\/insvalltenes\/wp-content\/uploads\/usu399\/2020\/10\/foto-elena-pages-200x150.jpeg 200w, https:\/\/agora.xtec.cat\/insvalltenes\/wp-content\/uploads\/usu399\/2020\/10\/foto-elena-pages.jpeg 1600w\" sizes=\"auto, (max-width: 300px) 100vw, 300px\" \/><\/a> <a href=\"https:\/\/agora.xtec.cat\/insvalltenes\/wp-content\/uploads\/usu399\/2020\/10\/IMG-20200926-WA0012.jpeg\"><img loading=\"lazy\" decoding=\"async\" class=\"alignleft size-medium wp-image-2479\" src=\"https:\/\/agora.xtec.cat\/insvalltenes\/wp-content\/uploads\/usu399\/2020\/10\/IMG-20200926-WA0012-300x225.jpeg\" alt=\"\" width=\"300\" height=\"225\" srcset=\"https:\/\/agora.xtec.cat\/insvalltenes\/wp-content\/uploads\/usu399\/2020\/10\/IMG-20200926-WA0012-300x225.jpeg 300w, https:\/\/agora.xtec.cat\/insvalltenes\/wp-content\/uploads\/usu399\/2020\/10\/IMG-20200926-WA0012-768x576.jpeg 768w, https:\/\/agora.xtec.cat\/insvalltenes\/wp-content\/uploads\/usu399\/2020\/10\/IMG-20200926-WA0012-1024x768.jpeg 1024w, https:\/\/agora.xtec.cat\/insvalltenes\/wp-content\/uploads\/usu399\/2020\/10\/IMG-20200926-WA0012-200x150.jpeg 200w, https:\/\/agora.xtec.cat\/insvalltenes\/wp-content\/uploads\/usu399\/2020\/10\/IMG-20200926-WA0012.jpeg 1599w\" sizes=\"auto, (max-width: 300px) 100vw, 300px\" \/><\/a><\/p>\n","protected":false},"excerpt":{"rendered":"<p>El passat 26 de setembre, les nostres alumnes guanyadores del premi Sambori Narrativa-\u00d2mnium Cultural van anar a recollir el diploma i guard\u00f3 a la seu d&#8217;\u00d2mnium a Granollers.<\/p>\n","protected":false},"author":1,"featured_media":2479,"comment_status":"open","ping_status":"closed","sticky":false,"template":"","format":"standard","meta":{"_bbp_topic_count":0,"_bbp_reply_count":0,"_bbp_total_topic_count":0,"_bbp_total_reply_count":0,"_bbp_voice_count":0,"_bbp_anonymous_reply_count":0,"_bbp_topic_count_hidden":0,"_bbp_reply_count_hidden":0,"_bbp_forum_subforum_count":0,"site-sidebar-layout":"default","site-content-layout":"","ast-site-content-layout":"","site-content-style":"default","site-sidebar-style":"default","ast-global-header-display":"","ast-banner-title-visibility":"","ast-main-header-display":"","ast-hfb-above-header-display":"","ast-hfb-below-header-display":"","ast-hfb-mobile-header-display":"","site-post-title":"","ast-breadcrumbs-content":"","ast-featured-img":"","footer-sml-layout":"","theme-transparent-header-meta":"","adv-header-id-meta":"","stick-header-meta":"","header-above-stick-meta":"","header-main-stick-meta":"","header-below-stick-meta":"","astra-migrate-meta-layouts":"default","ast-page-background-enabled":"default","ast-page-background-meta":{"desktop":{"background-color":"var(--ast-global-color-4)","background-image":"","background-repeat":"repeat","background-position":"center center","background-size":"auto","background-attachment":"scroll","background-type":"","background-media":"","overlay-type":"","overlay-color":"","overlay-opacity":"","overlay-gradient":""},"tablet":{"background-color":"","background-image":"","background-repeat":"repeat","background-position":"center center","background-size":"auto","background-attachment":"scroll","background-type":"","background-media":"","overlay-type":"","overlay-color":"","overlay-opacity":"","overlay-gradient":""},"mobile":{"background-color":"","background-image":"","background-repeat":"repeat","background-position":"center center","background-size":"auto","background-attachment":"scroll","background-type":"","background-media":"","overlay-type":"","overlay-color":"","overlay-opacity":"","overlay-gradient":""}},"ast-content-background-meta":{"desktop":{"background-color":"var(--ast-global-color-5)","background-image":"","background-repeat":"repeat","background-position":"center center","background-size":"auto","background-attachment":"scroll","background-type":"","background-media":"","overlay-type":"","overlay-color":"","overlay-opacity":"","overlay-gradient":""},"tablet":{"background-color":"var(--ast-global-color-5)","background-image":"","background-repeat":"repeat","background-position":"center center","background-size":"auto","background-attachment":"scroll","background-type":"","background-media":"","overlay-type":"","overlay-color":"","overlay-opacity":"","overlay-gradient":""},"mobile":{"background-color":"var(--ast-global-color-5)","background-image":"","background-repeat":"repeat","background-position":"center center","background-size":"auto","background-attachment":"scroll","background-type":"","background-media":"","overlay-type":"","overlay-color":"","overlay-opacity":"","overlay-gradient":""}},"footnotes":""},"categories":[8,3,29],"tags":[],"class_list":["post-2477","post","type-post","status-publish","format-standard","has-post-thumbnail","hentry","category-batxillerat","category-eso","category-portada"],"post_mailing_queue_ids":[],"_links":{"self":[{"href":"https:\/\/agora.xtec.cat\/insvalltenes\/wp-json\/wp\/v2\/posts\/2477","targetHints":{"allow":["GET"]}}],"collection":[{"href":"https:\/\/agora.xtec.cat\/insvalltenes\/wp-json\/wp\/v2\/posts"}],"about":[{"href":"https:\/\/agora.xtec.cat\/insvalltenes\/wp-json\/wp\/v2\/types\/post"}],"author":[{"embeddable":true,"href":"https:\/\/agora.xtec.cat\/insvalltenes\/wp-json\/wp\/v2\/users\/1"}],"replies":[{"embeddable":true,"href":"https:\/\/agora.xtec.cat\/insvalltenes\/wp-json\/wp\/v2\/comments?post=2477"}],"version-history":[{"count":1,"href":"https:\/\/agora.xtec.cat\/insvalltenes\/wp-json\/wp\/v2\/posts\/2477\/revisions"}],"predecessor-version":[{"id":2480,"href":"https:\/\/agora.xtec.cat\/insvalltenes\/wp-json\/wp\/v2\/posts\/2477\/revisions\/2480"}],"wp:featuredmedia":[{"embeddable":true,"href":"https:\/\/agora.xtec.cat\/insvalltenes\/wp-json\/wp\/v2\/media\/2479"}],"wp:attachment":[{"href":"https:\/\/agora.xtec.cat\/insvalltenes\/wp-json\/wp\/v2\/media?parent=2477"}],"wp:term":[{"taxonomy":"category","embeddable":true,"href":"https:\/\/agora.xtec.cat\/insvalltenes\/wp-json\/wp\/v2\/categories?post=2477"},{"taxonomy":"post_tag","embeddable":true,"href":"https:\/\/agora.xtec.cat\/insvalltenes\/wp-json\/wp\/v2\/tags?post=2477"}],"curies":[{"name":"wp","href":"https:\/\/api.w.org\/{rel}","templated":true}]}}