{"id":1501,"date":"2018-10-18T13:07:04","date_gmt":"2018-10-18T11:07:04","guid":{"rendered":"https:\/\/agora.xtec.cat\/insvalltenes\/?p=1501"},"modified":"2020-01-03T13:07:20","modified_gmt":"2020-01-03T12:07:20","slug":"munog-2018","status":"publish","type":"post","link":"https:\/\/agora.xtec.cat\/insvalltenes\/general\/munog-2018\/","title":{"rendered":"MUNOG 2018"},"content":{"rendered":"<p><a href=\"https:\/\/agora.xtec.cat\/insvalltenes\/wp-content\/uploads\/usu399\/2020\/01\/munog.png\"><img loading=\"lazy\" decoding=\"async\" class=\"alignleft size-medium wp-image-1502\" src=\"https:\/\/agora.xtec.cat\/insvalltenes\/wp-content\/uploads\/usu399\/2020\/01\/munog-300x300.png\" alt=\"\" width=\"300\" height=\"300\" srcset=\"https:\/\/agora.xtec.cat\/insvalltenes\/wp-content\/uploads\/usu399\/2020\/01\/munog-300x300.png 300w, https:\/\/agora.xtec.cat\/insvalltenes\/wp-content\/uploads\/usu399\/2020\/01\/munog-150x150.png 150w, https:\/\/agora.xtec.cat\/insvalltenes\/wp-content\/uploads\/usu399\/2020\/01\/munog-768x768.png 768w, https:\/\/agora.xtec.cat\/insvalltenes\/wp-content\/uploads\/usu399\/2020\/01\/munog-1024x1024.png 1024w, https:\/\/agora.xtec.cat\/insvalltenes\/wp-content\/uploads\/usu399\/2020\/01\/munog.png 2000w\" sizes=\"auto, (max-width: 300px) 100vw, 300px\" \/><\/a>11 alumnes de Batxillerat del nostre institut passaran sis dies a Sindelfingen participant al MUNOG 2018.<\/p>\n<p>Qu\u00e8 \u00e9s Munog? Munog \u00e9s una trobada on els alumnes es converteixen en diplom\u00e0tics internacionals per discutir temes d&#8217;import\u00e0ncia a nivell mundial. Enguany els nostres alumnes representen les delegacions de Nig\u00e8ria, Hongria i Costa d&#8217;Ivori.<\/p>\n","protected":false},"excerpt":{"rendered":"<p>11 alumnes de Batxillerat del nostre institut passaran sis dies a Sindelfingen participant al MUNOG 2018. Qu\u00e8 \u00e9s Munog? Munog \u00e9s una trobada on els alumnes es converteixen en diplom\u00e0tics internacionals per discutir temes d&#8217;import\u00e0ncia a nivell mundial. Enguany els nostres alumnes representen les delegacions de Nig\u00e8ria, Hongria i Costa d&#8217;Ivori.<\/p>\n","protected":false},"author":1,"featured_media":1502,"comment_status":"closed","ping_status":"closed","sticky":false,"template":"","format":"standard","meta":{"_bbp_topic_count":0,"_bbp_reply_count":0,"_bbp_total_topic_count":0,"_bbp_total_reply_count":0,"_bbp_voice_count":0,"_bbp_anonymous_reply_count":0,"_bbp_topic_count_hidden":0,"_bbp_reply_count_hidden":0,"_bbp_forum_subforum_count":0,"site-sidebar-layout":"default","site-content-layout":"","ast-site-content-layout":"","site-content-style":"default","site-sidebar-style":"default","ast-global-header-display":"","ast-banner-title-visibility":"","ast-main-header-display":"","ast-hfb-above-header-display":"","ast-hfb-below-header-display":"","ast-hfb-mobile-header-display":"","site-post-title":"","ast-breadcrumbs-content":"","ast-featured-img":"","footer-sml-layout":"","theme-transparent-header-meta":"","adv-header-id-meta":"","stick-header-meta":"","header-above-stick-meta":"","header-main-stick-meta":"","header-below-stick-meta":"","astra-migrate-meta-layouts":"default","ast-page-background-enabled":"default","ast-page-background-meta":{"desktop":{"background-color":"var(--ast-global-color-4)","background-image":"","background-repeat":"repeat","background-position":"center center","background-size":"auto","background-attachment":"scroll","background-type":"","background-media":"","overlay-type":"","overlay-color":"","overlay-opacity":"","overlay-gradient":""},"tablet":{"background-color":"","background-image":"","background-repeat":"repeat","background-position":"center center","background-size":"auto","background-attachment":"scroll","background-type":"","background-media":"","overlay-type":"","overlay-color":"","overlay-opacity":"","overlay-gradient":""},"mobile":{"background-color":"","background-image":"","background-repeat":"repeat","background-position":"center center","background-size":"auto","background-attachment":"scroll","background-type":"","background-media":"","overlay-type":"","overlay-color":"","overlay-opacity":"","overlay-gradient":""}},"ast-content-background-meta":{"desktop":{"background-color":"var(--ast-global-color-5)","background-image":"","background-repeat":"repeat","background-position":"center center","background-size":"auto","background-attachment":"scroll","background-type":"","background-media":"","overlay-type":"","overlay-color":"","overlay-opacity":"","overlay-gradient":""},"tablet":{"background-color":"var(--ast-global-color-5)","background-image":"","background-repeat":"repeat","background-position":"center center","background-size":"auto","background-attachment":"scroll","background-type":"","background-media":"","overlay-type":"","overlay-color":"","overlay-opacity":"","overlay-gradient":""},"mobile":{"background-color":"var(--ast-global-color-5)","background-image":"","background-repeat":"repeat","background-position":"center center","background-size":"auto","background-attachment":"scroll","background-type":"","background-media":"","overlay-type":"","overlay-color":"","overlay-opacity":"","overlay-gradient":""}},"footnotes":""},"categories":[8,1,29],"tags":[],"class_list":["post-1501","post","type-post","status-publish","format-standard","has-post-thumbnail","hentry","category-batxillerat","category-general","category-portada"],"post_mailing_queue_ids":[],"_links":{"self":[{"href":"https:\/\/agora.xtec.cat\/insvalltenes\/wp-json\/wp\/v2\/posts\/1501","targetHints":{"allow":["GET"]}}],"collection":[{"href":"https:\/\/agora.xtec.cat\/insvalltenes\/wp-json\/wp\/v2\/posts"}],"about":[{"href":"https:\/\/agora.xtec.cat\/insvalltenes\/wp-json\/wp\/v2\/types\/post"}],"author":[{"embeddable":true,"href":"https:\/\/agora.xtec.cat\/insvalltenes\/wp-json\/wp\/v2\/users\/1"}],"replies":[{"embeddable":true,"href":"https:\/\/agora.xtec.cat\/insvalltenes\/wp-json\/wp\/v2\/comments?post=1501"}],"version-history":[{"count":1,"href":"https:\/\/agora.xtec.cat\/insvalltenes\/wp-json\/wp\/v2\/posts\/1501\/revisions"}],"predecessor-version":[{"id":1503,"href":"https:\/\/agora.xtec.cat\/insvalltenes\/wp-json\/wp\/v2\/posts\/1501\/revisions\/1503"}],"wp:featuredmedia":[{"embeddable":true,"href":"https:\/\/agora.xtec.cat\/insvalltenes\/wp-json\/wp\/v2\/media\/1502"}],"wp:attachment":[{"href":"https:\/\/agora.xtec.cat\/insvalltenes\/wp-json\/wp\/v2\/media?parent=1501"}],"wp:term":[{"taxonomy":"category","embeddable":true,"href":"https:\/\/agora.xtec.cat\/insvalltenes\/wp-json\/wp\/v2\/categories?post=1501"},{"taxonomy":"post_tag","embeddable":true,"href":"https:\/\/agora.xtec.cat\/insvalltenes\/wp-json\/wp\/v2\/tags?post=1501"}],"curies":[{"name":"wp","href":"https:\/\/api.w.org\/{rel}","templated":true}]}}