{"id":1025,"date":"2019-06-11T11:43:46","date_gmt":"2019-06-11T09:43:46","guid":{"rendered":"https:\/\/agora.xtec.cat\/insvalltenes\/?p=1025"},"modified":"2019-06-11T11:46:12","modified_gmt":"2019-06-11T09:46:12","slug":"treballs-de-sintesi-i-projecte-de-recerca-curs-2018-2019","status":"publish","type":"post","link":"https:\/\/agora.xtec.cat\/insvalltenes\/general\/treballs-de-sintesi-i-projecte-de-recerca-curs-2018-2019\/","title":{"rendered":"Treballs de S\u00edntesi i Projecte de Recerca curs 2018-2019"},"content":{"rendered":"<p><a href=\"https:\/\/agora.xtec.cat\/insvalltenes\/wp-content\/uploads\/usu399\/2019\/06\/tspr.jpg\"><img loading=\"lazy\" decoding=\"async\" class=\"alignleft wp-image-1026 size-medium\" src=\"https:\/\/agora.xtec.cat\/insvalltenes\/wp-content\/uploads\/usu399\/2019\/06\/tspr-300x158.jpg\" alt=\"\" width=\"300\" height=\"158\" srcset=\"https:\/\/agora.xtec.cat\/insvalltenes\/wp-content\/uploads\/usu399\/2019\/06\/tspr-300x158.jpg 300w, https:\/\/agora.xtec.cat\/insvalltenes\/wp-content\/uploads\/usu399\/2019\/06\/tspr.jpg 468w\" sizes=\"auto, (max-width: 300px) 100vw, 300px\" \/><\/a>Del 10 al 19 de juny a l&#8217;institut estem fent els Treballs de S\u00edntesi (1r, 2n i 3r d&#8217;ESO) i els Projectes de Recerca (4t d&#8217;ESO). La tem\u00e0tica de cada una d&#8217;aquestes activitats \u00e9s:<\/p>\n<ul>\n<li style=\"list-style-type: none;\">\n<ul>\n<li style=\"list-style-type: none;\">\n<ul>\n<li style=\"list-style-type: none;\">\n<ul>\n<li>1r d&#8217;ESO: Estudi de la Vall del Tenes.<\/li>\n<li>2n d&#8217;ESO: Coneixement i sortida de 3 dies a La Seu d&#8217;Urgell i Andorra.<\/li>\n<li>3r d&#8217;ESO: Descoberta del Vall\u00e8s Oriental.<\/li>\n<li>4t d&#8217;ESO: O&#8217;CAMI\u00d1O DE SANTIAGO (19 dies fent el cam\u00ed per Gal\u00edcia) o CAM\u00cd DE SANT JAUME \u00a0\u00a0(3 dies visitant el Cam\u00ed de Sant Jaume al seu pas per Tortosa).<\/li>\n<\/ul>\n<\/li>\n<\/ul>\n<\/li>\n<\/ul>\n<\/li>\n<\/ul>\n<p>Podreu veure les imatges d&#8217;aquestes activitats i sortides a les xarxes socials de l&#8217;Institut (instagram i facebook). Ens seguiu?<\/p>\n","protected":false},"excerpt":{"rendered":"<p>Del 10 al 19 de juny a l&#8217;institut estem fent els Treballs de S\u00edntesi (1r, 2n i 3r d&#8217;ESO) i els Projectes de Recerca (4t d&#8217;ESO). La tem\u00e0tica de cada una d&#8217;aquestes activitats \u00e9s: 1r d&#8217;ESO: Estudi de la Vall del Tenes. 2n d&#8217;ESO: Coneixement i sortida de 3 dies a La Seu d&#8217;Urgell i [&hellip;]<\/p>\n","protected":false},"author":5,"featured_media":1026,"comment_status":"open","ping_status":"closed","sticky":false,"template":"","format":"standard","meta":{"_bbp_topic_count":0,"_bbp_reply_count":0,"_bbp_total_topic_count":0,"_bbp_total_reply_count":0,"_bbp_voice_count":0,"_bbp_anonymous_reply_count":0,"_bbp_topic_count_hidden":0,"_bbp_reply_count_hidden":0,"_bbp_forum_subforum_count":0,"site-sidebar-layout":"default","site-content-layout":"","ast-site-content-layout":"","site-content-style":"default","site-sidebar-style":"default","ast-global-header-display":"","ast-banner-title-visibility":"","ast-main-header-display":"","ast-hfb-above-header-display":"","ast-hfb-below-header-display":"","ast-hfb-mobile-header-display":"","site-post-title":"","ast-breadcrumbs-content":"","ast-featured-img":"","footer-sml-layout":"","theme-transparent-header-meta":"","adv-header-id-meta":"","stick-header-meta":"","header-above-stick-meta":"","header-main-stick-meta":"","header-below-stick-meta":"","astra-migrate-meta-layouts":"default","ast-page-background-enabled":"default","ast-page-background-meta":{"desktop":{"background-color":"var(--ast-global-color-4)","background-image":"","background-repeat":"repeat","background-position":"center center","background-size":"auto","background-attachment":"scroll","background-type":"","background-media":"","overlay-type":"","overlay-color":"","overlay-opacity":"","overlay-gradient":""},"tablet":{"background-color":"","background-image":"","background-repeat":"repeat","background-position":"center center","background-size":"auto","background-attachment":"scroll","background-type":"","background-media":"","overlay-type":"","overlay-color":"","overlay-opacity":"","overlay-gradient":""},"mobile":{"background-color":"","background-image":"","background-repeat":"repeat","background-position":"center center","background-size":"auto","background-attachment":"scroll","background-type":"","background-media":"","overlay-type":"","overlay-color":"","overlay-opacity":"","overlay-gradient":""}},"ast-content-background-meta":{"desktop":{"background-color":"var(--ast-global-color-5)","background-image":"","background-repeat":"repeat","background-position":"center center","background-size":"auto","background-attachment":"scroll","background-type":"","background-media":"","overlay-type":"","overlay-color":"","overlay-opacity":"","overlay-gradient":""},"tablet":{"background-color":"var(--ast-global-color-5)","background-image":"","background-repeat":"repeat","background-position":"center center","background-size":"auto","background-attachment":"scroll","background-type":"","background-media":"","overlay-type":"","overlay-color":"","overlay-opacity":"","overlay-gradient":""},"mobile":{"background-color":"var(--ast-global-color-5)","background-image":"","background-repeat":"repeat","background-position":"center center","background-size":"auto","background-attachment":"scroll","background-type":"","background-media":"","overlay-type":"","overlay-color":"","overlay-opacity":"","overlay-gradient":""}},"footnotes":""},"categories":[3,4,5,6,7,1,29],"tags":[],"class_list":["post-1025","post","type-post","status-publish","format-standard","has-post-thumbnail","hentry","category-eso","category-eso-1","category-eso-2","category-eso-3","category-eso-4","category-general","category-portada"],"post_mailing_queue_ids":[],"_links":{"self":[{"href":"https:\/\/agora.xtec.cat\/insvalltenes\/wp-json\/wp\/v2\/posts\/1025","targetHints":{"allow":["GET"]}}],"collection":[{"href":"https:\/\/agora.xtec.cat\/insvalltenes\/wp-json\/wp\/v2\/posts"}],"about":[{"href":"https:\/\/agora.xtec.cat\/insvalltenes\/wp-json\/wp\/v2\/types\/post"}],"author":[{"embeddable":true,"href":"https:\/\/agora.xtec.cat\/insvalltenes\/wp-json\/wp\/v2\/users\/5"}],"replies":[{"embeddable":true,"href":"https:\/\/agora.xtec.cat\/insvalltenes\/wp-json\/wp\/v2\/comments?post=1025"}],"version-history":[{"count":2,"href":"https:\/\/agora.xtec.cat\/insvalltenes\/wp-json\/wp\/v2\/posts\/1025\/revisions"}],"predecessor-version":[{"id":1028,"href":"https:\/\/agora.xtec.cat\/insvalltenes\/wp-json\/wp\/v2\/posts\/1025\/revisions\/1028"}],"wp:featuredmedia":[{"embeddable":true,"href":"https:\/\/agora.xtec.cat\/insvalltenes\/wp-json\/wp\/v2\/media\/1026"}],"wp:attachment":[{"href":"https:\/\/agora.xtec.cat\/insvalltenes\/wp-json\/wp\/v2\/media?parent=1025"}],"wp:term":[{"taxonomy":"category","embeddable":true,"href":"https:\/\/agora.xtec.cat\/insvalltenes\/wp-json\/wp\/v2\/categories?post=1025"},{"taxonomy":"post_tag","embeddable":true,"href":"https:\/\/agora.xtec.cat\/insvalltenes\/wp-json\/wp\/v2\/tags?post=1025"}],"curies":[{"name":"wp","href":"https:\/\/api.w.org\/{rel}","templated":true}]}}