{"id":3498,"date":"2021-12-16T10:10:40","date_gmt":"2021-12-16T09:10:40","guid":{"rendered":"https:\/\/agora.xtec.cat\/instorreforta\/?p=3498"},"modified":"2022-08-09T08:36:12","modified_gmt":"2022-08-09T06:36:12","slug":"proposta-per-decorar-el-teu-arbre-de-nadal","status":"publish","type":"post","link":"https:\/\/agora.xtec.cat\/instorreforta\/general\/revista-agora\/proposta-per-decorar-el-teu-arbre-de-nadal\/","title":{"rendered":"Proposta per decorar el teu arbre de Nadal"},"content":{"rendered":"<p><strong>Arbre de Nadal de bastonets de gelat<\/strong><\/p>\n<p><span style=\"font-weight: 400;\">Si aquestes festes voleu decorar la vostra casa aqu\u00ed us deixem un tutorial de com fer uns petits arbres pel vostre arbre de Nadal.<\/span><\/p>\n<p><b>Materials:<\/b><\/p>\n<ul>\n<li style=\"font-weight: 400;\" aria-level=\"1\"><span style=\"font-weight: 400;\">bastonets de gelat<\/span><\/li>\n<li style=\"font-weight: 400;\" aria-level=\"1\"><span style=\"font-weight: 400;\">boletes, cascavells&#8230;<\/span><\/li>\n<li style=\"font-weight: 400;\" aria-level=\"1\"><span style=\"font-weight: 400;\">paper de colors<\/span><\/li>\n<li style=\"font-weight: 400;\" aria-level=\"1\"><span style=\"font-weight: 400;\">tisores<\/span><\/li>\n<li style=\"font-weight: 400;\" aria-level=\"1\"><span style=\"font-weight: 400;\">cola\/silicona<\/span><\/li>\n<li style=\"font-weight: 400;\" aria-level=\"1\"><span style=\"font-weight: 400;\">fil<\/span><\/li>\n<li style=\"font-weight: 400;\" aria-level=\"1\"><span style=\"font-weight: 400;\">pintures\/retoladors\/colors<\/span><\/li>\n<\/ul>\n<p><b>Passos:<\/b><\/p>\n<ol>\n<li style=\"font-weight: 400;\" aria-level=\"1\"><span style=\"font-weight: 400;\">Primer pintem els pals dels colors, com que vulguem, pot ser multicolor o com us agradi.<\/span><\/li>\n<li style=\"font-weight: 400;\" aria-level=\"1\"><span style=\"font-weight: 400;\">\u00a0Despr\u00e9s enganxem els bastonets en forma de triangle amb silicona.<\/span><\/li>\n<li style=\"font-weight: 400;\" aria-level=\"1\"><span style=\"font-weight: 400;\">Amb els papers de colors fem un quadrat petit que representar\u00e0 de tronc (si \u00e9s de color marr\u00f3 millor) i una estrella al capdamunt, ho enganxem tamb\u00e9 amb silicona.<\/span><span style=\"font-weight: 400;\"><br \/>\n<\/span><\/li>\n<li style=\"font-weight: 400;\" aria-level=\"1\"><span style=\"font-weight: 400;\">Despr\u00e9s d\u2019enganxar-ho tot, decorem els bastonets amb boletes de colors o cascavells o el que m\u00e9s us agradi, com m\u00e9s creativitat millor!<\/span><span style=\"font-weight: 400;\"><br \/>\n<\/span><\/li>\n<li style=\"font-weight: 400;\" aria-level=\"1\"><span style=\"font-weight: 400;\">Finalment, el fil l&#8217;enganxem per la part del darrere, en forma d\u2019anella per poder-lo penjar i ja pots decorar al teu gran arbre de Nadal!!<\/span><span style=\"font-weight: 400;\"><a href=\"https:\/\/agora.xtec.cat\/instorreforta\/wp-content\/uploads\/usu792\/2021\/12\/cljdhhdishf-rotated.jpg\"><br \/>\n<em><img loading=\"lazy\" decoding=\"async\" class=\"size-full wp-image-3499 aligncenter\" src=\"https:\/\/agora.xtec.cat\/instorreforta\/wp-content\/uploads\/usu792\/2021\/12\/cljdhhdishf-rotated.jpg\" alt=\"\" width=\"675\" height=\"450\" srcset=\"https:\/\/agora.xtec.cat\/instorreforta\/wp-content\/uploads\/usu792\/2021\/12\/cljdhhdishf-rotated.jpg 675w, https:\/\/agora.xtec.cat\/instorreforta\/wp-content\/uploads\/usu792\/2021\/12\/cljdhhdishf-300x200.jpg 300w\" sizes=\"auto, (max-width: 675px) 100vw, 675px\" \/><\/em><\/a><em>Proposta de Paula R.<\/em><\/span><\/li>\n<\/ol>\n<p>&nbsp;<\/p>\n","protected":false},"excerpt":{"rendered":"<p>Arbre de Nadal de bastonets de gelat<br \/>\nSi aquestes festes voleu decorar la vostra casa aqu\u00ed us deixem un tutorial de com fer uns petits arbres pel vostre arbre de Nadal.<br \/>\nMaterials:<\/p>\n<ul>\n<li style=\"font-weight: 400;\" aria-level=\"1\">bastonets de gelat<\/li>\n<li style=\"font-weight: 400;\" aria-level=\"1\">boletes, cascavells&#8230;<\/li>\n<li style=\"font-weight: 400;\" aria-level=\"1\">paper de colors<\/li>\n<li style=\"font-weight:&hellip;  <a href=\"https:\/\/agora.xtec.cat\/instorreforta\/general\/revista-agora\/proposta-per-decorar-el-teu-arbre-de-nadal\/\" title=\"Read Proposta per decorar el teu arbre de Nadal\">Llegeix m\u00e9s\u00bb<\/a><br \/>\n","protected":false},"author":1,"featured_media":3499,"comment_status":"open","ping_status":"closed","sticky":false,"template":"","format":"standard","meta":{"_bbp_topic_count":0,"_bbp_reply_count":0,"_bbp_total_topic_count":0,"_bbp_total_reply_count":0,"_bbp_voice_count":0,"_bbp_anonymous_reply_count":0,"_bbp_topic_count_hidden":0,"_bbp_reply_count_hidden":0,"_bbp_forum_subforum_count":0,"footnotes":""},"categories":[290,332,91],"tags":[],"class_list":["post-3498","post","type-post","status-publish","format-standard","has-post-thumbnail","hentry","category-erasmus-2020-2022","category-propostes-creatives","category-revista-agora"],"post_mailing_queue_ids":[],"_links":{"self":[{"href":"https:\/\/agora.xtec.cat\/instorreforta\/wp-json\/wp\/v2\/posts\/3498","targetHints":{"allow":["GET"]}}],"collection":[{"href":"https:\/\/agora.xtec.cat\/instorreforta\/wp-json\/wp\/v2\/posts"}],"about":[{"href":"https:\/\/agora.xtec.cat\/instorreforta\/wp-json\/wp\/v2\/types\/post"}],"author":[{"embeddable":true,"href":"https:\/\/agora.xtec.cat\/instorreforta\/wp-json\/wp\/v2\/users\/1"}],"replies":[{"embeddable":true,"href":"https:\/\/agora.xtec.cat\/instorreforta\/wp-json\/wp\/v2\/comments?post=3498"}],"version-history":[{"count":3,"href":"https:\/\/agora.xtec.cat\/instorreforta\/wp-json\/wp\/v2\/posts\/3498\/revisions"}],"predecessor-version":[{"id":3503,"href":"https:\/\/agora.xtec.cat\/instorreforta\/wp-json\/wp\/v2\/posts\/3498\/revisions\/3503"}],"wp:featuredmedia":[{"embeddable":true,"href":"https:\/\/agora.xtec.cat\/instorreforta\/wp-json\/wp\/v2\/media\/3499"}],"wp:attachment":[{"href":"https:\/\/agora.xtec.cat\/instorreforta\/wp-json\/wp\/v2\/media?parent=3498"}],"wp:term":[{"taxonomy":"category","embeddable":true,"href":"https:\/\/agora.xtec.cat\/instorreforta\/wp-json\/wp\/v2\/categories?post=3498"},{"taxonomy":"post_tag","embeddable":true,"href":"https:\/\/agora.xtec.cat\/instorreforta\/wp-json\/wp\/v2\/tags?post=3498"}],"curies":[{"name":"wp","href":"https:\/\/api.w.org\/{rel}","templated":true}]}}