{"id":5154,"date":"2026-09-04T13:29:11","date_gmt":"2026-09-04T11:29:11","guid":{"rendered":"https:\/\/agora.xtec.cat\/instorrasibages\/?p=5154"},"modified":"2026-09-04T13:31:13","modified_gmt":"2026-09-04T11:31:13","slug":"inici-del-curs-26-27","status":"publish","type":"post","link":"https:\/\/agora.xtec.cat\/instorrasibages\/portada\/inici-del-curs-26-27\/","title":{"rendered":"Inici del curs 26-27"},"content":{"rendered":"<div>Falta molt poc per comen\u00e7ar el nou curs.! Aquest ser\u00e0 l&#8217;horari de la setmana vinent:<\/div>\n<div>\n<div><b>DIMARTS 8:<\/b><\/div>\n<div>&#8211; Rebuda de l&#8217;alumnat de tots els cursos en horari esglaonat.<\/div>\n<div><img loading=\"lazy\" decoding=\"async\" class=\"alignnone size-full wp-image-5155\" src=\"https:\/\/agora.xtec.cat\/instorrasibages\/wp-content\/uploads\/usu1556\/2026\/09\/horari.png\" alt=\"\" width=\"311\" height=\"216\" srcset=\"https:\/\/agora.xtec.cat\/instorrasibages\/wp-content\/uploads\/usu1556\/2026\/09\/horari.png 311w, https:\/\/agora.xtec.cat\/instorrasibages\/wp-content\/uploads\/usu1556\/2026\/09\/horari-300x208.png 300w\" sizes=\"auto, (max-width: 311px) 100vw, 311px\" \/><\/div>\n<div>\n<div>Com hauran vist als mitjans de comunicaci\u00f3, el dia 8 hi ha convocada una vaga de professorat i no sabem quina afectaci\u00f3 tindr\u00e0. Com a cada vaga, es garantiran els serveis m\u00ednims.<\/div>\n<\/div>\n<div><\/div>\n<div>L&#8217;entrada de tot l&#8217;alumnat ser\u00e0 per la porta A (porta camions, propera al carrer Pen\u00edscola) i sortiran per la B (porta principal).<\/div>\n<div>La rebuda durar\u00e0 aproximadament una hora i, en acabar, l&#8217;alumnat marxar\u00e0 a casa.<\/div>\n<div><b>\u00a0<\/b><\/div>\n<div><b>DIMECRES 9<\/b><\/div>\n<div>&#8211; 8:30 h. Inici de les classes de Batxillerat amb el seu horari habitual.<\/div>\n<div>&#8211; 9:00 -11.00 h. Tutories individualitzades amb alumnes i fam\u00edlies. Els tutors enviaran a les fam\u00edlies rebran l&#8217;hora convinguda al correu<\/div>\n<div><b>\u00a0<\/b><\/div>\n<div><b>DIJOUS 10<\/b><\/div>\n<div>&#8211; Marc horari de l&#8217;alumnat de l&#8217;ESO: de 9.30 a 14.00 h. Es faran les proves d&#8217;avaluaci\u00f3 inicial seguint l&#8217;horari habitual del professorat.<\/div>\n<div>&#8211; El marc horari de l&#8217;alumnat de Batxillerat ser\u00e0\u00a0 l&#8217;habitual de 8.30 a 15 h<\/div>\n<div><\/div>\n<div><b>DIVENDRES 11<\/b><\/div>\n<div>Festiu<\/div>\n<\/div>\n<div><\/div>\n","protected":false},"excerpt":{"rendered":"<p>Falta molt poc per comen\u00e7ar el nou curs.! Aquest ser\u00e0 l&#8217;horari de la setmana vinent: DIMARTS 8: &#8211; Rebuda de l&#8217;alumnat de tots els cursos en horari esglaonat. Com hauran vist als mitjans de comunicaci\u00f3, el dia 8 hi ha convocada una vaga de professorat i no sabem quina afectaci\u00f3 tindr\u00e0. Com a cada vaga, [&hellip;]<\/p>\n","protected":false},"author":1,"featured_media":0,"comment_status":"closed","ping_status":"open","sticky":false,"template":"","format":"standard","meta":{"_bbp_topic_count":0,"_bbp_reply_count":0,"_bbp_total_topic_count":0,"_bbp_total_reply_count":0,"_bbp_voice_count":0,"_bbp_anonymous_reply_count":0,"_bbp_topic_count_hidden":0,"_bbp_reply_count_hidden":0,"_bbp_forum_subforum_count":0,"site-sidebar-layout":"default","site-content-layout":"","ast-site-content-layout":"default","site-content-style":"default","site-sidebar-style":"default","ast-global-header-display":"","ast-banner-title-visibility":"","ast-main-header-display":"","ast-hfb-above-header-display":"","ast-hfb-below-header-display":"","ast-hfb-mobile-header-display":"","site-post-title":"","ast-breadcrumbs-content":"","ast-featured-img":"","footer-sml-layout":"","theme-transparent-header-meta":"default","adv-header-id-meta":"","stick-header-meta":"","header-above-stick-meta":"","header-main-stick-meta":"","header-below-stick-meta":"","astra-migrate-meta-layouts":"set","ast-page-background-enabled":"default","ast-page-background-meta":{"desktop":{"background-color":"var(--ast-global-color-4)","background-image":"","background-repeat":"repeat","background-position":"center center","background-size":"auto","background-attachment":"scroll","background-type":"","background-media":"","overlay-type":"","overlay-color":"","overlay-opacity":"","overlay-gradient":""},"tablet":{"background-color":"","background-image":"","background-repeat":"repeat","background-position":"center center","background-size":"auto","background-attachment":"scroll","background-type":"","background-media":"","overlay-type":"","overlay-color":"","overlay-opacity":"","overlay-gradient":""},"mobile":{"background-color":"","background-image":"","background-repeat":"repeat","background-position":"center center","background-size":"auto","background-attachment":"scroll","background-type":"","background-media":"","overlay-type":"","overlay-color":"","overlay-opacity":"","overlay-gradient":""}},"ast-content-background-meta":{"desktop":{"background-color":"var(--ast-global-color-5)","background-image":"","background-repeat":"repeat","background-position":"center center","background-size":"auto","background-attachment":"scroll","background-type":"","background-media":"","overlay-type":"","overlay-color":"","overlay-opacity":"","overlay-gradient":""},"tablet":{"background-color":"var(--ast-global-color-5)","background-image":"","background-repeat":"repeat","background-position":"center center","background-size":"auto","background-attachment":"scroll","background-type":"","background-media":"","overlay-type":"","overlay-color":"","overlay-opacity":"","overlay-gradient":""},"mobile":{"background-color":"var(--ast-global-color-5)","background-image":"","background-repeat":"repeat","background-position":"center center","background-size":"auto","background-attachment":"scroll","background-type":"","background-media":"","overlay-type":"","overlay-color":"","overlay-opacity":"","overlay-gradient":""}},"footnotes":""},"categories":[29],"tags":[],"class_list":["post-5154","post","type-post","status-publish","format-standard","hentry","category-portada"],"post_mailing_queue_ids":[],"_links":{"self":[{"href":"https:\/\/agora.xtec.cat\/instorrasibages\/wp-json\/wp\/v2\/posts\/5154","targetHints":{"allow":["GET"]}}],"collection":[{"href":"https:\/\/agora.xtec.cat\/instorrasibages\/wp-json\/wp\/v2\/posts"}],"about":[{"href":"https:\/\/agora.xtec.cat\/instorrasibages\/wp-json\/wp\/v2\/types\/post"}],"author":[{"embeddable":true,"href":"https:\/\/agora.xtec.cat\/instorrasibages\/wp-json\/wp\/v2\/users\/1"}],"replies":[{"embeddable":true,"href":"https:\/\/agora.xtec.cat\/instorrasibages\/wp-json\/wp\/v2\/comments?post=5154"}],"version-history":[{"count":3,"href":"https:\/\/agora.xtec.cat\/instorrasibages\/wp-json\/wp\/v2\/posts\/5154\/revisions"}],"predecessor-version":[{"id":5158,"href":"https:\/\/agora.xtec.cat\/instorrasibages\/wp-json\/wp\/v2\/posts\/5154\/revisions\/5158"}],"wp:attachment":[{"href":"https:\/\/agora.xtec.cat\/instorrasibages\/wp-json\/wp\/v2\/media?parent=5154"}],"wp:term":[{"taxonomy":"category","embeddable":true,"href":"https:\/\/agora.xtec.cat\/instorrasibages\/wp-json\/wp\/v2\/categories?post=5154"},{"taxonomy":"post_tag","embeddable":true,"href":"https:\/\/agora.xtec.cat\/instorrasibages\/wp-json\/wp\/v2\/tags?post=5154"}],"curies":[{"name":"wp","href":"https:\/\/api.w.org\/{rel}","templated":true}]}}