{"id":97837,"date":"2016-06-09T20:28:21","date_gmt":"2016-06-09T20:28:21","guid":{"rendered":"http:\/\/www.raspall.cat\/?p=3053"},"modified":"2016-06-09T20:28:21","modified_gmt":"2016-06-09T20:28:21","slug":"projecte-de-4t-deso-periodistes-a-la-gran-guerra","status":"publish","type":"post","link":"https:\/\/agora.xtec.cat\/institutraspall\/general\/projecte-de-4t-deso-periodistes-a-la-gran-guerra\/","title":{"rendered":"Projecte de 4t d&#8217;ESO: Periodistes a la Gran Guerra"},"content":{"rendered":"<p>L&#8217;alumnat de 4t d&#8217;ESO van fer un projecte on es van transformar en periodistes de diferents paisos a la 1\u00aa Guerra Mundial. En grups cooperatius es van organitzar en periodistes del 1919 i van estudiar, d&#8217;un punt de vista cr\u00edtic i emp\u00e0tic, els fets que van condicionar la geopol\u00edtica de tot el s.XX i de l&#8217;actualitat.<\/p>\n<p>Us deixem una mostra excel\u00b7lent de la Berta Company, la Sandra Trujillo, el Carlos Lillo i la Marina Mart\u00ed, els nostres periodistes de &#8220;Le Figar\u00f3&#8221; a la Fran\u00e7a de 1919, dirigits per la Merc\u00e8 Oriach. Genia, no trobeu?<\/p>\n<p>En aquests moments (juny) estan treballant el projecte transversal &#8220;Fuga o mort&#8221;, on es treballa el curr\u00edculum de les matem\u00e0tiques, les ci\u00e8ncies socials, lleng\u00fces estrangeres i altres aportacions en el marc de la 2\u00aa Guerra Mundial, ja us n&#8217;informarem!<\/p>\n<p><a href=\"https:\/\/raspall.cat\/wp-content\/uploads\/2016\/06\/Diari-Fran\u00e7a.pdf\" target=\"_blank\" rel=\"noopener\"><img loading=\"lazy\" decoding=\"async\" class=\"alignnone  wp-image-3054\" src=\"https:\/\/agora.xtec.cat\/institutraspall\/wp-content\/uploads\/usu277\/2016\/06\/granguerra.jpg\" alt=\"granguerra\" width=\"295\" height=\"247\" \/><\/a><\/p>\n","protected":false},"excerpt":{"rendered":"<p>L&#8217;alumnat de 4t d&#8217;ESO van fer un projecte on es van transformar en periodistes de diferents paisos a la 1\u00aa Guerra Mundial. En grups cooperatius es van organitzar en periodistes del 1919 i van estudiar, d&#8217;un punt de vista cr\u00edtic i emp\u00e0tic, els fets que van condicionar la geopol\u00edtica de tot el s.XX i de [&hellip;]<\/p>\n","protected":false},"author":1,"featured_media":3054,"comment_status":"open","ping_status":"open","sticky":false,"template":"","format":"standard","meta":{"_bbp_topic_count":0,"_bbp_reply_count":0,"_bbp_total_topic_count":0,"_bbp_total_reply_count":0,"_bbp_voice_count":0,"_bbp_anonymous_reply_count":0,"_bbp_topic_count_hidden":0,"_bbp_reply_count_hidden":0,"_bbp_forum_subforum_count":0,"site-sidebar-layout":"default","site-content-layout":"","ast-site-content-layout":"","site-content-style":"default","site-sidebar-style":"default","ast-global-header-display":"","ast-banner-title-visibility":"","ast-main-header-display":"","ast-hfb-above-header-display":"","ast-hfb-below-header-display":"","ast-hfb-mobile-header-display":"","site-post-title":"","ast-breadcrumbs-content":"","ast-featured-img":"","footer-sml-layout":"","theme-transparent-header-meta":"","adv-header-id-meta":"","stick-header-meta":"","header-above-stick-meta":"","header-main-stick-meta":"","header-below-stick-meta":"","astra-migrate-meta-layouts":"default","ast-page-background-enabled":"default","ast-page-background-meta":{"desktop":{"background-color":"var(--ast-global-color-4)","background-image":"","background-repeat":"repeat","background-position":"center center","background-size":"auto","background-attachment":"scroll","background-type":"","background-media":"","overlay-type":"","overlay-color":"","overlay-opacity":"","overlay-gradient":""},"tablet":{"background-color":"","background-image":"","background-repeat":"repeat","background-position":"center center","background-size":"auto","background-attachment":"scroll","background-type":"","background-media":"","overlay-type":"","overlay-color":"","overlay-opacity":"","overlay-gradient":""},"mobile":{"background-color":"","background-image":"","background-repeat":"repeat","background-position":"center center","background-size":"auto","background-attachment":"scroll","background-type":"","background-media":"","overlay-type":"","overlay-color":"","overlay-opacity":"","overlay-gradient":""}},"ast-content-background-meta":{"desktop":{"background-color":"var(--ast-global-color-5)","background-image":"","background-repeat":"repeat","background-position":"center center","background-size":"auto","background-attachment":"scroll","background-type":"","background-media":"","overlay-type":"","overlay-color":"","overlay-opacity":"","overlay-gradient":""},"tablet":{"background-color":"var(--ast-global-color-5)","background-image":"","background-repeat":"repeat","background-position":"center center","background-size":"auto","background-attachment":"scroll","background-type":"","background-media":"","overlay-type":"","overlay-color":"","overlay-opacity":"","overlay-gradient":""},"mobile":{"background-color":"var(--ast-global-color-5)","background-image":"","background-repeat":"repeat","background-position":"center center","background-size":"auto","background-attachment":"scroll","background-type":"","background-media":"","overlay-type":"","overlay-color":"","overlay-opacity":"","overlay-gradient":""}},"footnotes":""},"categories":[1],"tags":[],"class_list":["post-97837","post","type-post","status-publish","format-standard","has-post-thumbnail","hentry","category-general"],"post_mailing_queue_ids":[],"_links":{"self":[{"href":"https:\/\/agora.xtec.cat\/institutraspall\/wp-json\/wp\/v2\/posts\/97837","targetHints":{"allow":["GET"]}}],"collection":[{"href":"https:\/\/agora.xtec.cat\/institutraspall\/wp-json\/wp\/v2\/posts"}],"about":[{"href":"https:\/\/agora.xtec.cat\/institutraspall\/wp-json\/wp\/v2\/types\/post"}],"author":[{"embeddable":true,"href":"https:\/\/agora.xtec.cat\/institutraspall\/wp-json\/wp\/v2\/users\/1"}],"replies":[{"embeddable":true,"href":"https:\/\/agora.xtec.cat\/institutraspall\/wp-json\/wp\/v2\/comments?post=97837"}],"version-history":[{"count":0,"href":"https:\/\/agora.xtec.cat\/institutraspall\/wp-json\/wp\/v2\/posts\/97837\/revisions"}],"wp:featuredmedia":[{"embeddable":true,"href":"https:\/\/agora.xtec.cat\/institutraspall\/wp-json\/"}],"wp:attachment":[{"href":"https:\/\/agora.xtec.cat\/institutraspall\/wp-json\/wp\/v2\/media?parent=97837"}],"wp:term":[{"taxonomy":"category","embeddable":true,"href":"https:\/\/agora.xtec.cat\/institutraspall\/wp-json\/wp\/v2\/categories?post=97837"},{"taxonomy":"post_tag","embeddable":true,"href":"https:\/\/agora.xtec.cat\/institutraspall\/wp-json\/wp\/v2\/tags?post=97837"}],"curies":[{"name":"wp","href":"https:\/\/api.w.org\/{rel}","templated":true}]}}