{"id":2951,"date":"2016-05-12T10:41:56","date_gmt":"2016-05-12T10:41:56","guid":{"rendered":"http:\/\/www.raspall.cat\/?p=2951"},"modified":"2016-05-12T10:41:56","modified_gmt":"2016-05-12T10:41:56","slug":"gala-benefica-ajudem-en-palash","status":"publish","type":"post","link":"https:\/\/agora.xtec.cat\/institutraspall\/general\/gala-benefica-ajudem-en-palash\/","title":{"rendered":"Gala ben\u00e8fica: &#8220;Ajudem en Palash&#8221;"},"content":{"rendered":"<p>&nbsp;<\/p>\n<p>Us deixem la informaci\u00f3 sobre la Gala Ben\u00e8fica que tindr\u00e0 lloc el proper 29 de maig a les 11 hores al CECUCA. Ser\u00e0 una preciosa gala amb actuacions diverses. Us hi esperem!<\/p>\n<p><a href=\"https:\/\/www.ticketea.com\/entradas-1a-gala-benefica\" target=\"_blank\" rel=\"noopener\">https:\/\/www.ticketea.com\/<wbr \/>entradas-1a-gala-benefica<\/a><a href=\"https:\/\/agora.xtec.cat\/institutraspall\/wp-content\/uploads\/usu277\/2016\/05\/cartell_palash.jpg\">\/<\/a><\/p>\n<p><a href=\"https:\/\/agora.xtec.cat\/institutraspall\/wp-content\/uploads\/usu277\/2016\/05\/cartell_palash.jpg\"><img loading=\"lazy\" decoding=\"async\" class=\"alignnone  wp-image-2952\" src=\"https:\/\/agora.xtec.cat\/institutraspall\/wp-content\/uploads\/usu277\/2016\/05\/cartell_palash-724x1024.jpg\" alt=\"cartell_palash\" width=\"445\" height=\"629\" srcset=\"https:\/\/agora.xtec.cat\/institutraspall\/wp-content\/uploads\/usu277\/2016\/05\/cartell_palash-724x1024.jpg 724w, https:\/\/agora.xtec.cat\/institutraspall\/wp-content\/uploads\/usu277\/2016\/05\/cartell_palash-212x300.jpg 212w, https:\/\/agora.xtec.cat\/institutraspall\/wp-content\/uploads\/usu277\/2016\/05\/cartell_palash-768x1086.jpg 768w, https:\/\/agora.xtec.cat\/institutraspall\/wp-content\/uploads\/usu277\/2016\/05\/cartell_palash-1086x1536.jpg 1086w, https:\/\/agora.xtec.cat\/institutraspall\/wp-content\/uploads\/usu277\/2016\/05\/cartell_palash-1448x2048.jpg 1448w, https:\/\/agora.xtec.cat\/institutraspall\/wp-content\/uploads\/usu277\/2016\/05\/cartell_palash-scaled.jpg 1810w\" sizes=\"auto, (max-width: 445px) 100vw, 445px\" \/><\/a><\/p>\n","protected":false},"excerpt":{"rendered":"<p>&nbsp; Us deixem la informaci\u00f3 sobre la Gala Ben\u00e8fica que tindr\u00e0 lloc el proper 29 de maig a les 11 hores al CECUCA. Ser\u00e0 una preciosa gala amb actuacions diverses. Us hi esperem! https:\/\/www.ticketea.com\/entradas-1a-gala-benefica\/<\/p>\n","protected":false},"author":1,"featured_media":2952,"comment_status":"open","ping_status":"open","sticky":false,"template":"","format":"standard","meta":{"_bbp_topic_count":0,"_bbp_reply_count":0,"_bbp_total_topic_count":0,"_bbp_total_reply_count":0,"_bbp_voice_count":0,"_bbp_anonymous_reply_count":0,"_bbp_topic_count_hidden":0,"_bbp_reply_count_hidden":0,"_bbp_forum_subforum_count":0,"site-sidebar-layout":"default","site-content-layout":"","ast-site-content-layout":"","site-content-style":"default","site-sidebar-style":"default","ast-global-header-display":"","ast-banner-title-visibility":"","ast-main-header-display":"","ast-hfb-above-header-display":"","ast-hfb-below-header-display":"","ast-hfb-mobile-header-display":"","site-post-title":"","ast-breadcrumbs-content":"","ast-featured-img":"","footer-sml-layout":"","theme-transparent-header-meta":"","adv-header-id-meta":"","stick-header-meta":"","header-above-stick-meta":"","header-main-stick-meta":"","header-below-stick-meta":"","astra-migrate-meta-layouts":"default","ast-page-background-enabled":"default","ast-page-background-meta":{"desktop":{"background-color":"var(--ast-global-color-4)","background-image":"","background-repeat":"repeat","background-position":"center center","background-size":"auto","background-attachment":"scroll","background-type":"","background-media":"","overlay-type":"","overlay-color":"","overlay-opacity":"","overlay-gradient":""},"tablet":{"background-color":"","background-image":"","background-repeat":"repeat","background-position":"center center","background-size":"auto","background-attachment":"scroll","background-type":"","background-media":"","overlay-type":"","overlay-color":"","overlay-opacity":"","overlay-gradient":""},"mobile":{"background-color":"","background-image":"","background-repeat":"repeat","background-position":"center center","background-size":"auto","background-attachment":"scroll","background-type":"","background-media":"","overlay-type":"","overlay-color":"","overlay-opacity":"","overlay-gradient":""}},"ast-content-background-meta":{"desktop":{"background-color":"var(--ast-global-color-5)","background-image":"","background-repeat":"repeat","background-position":"center center","background-size":"auto","background-attachment":"scroll","background-type":"","background-media":"","overlay-type":"","overlay-color":"","overlay-opacity":"","overlay-gradient":""},"tablet":{"background-color":"var(--ast-global-color-5)","background-image":"","background-repeat":"repeat","background-position":"center center","background-size":"auto","background-attachment":"scroll","background-type":"","background-media":"","overlay-type":"","overlay-color":"","overlay-opacity":"","overlay-gradient":""},"mobile":{"background-color":"var(--ast-global-color-5)","background-image":"","background-repeat":"repeat","background-position":"center center","background-size":"auto","background-attachment":"scroll","background-type":"","background-media":"","overlay-type":"","overlay-color":"","overlay-opacity":"","overlay-gradient":""}},"footnotes":""},"categories":[1],"tags":[],"class_list":["post-2951","post","type-post","status-publish","format-standard","has-post-thumbnail","hentry","category-general"],"post_mailing_queue_ids":[],"_links":{"self":[{"href":"https:\/\/agora.xtec.cat\/institutraspall\/wp-json\/wp\/v2\/posts\/2951","targetHints":{"allow":["GET"]}}],"collection":[{"href":"https:\/\/agora.xtec.cat\/institutraspall\/wp-json\/wp\/v2\/posts"}],"about":[{"href":"https:\/\/agora.xtec.cat\/institutraspall\/wp-json\/wp\/v2\/types\/post"}],"author":[{"embeddable":true,"href":"https:\/\/agora.xtec.cat\/institutraspall\/wp-json\/wp\/v2\/users\/1"}],"replies":[{"embeddable":true,"href":"https:\/\/agora.xtec.cat\/institutraspall\/wp-json\/wp\/v2\/comments?post=2951"}],"version-history":[{"count":0,"href":"https:\/\/agora.xtec.cat\/institutraspall\/wp-json\/wp\/v2\/posts\/2951\/revisions"}],"wp:featuredmedia":[{"embeddable":true,"href":"https:\/\/agora.xtec.cat\/institutraspall\/wp-json\/wp\/v2\/media\/2952"}],"wp:attachment":[{"href":"https:\/\/agora.xtec.cat\/institutraspall\/wp-json\/wp\/v2\/media?parent=2951"}],"wp:term":[{"taxonomy":"category","embeddable":true,"href":"https:\/\/agora.xtec.cat\/institutraspall\/wp-json\/wp\/v2\/categories?post=2951"},{"taxonomy":"post_tag","embeddable":true,"href":"https:\/\/agora.xtec.cat\/institutraspall\/wp-json\/wp\/v2\/tags?post=2951"}],"curies":[{"name":"wp","href":"https:\/\/api.w.org\/{rel}","templated":true}]}}