{"id":2430,"date":"2016-01-12T23:13:35","date_gmt":"2016-01-12T23:13:35","guid":{"rendered":"http:\/\/www.raspall.cat\/?p=2430"},"modified":"2016-01-12T23:13:35","modified_gmt":"2016-01-12T23:13:35","slug":"delf-scolaire-2016","status":"publish","type":"post","link":"https:\/\/agora.xtec.cat\/institutraspall\/general\/delf-scolaire-2016\/","title":{"rendered":"DELF Scolaire 2016"},"content":{"rendered":"<p><a href=\"https:\/\/agora.xtec.cat\/institutraspall\/wp-content\/uploads\/usu277\/2016\/01\/delf.jpg\"><img loading=\"lazy\" decoding=\"async\" class=\"  wp-image-2431 aligncenter\" src=\"https:\/\/agora.xtec.cat\/institutraspall\/wp-content\/uploads\/usu277\/2016\/01\/delf.jpg\" alt=\"delf\" width=\"180\" height=\"172\" srcset=\"https:\/\/agora.xtec.cat\/institutraspall\/wp-content\/uploads\/usu277\/2016\/01\/delf.jpg 1278w, https:\/\/agora.xtec.cat\/institutraspall\/wp-content\/uploads\/usu277\/2016\/01\/delf-300x286.jpg 300w, https:\/\/agora.xtec.cat\/institutraspall\/wp-content\/uploads\/usu277\/2016\/01\/delf-1024x976.jpg 1024w, https:\/\/agora.xtec.cat\/institutraspall\/wp-content\/uploads\/usu277\/2016\/01\/delf-768x732.jpg 768w\" sizes=\"auto, (max-width: 180px) 100vw, 180px\" \/><\/a><\/p>\n<p><span style=\"font-size: medium;\"><strong><span style=\"font-size: large;\">DELF Scolaire 2016<\/span><\/strong><\/span><\/p>\n<p align=\"JUSTIFY\">Us informem que s&#8217;ha obert la convocat\u00f2ria per realitzar les proves de DELF scolaire, convocades pel Departament d&#8217;Ensenyament per tal que els alumnes que cursen franc\u00e8s en un centre p\u00fablic de secund\u00e0ria o batxillerat puguin optar a tenir una titulaci\u00f3 oficial que acrediti en un futur el seu nivell de domini d&#8217;aquesta llengua.<\/p>\n<p align=\"JUSTIFY\">Per optar a fer aquestes proves cal fer una presinscripci\u00f3 per mitj\u00e0 de l&#8217;institut on estudia l&#8217;alume\/a. Aix\u00ed, doncs, els alumnes que vulguin fer aquest examen han de comunicar-ho a la professora de franc\u00e8s del nostre centre abans de divendres dia 5 de febrer de 2016.<\/p>\n<p align=\"JUSTIFY\">Recordem que el nivell aconsellat \u00e9s el seg\u00fcent:<\/p>\n<table border=\"1\" width=\"454\" cellspacing=\"3\" cellpadding=\"2\">\n<colgroup>\n<col width=\"183\" \/>\n<col width=\"252\" \/> <\/colgroup>\n<tbody>\n<tr>\n<td width=\"183\">Alumnat de 4t d&#8217;ESO<\/td>\n<td width=\"252\">Nivell elemental A2 o independent B1<\/td>\n<\/tr>\n<\/tbody>\n<\/table>\n<p>M\u00e9s informaci\u00f3 fent clic a <strong>aquest enlla\u00e7 <\/strong>: <a href=\"http:\/\/www.delfscolaire.cat\/ca\/delf\/el-delf-escolar-a-catalunya\/60\"><span style=\"font-size: medium;\">http:\/\/www.delfscolaire.cat\/ca\/delf\/el-delf-escolar-a-catalunya\/60<\/span><\/a><\/p>\n<p><strong><span style=\"font-size: small;\">Calendari del DELF scolaire<\/span><\/strong><\/p>\n<ul>\n<li>9 de desembre &#8211; 6 de febrer: preinscripci\u00f3 a les proves DELF escolar<\/li>\n<li>15 de febrer &#8211; 29 de febrer: per\u00edode de matriculaci\u00f3\n<ul>\n<li>Preus de les proves\n<ul>\n<li>A2: 68.00 \u20ac<\/li>\n<li>B1: 88.00 \u20ac<\/li>\n<\/ul>\n<\/li>\n<\/ul>\n<\/li>\n<li>Abril 2015. Ex\u00e0mens segons el calendari seg\u00fcent\n<ul>\n<li>A2: prova escrita &#8211; dijous 21 abril de 17:00 a 18:40h<\/li>\n<li>B1: prova escrita &#8211; dimecres 20 abril de 17:00 a 18:45h<\/li>\n<li>A2 i B1: proves orals &#8211; entre dimecres 20 d\u2019abril fins dijous 15 de maig segons la planificaci\u00f3 establerta pel centre agregat<\/li>\n<\/ul>\n<\/li>\n<\/ul>\n<p>&nbsp;<\/p>\n<h1 class=\"western\"><\/h1>\n<h1 class=\"western\"><\/h1>\n","protected":false},"excerpt":{"rendered":"<p>DELF Scolaire 2016 Us informem que s&#8217;ha obert la convocat\u00f2ria per realitzar les proves de DELF scolaire, convocades pel Departament d&#8217;Ensenyament per tal que els alumnes que cursen franc\u00e8s en un centre p\u00fablic de secund\u00e0ria o batxillerat puguin optar a tenir una titulaci\u00f3 oficial que acrediti en un futur el seu nivell de domini d&#8217;aquesta [&hellip;]<\/p>\n","protected":false},"author":1,"featured_media":2431,"comment_status":"closed","ping_status":"closed","sticky":false,"template":"","format":"standard","meta":{"_bbp_topic_count":0,"_bbp_reply_count":0,"_bbp_total_topic_count":0,"_bbp_total_reply_count":0,"_bbp_voice_count":0,"_bbp_anonymous_reply_count":0,"_bbp_topic_count_hidden":0,"_bbp_reply_count_hidden":0,"_bbp_forum_subforum_count":0,"site-sidebar-layout":"default","site-content-layout":"","ast-site-content-layout":"","site-content-style":"default","site-sidebar-style":"default","ast-global-header-display":"","ast-banner-title-visibility":"","ast-main-header-display":"","ast-hfb-above-header-display":"","ast-hfb-below-header-display":"","ast-hfb-mobile-header-display":"","site-post-title":"","ast-breadcrumbs-content":"","ast-featured-img":"","footer-sml-layout":"","theme-transparent-header-meta":"","adv-header-id-meta":"","stick-header-meta":"","header-above-stick-meta":"","header-main-stick-meta":"","header-below-stick-meta":"","astra-migrate-meta-layouts":"default","ast-page-background-enabled":"default","ast-page-background-meta":{"desktop":{"background-color":"var(--ast-global-color-4)","background-image":"","background-repeat":"repeat","background-position":"center center","background-size":"auto","background-attachment":"scroll","background-type":"","background-media":"","overlay-type":"","overlay-color":"","overlay-opacity":"","overlay-gradient":""},"tablet":{"background-color":"","background-image":"","background-repeat":"repeat","background-position":"center center","background-size":"auto","background-attachment":"scroll","background-type":"","background-media":"","overlay-type":"","overlay-color":"","overlay-opacity":"","overlay-gradient":""},"mobile":{"background-color":"","background-image":"","background-repeat":"repeat","background-position":"center center","background-size":"auto","background-attachment":"scroll","background-type":"","background-media":"","overlay-type":"","overlay-color":"","overlay-opacity":"","overlay-gradient":""}},"ast-content-background-meta":{"desktop":{"background-color":"var(--ast-global-color-5)","background-image":"","background-repeat":"repeat","background-position":"center center","background-size":"auto","background-attachment":"scroll","background-type":"","background-media":"","overlay-type":"","overlay-color":"","overlay-opacity":"","overlay-gradient":""},"tablet":{"background-color":"var(--ast-global-color-5)","background-image":"","background-repeat":"repeat","background-position":"center center","background-size":"auto","background-attachment":"scroll","background-type":"","background-media":"","overlay-type":"","overlay-color":"","overlay-opacity":"","overlay-gradient":""},"mobile":{"background-color":"var(--ast-global-color-5)","background-image":"","background-repeat":"repeat","background-position":"center center","background-size":"auto","background-attachment":"scroll","background-type":"","background-media":"","overlay-type":"","overlay-color":"","overlay-opacity":"","overlay-gradient":""}},"footnotes":""},"categories":[1],"tags":[],"class_list":["post-2430","post","type-post","status-publish","format-standard","has-post-thumbnail","hentry","category-general"],"post_mailing_queue_ids":[],"_links":{"self":[{"href":"https:\/\/agora.xtec.cat\/institutraspall\/wp-json\/wp\/v2\/posts\/2430","targetHints":{"allow":["GET"]}}],"collection":[{"href":"https:\/\/agora.xtec.cat\/institutraspall\/wp-json\/wp\/v2\/posts"}],"about":[{"href":"https:\/\/agora.xtec.cat\/institutraspall\/wp-json\/wp\/v2\/types\/post"}],"author":[{"embeddable":true,"href":"https:\/\/agora.xtec.cat\/institutraspall\/wp-json\/wp\/v2\/users\/1"}],"replies":[{"embeddable":true,"href":"https:\/\/agora.xtec.cat\/institutraspall\/wp-json\/wp\/v2\/comments?post=2430"}],"version-history":[{"count":0,"href":"https:\/\/agora.xtec.cat\/institutraspall\/wp-json\/wp\/v2\/posts\/2430\/revisions"}],"wp:featuredmedia":[{"embeddable":true,"href":"https:\/\/agora.xtec.cat\/institutraspall\/wp-json\/wp\/v2\/media\/2431"}],"wp:attachment":[{"href":"https:\/\/agora.xtec.cat\/institutraspall\/wp-json\/wp\/v2\/media?parent=2430"}],"wp:term":[{"taxonomy":"category","embeddable":true,"href":"https:\/\/agora.xtec.cat\/institutraspall\/wp-json\/wp\/v2\/categories?post=2430"},{"taxonomy":"post_tag","embeddable":true,"href":"https:\/\/agora.xtec.cat\/institutraspall\/wp-json\/wp\/v2\/tags?post=2430"}],"curies":[{"name":"wp","href":"https:\/\/api.w.org\/{rel}","templated":true}]}}