{"id":24180,"date":"2019-11-21T10:20:25","date_gmt":"2019-11-21T08:20:25","guid":{"rendered":"https:\/\/raspall.cat\/?p=24180"},"modified":"2019-11-21T10:20:25","modified_gmt":"2019-11-21T08:20:25","slug":"visita-al-forum-de-les-formacions-a-franca-batxibac","status":"publish","type":"post","link":"https:\/\/agora.xtec.cat\/institutraspall\/general\/visita-al-forum-de-les-formacions-a-franca-batxibac\/","title":{"rendered":"Visita al F\u00f2rum de les Formacions a Fran\u00e7a (Batxibac)"},"content":{"rendered":"<p>Ahir, els nostres alumnes de 2n Batxibac van participar al F\u00f2rum de les Formacions a Fran\u00e7a, al lyc\u00e9e fran\u00e7ais de Barcelona. All\u00e0 van tenir l&#8217;oportunitat d&#8217;informar-se sobre les universitats franceses, els diferents plans d&#8217;estudis, els dobles graus i les gestions necess\u00e0ries per poder cursar els estudis universitaris a Fran\u00e7a a partir del curs vinent, si aix\u00ed ho desitgen. El Batxibac els obre moltes portes! Quines obriran? Ara els toca anar prenent decisions per construir el seu futur, a una banda o l&#8217;altra dels Pirineus. Bon courage!<\/p>\n<p><a href=\"https:\/\/raspall.cat\/visita-al-forum-de-les-formacions-a-franca-batxibac\/whatsapp-image-2019-11-21-at-08-20-54\/\" rel=\"attachment wp-att-24186\"><img loading=\"lazy\" decoding=\"async\" class=\"alignnone size-medium wp-image-24186\" src=\"https:\/\/agora.xtec.cat\/institutraspall\/wp-content\/uploads\/usu277\/2019\/11\/WhatsApp-Image-2019-11-21-at-08.20.54-400x300.jpeg\" alt=\"\" width=\"400\" height=\"300\" \/><\/a> <a href=\"https:\/\/raspall.cat\/visita-al-forum-de-les-formacions-a-franca-batxibac\/whatsapp-image-2019-11-21-at-08-20-38\/\" rel=\"attachment wp-att-24185\"><img loading=\"lazy\" decoding=\"async\" class=\"alignnone size-medium wp-image-24185\" src=\"https:\/\/agora.xtec.cat\/institutraspall\/wp-content\/uploads\/usu277\/2019\/11\/WhatsApp-Image-2019-11-21-at-08.20.38-400x300.jpeg\" alt=\"\" width=\"400\" height=\"300\" \/><\/a> <a href=\"https:\/\/raspall.cat\/visita-al-forum-de-les-formacions-a-franca-batxibac\/whatsapp-image-2019-11-21-at-08-20-38-2\/\" rel=\"attachment wp-att-24184\"><img loading=\"lazy\" decoding=\"async\" class=\"alignnone size-medium wp-image-24184\" src=\"https:\/\/agora.xtec.cat\/institutraspall\/wp-content\/uploads\/usu277\/2019\/11\/WhatsApp-Image-2019-11-21-at-08.20.38-2-400x300.jpeg\" alt=\"\" width=\"400\" height=\"300\" \/><\/a> <a href=\"https:\/\/raspall.cat\/visita-al-forum-de-les-formacions-a-franca-batxibac\/whatsapp-image-2019-11-21-at-08-20-38-1\/\" rel=\"attachment wp-att-24183\"><img loading=\"lazy\" decoding=\"async\" class=\"alignnone size-medium wp-image-24183\" src=\"https:\/\/agora.xtec.cat\/institutraspall\/wp-content\/uploads\/usu277\/2019\/11\/WhatsApp-Image-2019-11-21-at-08.20.38-1-400x300.jpeg\" alt=\"\" width=\"400\" height=\"300\" \/><\/a> <a href=\"https:\/\/raspall.cat\/visita-al-forum-de-les-formacions-a-franca-batxibac\/whatsapp-image-2019-11-21-at-08-20-37\/\" rel=\"attachment wp-att-24182\"><img loading=\"lazy\" decoding=\"async\" class=\"alignnone size-medium wp-image-24182\" src=\"https:\/\/agora.xtec.cat\/institutraspall\/wp-content\/uploads\/usu277\/2019\/11\/WhatsApp-Image-2019-11-21-at-08.20.37-400x300.jpeg\" alt=\"\" width=\"400\" height=\"300\" \/><\/a> <a href=\"https:\/\/raspall.cat\/visita-al-forum-de-les-formacions-a-franca-batxibac\/whatsapp-image-2019-11-21-at-08-20-37-1\/\" rel=\"attachment wp-att-24181\"><img loading=\"lazy\" decoding=\"async\" class=\"alignnone size-medium wp-image-24181\" src=\"https:\/\/agora.xtec.cat\/institutraspall\/wp-content\/uploads\/usu277\/2019\/11\/WhatsApp-Image-2019-11-21-at-08.20.37-1-400x300.jpeg\" alt=\"\" width=\"400\" height=\"300\" \/><\/a><\/p>\n","protected":false},"excerpt":{"rendered":"<p>Ahir, els nostres alumnes de 2n Batxibac van participar al F\u00f2rum de les Formacions a Fran\u00e7a, al lyc\u00e9e fran\u00e7ais de Barcelona. All\u00e0 van tenir l&#8217;oportunitat d&#8217;informar-se sobre les universitats franceses, els diferents plans d&#8217;estudis, els dobles graus i les gestions necess\u00e0ries per poder cursar els estudis universitaris a Fran\u00e7a a partir del curs vinent, si [&hellip;]<\/p>\n","protected":false},"author":1,"featured_media":24184,"comment_status":"closed","ping_status":"open","sticky":false,"template":"","format":"standard","meta":{"_bbp_topic_count":0,"_bbp_reply_count":0,"_bbp_total_topic_count":0,"_bbp_total_reply_count":0,"_bbp_voice_count":0,"_bbp_anonymous_reply_count":0,"_bbp_topic_count_hidden":0,"_bbp_reply_count_hidden":0,"_bbp_forum_subforum_count":0,"site-sidebar-layout":"default","site-content-layout":"","ast-site-content-layout":"","site-content-style":"default","site-sidebar-style":"default","ast-global-header-display":"","ast-banner-title-visibility":"","ast-main-header-display":"","ast-hfb-above-header-display":"","ast-hfb-below-header-display":"","ast-hfb-mobile-header-display":"","site-post-title":"","ast-breadcrumbs-content":"","ast-featured-img":"","footer-sml-layout":"","theme-transparent-header-meta":"","adv-header-id-meta":"","stick-header-meta":"","header-above-stick-meta":"","header-main-stick-meta":"","header-below-stick-meta":"","astra-migrate-meta-layouts":"default","ast-page-background-enabled":"default","ast-page-background-meta":{"desktop":{"background-color":"var(--ast-global-color-4)","background-image":"","background-repeat":"repeat","background-position":"center center","background-size":"auto","background-attachment":"scroll","background-type":"","background-media":"","overlay-type":"","overlay-color":"","overlay-opacity":"","overlay-gradient":""},"tablet":{"background-color":"","background-image":"","background-repeat":"repeat","background-position":"center center","background-size":"auto","background-attachment":"scroll","background-type":"","background-media":"","overlay-type":"","overlay-color":"","overlay-opacity":"","overlay-gradient":""},"mobile":{"background-color":"","background-image":"","background-repeat":"repeat","background-position":"center center","background-size":"auto","background-attachment":"scroll","background-type":"","background-media":"","overlay-type":"","overlay-color":"","overlay-opacity":"","overlay-gradient":""}},"ast-content-background-meta":{"desktop":{"background-color":"var(--ast-global-color-5)","background-image":"","background-repeat":"repeat","background-position":"center center","background-size":"auto","background-attachment":"scroll","background-type":"","background-media":"","overlay-type":"","overlay-color":"","overlay-opacity":"","overlay-gradient":""},"tablet":{"background-color":"var(--ast-global-color-5)","background-image":"","background-repeat":"repeat","background-position":"center center","background-size":"auto","background-attachment":"scroll","background-type":"","background-media":"","overlay-type":"","overlay-color":"","overlay-opacity":"","overlay-gradient":""},"mobile":{"background-color":"var(--ast-global-color-5)","background-image":"","background-repeat":"repeat","background-position":"center center","background-size":"auto","background-attachment":"scroll","background-type":"","background-media":"","overlay-type":"","overlay-color":"","overlay-opacity":"","overlay-gradient":""}},"footnotes":""},"categories":[190,1],"tags":[],"class_list":["post-24180","post","type-post","status-publish","format-standard","has-post-thumbnail","hentry","category-batxibac","category-general"],"post_mailing_queue_ids":[],"_links":{"self":[{"href":"https:\/\/agora.xtec.cat\/institutraspall\/wp-json\/wp\/v2\/posts\/24180","targetHints":{"allow":["GET"]}}],"collection":[{"href":"https:\/\/agora.xtec.cat\/institutraspall\/wp-json\/wp\/v2\/posts"}],"about":[{"href":"https:\/\/agora.xtec.cat\/institutraspall\/wp-json\/wp\/v2\/types\/post"}],"author":[{"embeddable":true,"href":"https:\/\/agora.xtec.cat\/institutraspall\/wp-json\/wp\/v2\/users\/1"}],"replies":[{"embeddable":true,"href":"https:\/\/agora.xtec.cat\/institutraspall\/wp-json\/wp\/v2\/comments?post=24180"}],"version-history":[{"count":0,"href":"https:\/\/agora.xtec.cat\/institutraspall\/wp-json\/wp\/v2\/posts\/24180\/revisions"}],"wp:featuredmedia":[{"embeddable":true,"href":"https:\/\/agora.xtec.cat\/institutraspall\/wp-json\/wp\/v2\/media\/24184"}],"wp:attachment":[{"href":"https:\/\/agora.xtec.cat\/institutraspall\/wp-json\/wp\/v2\/media?parent=24180"}],"wp:term":[{"taxonomy":"category","embeddable":true,"href":"https:\/\/agora.xtec.cat\/institutraspall\/wp-json\/wp\/v2\/categories?post=24180"},{"taxonomy":"post_tag","embeddable":true,"href":"https:\/\/agora.xtec.cat\/institutraspall\/wp-json\/wp\/v2\/tags?post=24180"}],"curies":[{"name":"wp","href":"https:\/\/api.w.org\/{rel}","templated":true}]}}