{"id":2150,"date":"2015-09-10T17:24:20","date_gmt":"2015-09-10T17:24:20","guid":{"rendered":"http:\/\/www.raspall.cat\/?p=2150"},"modified":"2015-09-10T17:24:20","modified_gmt":"2015-09-10T17:24:20","slug":"molt-bon-inici-de-curs","status":"publish","type":"post","link":"https:\/\/agora.xtec.cat\/institutraspall\/general\/molt-bon-inici-de-curs\/","title":{"rendered":"MOLT BON INICI DE CURS!"},"content":{"rendered":"<p>Doncs ja ha arribat el moment. Hem estat treballant de valent durant tots aquests dies per tenir tot a punt: grups, professorat, projectes, horaris, espais, tecnologia, informacions<span class=\"hiddenGrammarError\">,.<\/span>.. nous reptes! Despr\u00e9s de tota la feinada, tot l&#8217;equip de professionals del Raspall us esperem amb especial il\u00b7lusi\u00f3.<\/p>\n<p>Per a l&#8217;alumnat de primer (tant d&#8217;ESO com una bona part de primer de Batxillerat) el repte \u00e9s comen\u00e7ar una nova etapa a un nou centre. Ens hem esfor\u00e7at per a fer-la el m\u00e9s <span class=\"hiddenGrammarError\">planera<\/span> possible i que ben aviat us trobeu com a casa. De ben segur que tothom us ajudar\u00e0 i comprendr\u00e0 amb els vostres dubtes i neguits. Per a primer d&#8217;ESO tindrem una novetat<span class=\"hiddenGrammarError\">,.<\/span>.. per\u00f2 deixarem la sorpresa per a m\u00e9s endavant.<br \/>\nPer a tota la resta el repte \u00e9s continuar el cam\u00ed iniciat amb un curs amb renovades il\u00b7lusions, propostes i objectius. \u00c9s moment de materialitzar-los. Tenim moltes ganes d&#8217;acompanyar-vos en aquest proc\u00e9s.<\/p>\n<p>Fam\u00edlies: com sempre diem, us necessitem per anar de la m\u00e0. Us necessitem per compartir una tasca prou important com l&#8217;educaci\u00f3 dels vostres fills i filles, tal com heu fet fins ara. Acompanyar-los en la descoberta de noves emocions, del seu creixement com a persones \u00faniques, del seu cam\u00ed i futur professional. Tindrem somriures i entrebancs i col\u00b7laborant m\u00fatuament <span class=\"hiddenGrammarError\">ens<\/span> en sortirem amb \u00e8xit. Segur.<\/p>\n<p>El professorat i personal del Raspall tamb\u00e9 hem treballat de valent per assumir nous reptes i projectes que ens fan cr\u00e9ixer com a professionals, amb esfor\u00e7 en uns moments econ\u00f2mics i socials no gaire favorables. Intentem veure-ho com una oportunitat. Ens sentim un equip fort amb empenta i amb la satisfacci\u00f3 de la feina ben feta.<\/p>\n<p>Per tot aix\u00f2 i per m\u00e9s que vindr\u00e0 us\u00a0desitgem un molt bon inici de curs 2015-16.<\/p>\n<p><b><i>\u00c0lex Letosa<\/i><\/b><\/p>\n<p><b><i>Director<\/i><\/b><\/p>\n<p><a href=\"https:\/\/agora.xtec.cat\/institutraspall\/wp-content\/uploads\/usu277\/2015\/09\/IMG_2109-0.jpg\"><img decoding=\"async\" src=\"https:\/\/agora.xtec.cat\/institutraspall\/wp-content\/uploads\/usu277\/2015\/09\/IMG_2109-0.jpg\" alt=\"\" \/><\/a><br \/>\n(<i>Fotografia de part del professorat, exprofessorat i professionals del centre, juny de 2015<\/i>)<\/p>\n","protected":false},"excerpt":{"rendered":"<p>Doncs ja ha arribat el moment. Hem estat treballant de valent durant tots aquests dies per tenir tot a punt: grups, professorat, projectes, horaris, espais, tecnologia, informacions,&#8230; nous reptes! Despr\u00e9s de tota la feinada, tot l&#8217;equip de professionals del Raspall us esperem amb especial il\u00b7lusi\u00f3. Per a l&#8217;alumnat de primer (tant d&#8217;ESO com una bona [&hellip;]<\/p>\n","protected":false},"author":1,"featured_media":2155,"comment_status":"closed","ping_status":"closed","sticky":false,"template":"","format":"standard","meta":{"_bbp_topic_count":0,"_bbp_reply_count":0,"_bbp_total_topic_count":0,"_bbp_total_reply_count":0,"_bbp_voice_count":0,"_bbp_anonymous_reply_count":0,"_bbp_topic_count_hidden":0,"_bbp_reply_count_hidden":0,"_bbp_forum_subforum_count":0,"site-sidebar-layout":"default","site-content-layout":"","ast-site-content-layout":"","site-content-style":"default","site-sidebar-style":"default","ast-global-header-display":"","ast-banner-title-visibility":"","ast-main-header-display":"","ast-hfb-above-header-display":"","ast-hfb-below-header-display":"","ast-hfb-mobile-header-display":"","site-post-title":"","ast-breadcrumbs-content":"","ast-featured-img":"","footer-sml-layout":"","theme-transparent-header-meta":"","adv-header-id-meta":"","stick-header-meta":"","header-above-stick-meta":"","header-main-stick-meta":"","header-below-stick-meta":"","astra-migrate-meta-layouts":"default","ast-page-background-enabled":"default","ast-page-background-meta":{"desktop":{"background-color":"var(--ast-global-color-4)","background-image":"","background-repeat":"repeat","background-position":"center center","background-size":"auto","background-attachment":"scroll","background-type":"","background-media":"","overlay-type":"","overlay-color":"","overlay-opacity":"","overlay-gradient":""},"tablet":{"background-color":"","background-image":"","background-repeat":"repeat","background-position":"center center","background-size":"auto","background-attachment":"scroll","background-type":"","background-media":"","overlay-type":"","overlay-color":"","overlay-opacity":"","overlay-gradient":""},"mobile":{"background-color":"","background-image":"","background-repeat":"repeat","background-position":"center center","background-size":"auto","background-attachment":"scroll","background-type":"","background-media":"","overlay-type":"","overlay-color":"","overlay-opacity":"","overlay-gradient":""}},"ast-content-background-meta":{"desktop":{"background-color":"var(--ast-global-color-5)","background-image":"","background-repeat":"repeat","background-position":"center center","background-size":"auto","background-attachment":"scroll","background-type":"","background-media":"","overlay-type":"","overlay-color":"","overlay-opacity":"","overlay-gradient":""},"tablet":{"background-color":"var(--ast-global-color-5)","background-image":"","background-repeat":"repeat","background-position":"center center","background-size":"auto","background-attachment":"scroll","background-type":"","background-media":"","overlay-type":"","overlay-color":"","overlay-opacity":"","overlay-gradient":""},"mobile":{"background-color":"var(--ast-global-color-5)","background-image":"","background-repeat":"repeat","background-position":"center center","background-size":"auto","background-attachment":"scroll","background-type":"","background-media":"","overlay-type":"","overlay-color":"","overlay-opacity":"","overlay-gradient":""}},"footnotes":""},"categories":[1],"tags":[],"class_list":["post-2150","post","type-post","status-publish","format-standard","has-post-thumbnail","hentry","category-general"],"post_mailing_queue_ids":[],"_links":{"self":[{"href":"https:\/\/agora.xtec.cat\/institutraspall\/wp-json\/wp\/v2\/posts\/2150","targetHints":{"allow":["GET"]}}],"collection":[{"href":"https:\/\/agora.xtec.cat\/institutraspall\/wp-json\/wp\/v2\/posts"}],"about":[{"href":"https:\/\/agora.xtec.cat\/institutraspall\/wp-json\/wp\/v2\/types\/post"}],"author":[{"embeddable":true,"href":"https:\/\/agora.xtec.cat\/institutraspall\/wp-json\/wp\/v2\/users\/1"}],"replies":[{"embeddable":true,"href":"https:\/\/agora.xtec.cat\/institutraspall\/wp-json\/wp\/v2\/comments?post=2150"}],"version-history":[{"count":0,"href":"https:\/\/agora.xtec.cat\/institutraspall\/wp-json\/wp\/v2\/posts\/2150\/revisions"}],"wp:featuredmedia":[{"embeddable":true,"href":"https:\/\/agora.xtec.cat\/institutraspall\/wp-json\/wp\/v2\/media\/2155"}],"wp:attachment":[{"href":"https:\/\/agora.xtec.cat\/institutraspall\/wp-json\/wp\/v2\/media?parent=2150"}],"wp:term":[{"taxonomy":"category","embeddable":true,"href":"https:\/\/agora.xtec.cat\/institutraspall\/wp-json\/wp\/v2\/categories?post=2150"},{"taxonomy":"post_tag","embeddable":true,"href":"https:\/\/agora.xtec.cat\/institutraspall\/wp-json\/wp\/v2\/tags?post=2150"}],"curies":[{"name":"wp","href":"https:\/\/api.w.org\/{rel}","templated":true}]}}