{"id":2128,"date":"2015-09-01T11:52:09","date_gmt":"2015-09-01T11:52:09","guid":{"rendered":"http:\/\/www.raspall.cat\/?p=2128"},"modified":"2015-09-01T11:52:09","modified_gmt":"2015-09-01T11:52:09","slug":"tot-el-que-necessiteu-saber-inici-del-curs-2015-16","status":"publish","type":"post","link":"https:\/\/agora.xtec.cat\/institutraspall\/general\/tot-el-que-necessiteu-saber-inici-del-curs-2015-16\/","title":{"rendered":"Tot el que necessiteu saber (Inici del curs 2015-16)"},"content":{"rendered":"<p>Doncs ja som aqu\u00ed i \u00e9s hora de posar fil a l&#8217;agulla definitivament per a l&#8217;inici d&#8217;aquest nou curs. A continuaci\u00f3 us deixem totes les informacions que necessiteu:<\/p>\n<p><strong>RECUPERACIONS DE SETEMBRE (Novetats a Psicologia i Economia de Batxillerat).<\/strong><\/p>\n<p style=\"text-align: center;\"><a href=\"https:\/\/raspall.cat\/calendari-de-recuperacions-setembre-2015\/\" target=\"_blank\" rel=\"noopener\">Horari i calendari de recuperacions 2 i 3 de setembre<\/a><\/p>\n<p style=\"text-align: center;\"><em><strong>Lliurament de notes de l&#8217;avaluaci\u00f3 extraordin\u00e0ria de setembre: 7 de setembre a les 13 hores<\/strong><\/em><\/p>\n<p>&nbsp;<\/p>\n<p><strong>INFORMACIONS IMPRESCINDIBLES D&#8217;INICI DE CURS<\/strong><\/p>\n<p style=\"text-align: center;\"><a href=\"https:\/\/raspall.cat\/wp-content\/uploads\/2015\/07\/INFORMACI%C3%93-1r-DESO.pdf\">INFORMACI\u00d3 1r D\u2019ESO<\/a><\/p>\n<p style=\"text-align: center;\"><a href=\"https:\/\/raspall.cat\/wp-content\/uploads\/2015\/07\/INFORMACI%C3%93-2n-DESO.pdf\">INFORMACI\u00d3 2n D\u2019ESO<\/a><\/p>\n<p style=\"text-align: center;\"><a href=\"https:\/\/raspall.cat\/wp-content\/uploads\/2015\/07\/INFORMACI%C3%93-3r-DESO.pdf\">INFORMACI\u00d3 3r D\u2019ESO<\/a><\/p>\n<p style=\"text-align: center;\"><a href=\"https:\/\/raspall.cat\/wp-content\/uploads\/2015\/07\/INFORMACI%C3%93-4t-DESO.pdf\">INFORMACI\u00d3 4t D\u2019ESO<\/a><\/p>\n<p style=\"text-align: center;\"><a href=\"https:\/\/raspall.cat\/wp-content\/uploads\/2015\/07\/INFORMACI%C3%93-BATXILLERAT.pdf\">INFORMACI\u00d3 BATXILLERAT<\/a><\/p>\n<p><strong>MATERIALS PER AL CURS 2015-16<\/strong><\/p>\n<p style=\"text-align: center;\"><a href=\"https:\/\/raspall.cat\/wp-content\/uploads\/2015\/09\/MATERIALS-FAM\u00cdLIES-1R-ESO-EDITORIALS-I-LLIC\u00c8NCIES-2015-16.doc\">1r\u00a0d&#8217;ESO MATERIALS\u00a015-16<\/a><\/p>\n<p style=\"text-align: center;\"><a href=\"https:\/\/agora.xtec.cat\/institutraspall\/wp-content\/uploads\/usu277\/2015\/07\/2n-ESO-MATERIALS-15-16.pdf\">2n d&#8217;ESO MATERIALS 15-16<\/a><\/p>\n<p style=\"text-align: center;\"><a href=\"https:\/\/raspall.cat\/wp-content\/uploads\/2015\/07\/MATERIALS-FAM%C3%8DLIES-3-ESO-EDITORIALS-I-LLIC%C3%88NCIES-2015-16.pdf\">3r d&#8217;ESO MATERIALS\u00a015-16<\/a><\/p>\n<p style=\"text-align: center;\"><a href=\"https:\/\/raspall.cat\/wp-content\/uploads\/2015\/07\/MATERIALS-FAM%C3%8DLIES-4-ESO-EDITORIALS-I-LLIC%C3%88NCIES-2014-151.pdf\">4t d&#8217;ESO MATERIALS 15-16<\/a><\/p>\n<p style=\"text-align: center;\"><a href=\"https:\/\/agora.xtec.cat\/institutraspall\/wp-content\/uploads\/usu277\/2015\/07\/Llibres-de-text-Batxillerat-2015-161.pdf\">BATXILLERAT MATERIALS\u00a015-16<\/a><\/p>\n<p style=\"text-align: left;\"><strong>HORARI INICI DE LES CLASSES DIA 14 DE SETEMBRE DE 2015<\/strong><\/p>\n<p style=\"text-align: left;\">El 14 de setembre iniciem les classes amb les presentacions amb l&#8217;equip directiu i les tutories. A continuaci\u00f3 s&#8217;adjunta l&#8217;horari de les presentacions amb l&#8217;equip directiu al gimn\u00e0s i amb els corresponents tutors i tutores. Un cop finalitzades els alumnes podran deixar l&#8217;institut. El dia 15 de setembre comencem la jornada lectiva ordin\u00e0ria.<\/p>\n<p style=\"text-align: center;\"><em>9 h. \u00a0\u00a0\u00a0\u00a0\u00a0\u00a0\u00a0\u00a0\u00a0\u00a0\u00a0\u00a0\u00a0\u00a0\u00a0\u00a0\u00a0\u00a0\u00a0\u00a0 2n ESO<\/em><\/p>\n<p style=\"text-align: center;\"><em>9\u201930 h.\u00a0\u00a0\u00a0\u00a0\u00a0\u00a0\u00a0\u00a0\u00a0\u00a0\u00a0\u00a0\u00a0\u00a0\u00a0 3r d\u2019ESO<\/em><\/p>\n<p style=\"text-align: center;\"><em>10 h. \u00a0\u00a0\u00a0\u00a0\u00a0\u00a0\u00a0\u00a0\u00a0\u00a0\u00a0\u00a0\u00a0\u00a0\u00a0\u00a0\u00a0 4t d\u2019ESO<\/em><\/p>\n<p style=\"text-align: center;\"><em>10:30 h.\u00a0\u00a0\u00a0\u00a0\u00a0\u00a0\u00a0\u00a0\u00a0\u00a0\u00a0\u00a0 Batxillerat<\/em><\/p>\n<p style=\"text-align: center;\"><em>11 h. \u00a0\u00a0\u00a0\u00a0\u00a0\u00a0\u00a0\u00a0\u00a0\u00a0\u00a0\u00a0\u00a0\u00a0\u00a0\u00a0\u00a0 1r d\u2019ESO<\/em><\/p>\n","protected":false},"excerpt":{"rendered":"<p>Doncs ja som aqu\u00ed i \u00e9s hora de posar fil a l&#8217;agulla definitivament per a l&#8217;inici d&#8217;aquest nou curs. A continuaci\u00f3 us deixem totes les informacions que necessiteu: RECUPERACIONS DE SETEMBRE (Novetats a Psicologia i Economia de Batxillerat). Horari i calendari de recuperacions 2 i 3 de setembre Lliurament de notes de l&#8217;avaluaci\u00f3 extraordin\u00e0ria de [&hellip;]<\/p>\n","protected":false},"author":1,"featured_media":2038,"comment_status":"closed","ping_status":"closed","sticky":false,"template":"","format":"standard","meta":{"_bbp_topic_count":0,"_bbp_reply_count":0,"_bbp_total_topic_count":0,"_bbp_total_reply_count":0,"_bbp_voice_count":0,"_bbp_anonymous_reply_count":0,"_bbp_topic_count_hidden":0,"_bbp_reply_count_hidden":0,"_bbp_forum_subforum_count":0,"site-sidebar-layout":"default","site-content-layout":"","ast-site-content-layout":"","site-content-style":"default","site-sidebar-style":"default","ast-global-header-display":"","ast-banner-title-visibility":"","ast-main-header-display":"","ast-hfb-above-header-display":"","ast-hfb-below-header-display":"","ast-hfb-mobile-header-display":"","site-post-title":"","ast-breadcrumbs-content":"","ast-featured-img":"","footer-sml-layout":"","theme-transparent-header-meta":"","adv-header-id-meta":"","stick-header-meta":"","header-above-stick-meta":"","header-main-stick-meta":"","header-below-stick-meta":"","astra-migrate-meta-layouts":"default","ast-page-background-enabled":"default","ast-page-background-meta":{"desktop":{"background-color":"var(--ast-global-color-4)","background-image":"","background-repeat":"repeat","background-position":"center center","background-size":"auto","background-attachment":"scroll","background-type":"","background-media":"","overlay-type":"","overlay-color":"","overlay-opacity":"","overlay-gradient":""},"tablet":{"background-color":"","background-image":"","background-repeat":"repeat","background-position":"center center","background-size":"auto","background-attachment":"scroll","background-type":"","background-media":"","overlay-type":"","overlay-color":"","overlay-opacity":"","overlay-gradient":""},"mobile":{"background-color":"","background-image":"","background-repeat":"repeat","background-position":"center center","background-size":"auto","background-attachment":"scroll","background-type":"","background-media":"","overlay-type":"","overlay-color":"","overlay-opacity":"","overlay-gradient":""}},"ast-content-background-meta":{"desktop":{"background-color":"var(--ast-global-color-5)","background-image":"","background-repeat":"repeat","background-position":"center center","background-size":"auto","background-attachment":"scroll","background-type":"","background-media":"","overlay-type":"","overlay-color":"","overlay-opacity":"","overlay-gradient":""},"tablet":{"background-color":"var(--ast-global-color-5)","background-image":"","background-repeat":"repeat","background-position":"center center","background-size":"auto","background-attachment":"scroll","background-type":"","background-media":"","overlay-type":"","overlay-color":"","overlay-opacity":"","overlay-gradient":""},"mobile":{"background-color":"var(--ast-global-color-5)","background-image":"","background-repeat":"repeat","background-position":"center center","background-size":"auto","background-attachment":"scroll","background-type":"","background-media":"","overlay-type":"","overlay-color":"","overlay-opacity":"","overlay-gradient":""}},"footnotes":""},"categories":[1],"tags":[],"class_list":["post-2128","post","type-post","status-publish","format-standard","has-post-thumbnail","hentry","category-general"],"post_mailing_queue_ids":[],"_links":{"self":[{"href":"https:\/\/agora.xtec.cat\/institutraspall\/wp-json\/wp\/v2\/posts\/2128","targetHints":{"allow":["GET"]}}],"collection":[{"href":"https:\/\/agora.xtec.cat\/institutraspall\/wp-json\/wp\/v2\/posts"}],"about":[{"href":"https:\/\/agora.xtec.cat\/institutraspall\/wp-json\/wp\/v2\/types\/post"}],"author":[{"embeddable":true,"href":"https:\/\/agora.xtec.cat\/institutraspall\/wp-json\/wp\/v2\/users\/1"}],"replies":[{"embeddable":true,"href":"https:\/\/agora.xtec.cat\/institutraspall\/wp-json\/wp\/v2\/comments?post=2128"}],"version-history":[{"count":0,"href":"https:\/\/agora.xtec.cat\/institutraspall\/wp-json\/wp\/v2\/posts\/2128\/revisions"}],"wp:featuredmedia":[{"embeddable":true,"href":"https:\/\/agora.xtec.cat\/institutraspall\/wp-json\/wp\/v2\/media\/2038"}],"wp:attachment":[{"href":"https:\/\/agora.xtec.cat\/institutraspall\/wp-json\/wp\/v2\/media?parent=2128"}],"wp:term":[{"taxonomy":"category","embeddable":true,"href":"https:\/\/agora.xtec.cat\/institutraspall\/wp-json\/wp\/v2\/categories?post=2128"},{"taxonomy":"post_tag","embeddable":true,"href":"https:\/\/agora.xtec.cat\/institutraspall\/wp-json\/wp\/v2\/tags?post=2128"}],"curies":[{"name":"wp","href":"https:\/\/api.w.org\/{rel}","templated":true}]}}