{"id":20425,"date":"2018-11-26T12:19:33","date_gmt":"2018-11-26T10:19:33","guid":{"rendered":"https:\/\/mmktpro.com\/raspall\/?p=20425"},"modified":"2018-11-26T12:19:33","modified_gmt":"2018-11-26T10:19:33","slug":"ampa-assemblea-anual-ordinaria-4-desembre-2018","status":"publish","type":"post","link":"https:\/\/agora.xtec.cat\/institutraspall\/afa\/ampa-assemblea-anual-ordinaria-4-desembre-2018\/","title":{"rendered":"AMPA &#8211; Assemblea Anual Ordin\u00e0ria &#8211; 4 desembre 2018"},"content":{"rendered":"<p><strong>ASSEMBLEA ANUAL ORDIN\u00c0RIA<\/strong><\/p>\n<p>Ens plau convocar-vos a l\u2019Assemblea Anual Ordin\u00e0ria (AGO) de l\u2019AMPA de l\u2019Institut Arquitecte Manuel Raspall de Cardedeu:<\/p>\n<p>Dia: Dimarts 4 de desembre de 2018<br \/>\nHora:19:15h primera convocat\u00f2ria<br \/>\n19:30h segona convocat\u00f2ria<br \/>\nLloc: Biblioteca de l\u2019Institut<\/p>\n<p>ORDRE DEL DIA<\/p>\n<p>1. Examen i aprovaci\u00f3 de l\u2019estat de comptes del curs anterior i del pressupost<br \/>\nanual d\u2019ingressos i despeses del curs present.<br \/>\n2. Renovaci\u00f3 de c\u00e0rrecs: Secretari.<br \/>\n3. Seguiment del curs acad\u00e8mic a l\u2019Institut.<br \/>\n4. Precs i preguntes<\/p>\n<p>&nbsp;<\/p>\n<p>&nbsp;<\/p>\n<hr \/>\n<p>JUNTA AMPA RASPALL<br \/>\n04-12-2018<\/p>\n<p>Us convoco el proper dimarts, 4 de desembre, a les 20h, a l&#8217;institut, a la reuni\u00f3<br \/>\nde junta de l&#8217;Ampa sota el seg\u00fcent:<\/p>\n<p>ORDRE DEL DIA<\/p>\n<p>1. Aprovaci\u00f3 acta anterior<br \/>\n2.- Consell Escolar Municipal (La reforma hor\u00e0ria) 14\/11\/18<br \/>\n3.- Reuni\u00f3 comissi\u00f3 representativa institucional amb inspecci\u00f3(Projecte<br \/>\neducatiu d\u2019Entorn)15\/11\/18<br \/>\n4.-Assemblea General FAPAC 24\/11\/<br \/>\n5.- Precs i preguntes<\/p>\n","protected":false},"excerpt":{"rendered":"<p>ASSEMBLEA ANUAL ORDIN\u00c0RIA Ens plau convocar-vos a l\u2019Assemblea Anual Ordin\u00e0ria (AGO) de l\u2019AMPA de l\u2019Institut Arquitecte Manuel Raspall de Cardedeu: Dia: Dimarts 4 de desembre de 2018 Hora:19:15h primera convocat\u00f2ria 19:30h segona convocat\u00f2ria Lloc: Biblioteca de l\u2019Institut ORDRE DEL DIA 1. Examen i aprovaci\u00f3 de l\u2019estat de comptes del curs anterior i del pressupost anual [&hellip;]<\/p>\n","protected":false},"author":1,"featured_media":20404,"comment_status":"closed","ping_status":"open","sticky":false,"template":"","format":"standard","meta":{"_bbp_topic_count":0,"_bbp_reply_count":0,"_bbp_total_topic_count":0,"_bbp_total_reply_count":0,"_bbp_voice_count":0,"_bbp_anonymous_reply_count":0,"_bbp_topic_count_hidden":0,"_bbp_reply_count_hidden":0,"_bbp_forum_subforum_count":0,"site-sidebar-layout":"default","site-content-layout":"","ast-site-content-layout":"","site-content-style":"default","site-sidebar-style":"default","ast-global-header-display":"","ast-banner-title-visibility":"","ast-main-header-display":"","ast-hfb-above-header-display":"","ast-hfb-below-header-display":"","ast-hfb-mobile-header-display":"","site-post-title":"","ast-breadcrumbs-content":"","ast-featured-img":"","footer-sml-layout":"","theme-transparent-header-meta":"","adv-header-id-meta":"","stick-header-meta":"","header-above-stick-meta":"","header-main-stick-meta":"","header-below-stick-meta":"","astra-migrate-meta-layouts":"default","ast-page-background-enabled":"default","ast-page-background-meta":{"desktop":{"background-color":"var(--ast-global-color-4)","background-image":"","background-repeat":"repeat","background-position":"center center","background-size":"auto","background-attachment":"scroll","background-type":"","background-media":"","overlay-type":"","overlay-color":"","overlay-opacity":"","overlay-gradient":""},"tablet":{"background-color":"","background-image":"","background-repeat":"repeat","background-position":"center center","background-size":"auto","background-attachment":"scroll","background-type":"","background-media":"","overlay-type":"","overlay-color":"","overlay-opacity":"","overlay-gradient":""},"mobile":{"background-color":"","background-image":"","background-repeat":"repeat","background-position":"center center","background-size":"auto","background-attachment":"scroll","background-type":"","background-media":"","overlay-type":"","overlay-color":"","overlay-opacity":"","overlay-gradient":""}},"ast-content-background-meta":{"desktop":{"background-color":"var(--ast-global-color-5)","background-image":"","background-repeat":"repeat","background-position":"center center","background-size":"auto","background-attachment":"scroll","background-type":"","background-media":"","overlay-type":"","overlay-color":"","overlay-opacity":"","overlay-gradient":""},"tablet":{"background-color":"var(--ast-global-color-5)","background-image":"","background-repeat":"repeat","background-position":"center center","background-size":"auto","background-attachment":"scroll","background-type":"","background-media":"","overlay-type":"","overlay-color":"","overlay-opacity":"","overlay-gradient":""},"mobile":{"background-color":"var(--ast-global-color-5)","background-image":"","background-repeat":"repeat","background-position":"center center","background-size":"auto","background-attachment":"scroll","background-type":"","background-media":"","overlay-type":"","overlay-color":"","overlay-opacity":"","overlay-gradient":""}},"footnotes":""},"categories":[213],"tags":[],"class_list":["post-20425","post","type-post","status-publish","format-standard","has-post-thumbnail","hentry","category-afa"],"post_mailing_queue_ids":[],"_links":{"self":[{"href":"https:\/\/agora.xtec.cat\/institutraspall\/wp-json\/wp\/v2\/posts\/20425","targetHints":{"allow":["GET"]}}],"collection":[{"href":"https:\/\/agora.xtec.cat\/institutraspall\/wp-json\/wp\/v2\/posts"}],"about":[{"href":"https:\/\/agora.xtec.cat\/institutraspall\/wp-json\/wp\/v2\/types\/post"}],"author":[{"embeddable":true,"href":"https:\/\/agora.xtec.cat\/institutraspall\/wp-json\/wp\/v2\/users\/1"}],"replies":[{"embeddable":true,"href":"https:\/\/agora.xtec.cat\/institutraspall\/wp-json\/wp\/v2\/comments?post=20425"}],"version-history":[{"count":0,"href":"https:\/\/agora.xtec.cat\/institutraspall\/wp-json\/wp\/v2\/posts\/20425\/revisions"}],"wp:featuredmedia":[{"embeddable":true,"href":"https:\/\/agora.xtec.cat\/institutraspall\/wp-json\/wp\/v2\/media\/20404"}],"wp:attachment":[{"href":"https:\/\/agora.xtec.cat\/institutraspall\/wp-json\/wp\/v2\/media?parent=20425"}],"wp:term":[{"taxonomy":"category","embeddable":true,"href":"https:\/\/agora.xtec.cat\/institutraspall\/wp-json\/wp\/v2\/categories?post=20425"},{"taxonomy":"post_tag","embeddable":true,"href":"https:\/\/agora.xtec.cat\/institutraspall\/wp-json\/wp\/v2\/tags?post=20425"}],"curies":[{"name":"wp","href":"https:\/\/api.w.org\/{rel}","templated":true}]}}