{"id":19558,"date":"2018-05-06T19:14:02","date_gmt":"2018-05-06T19:14:02","guid":{"rendered":"http:\/\/www.raspall.cat\/?p=19558"},"modified":"2018-05-06T19:14:02","modified_gmt":"2018-05-06T19:14:02","slug":"informacio-dels-casals-destiu-a-cardedeu-ja-disponible","status":"publish","type":"post","link":"https:\/\/agora.xtec.cat\/institutraspall\/general\/informacio-dels-casals-destiu-a-cardedeu-ja-disponible\/","title":{"rendered":"Informaci\u00f3 dels Casals d&#8217;Estiu a Cardedeu, ja disponible."},"content":{"rendered":"<p><img loading=\"lazy\" decoding=\"async\" class=\"alignnone  wp-image-19559\" src=\"https:\/\/agora.xtec.cat\/institutraspall\/wp-content\/uploads\/usu277\/2018\/05\/800_2704181107_portadaviulestiu2018.jpg\" alt=\"800_2704181107_portadaviulestiu2018\" width=\"398\" height=\"265\" srcset=\"https:\/\/agora.xtec.cat\/institutraspall\/wp-content\/uploads\/usu277\/2018\/05\/800_2704181107_portadaviulestiu2018.jpg 800w, https:\/\/agora.xtec.cat\/institutraspall\/wp-content\/uploads\/usu277\/2018\/05\/800_2704181107_portadaviulestiu2018-300x200.jpg 300w, https:\/\/agora.xtec.cat\/institutraspall\/wp-content\/uploads\/usu277\/2018\/05\/800_2704181107_portadaviulestiu2018-768x511.jpg 768w\" sizes=\"auto, (max-width: 398px) 100vw, 398px\" \/><\/p>\n<p>Benvolguda comunitat educativa,<\/p>\n<p>Us adjuntem la informaci\u00f3 en refer\u00e8ncia als casals d&#8217;estiu a Cardedeu d&#8217;aquest 2018.<\/p>\n<p>Gr\u00e0cies!<\/p>\n<hr \/>\n<p>&nbsp;<\/p>\n<h3 class=\"noticia_titular\">Viu l&#8217;estiu! Programa d&#8217;activitats Cardedeu 2018<\/h3>\n<div class=\"noticia_intro\">El Pavell\u00f3 i la Fusteria tenen places reservades per alumnat amb diversitat funcional.<\/div>\n<div class=\"noticia_text\">\n<p>Els casals d&#8217;estiu municipals seran enguany inclusius. Com a novetat, els casals del Pavell\u00f3 i la Fusteria acolliran alumnat amb diversitat funcional per donar resposta a fam\u00edlies de Cardedeu amb infants i joves que tenen aquesta necessitat.<\/p>\n<p>Aquesta no \u00e9s la \u00fanica novetat d&#8217;aquest estiu:<\/p>\n<ul>\n<li>El Pavell\u00f3 ofereix una proposta per als m\u00e9s petits, el <em>Casalet<\/em>, per a infants de P3 a P5.<\/li>\n<li>Les propostes del Pavell\u00f3, <em>Un estiu d&#8217;aventura!<\/em>, <em>L&#8217;esport ens mou!<\/em> i <em>+ Esports!<\/em>inclouen activitats aqu\u00e0tiques i esportives al GiM10.<\/li>\n<li>El GiM10 ofereix el <em>Casal Splash <\/em>del 27 d&#8217;agost al 7 de setembre per a nenes i nens de 3 a 12 anys. Propostes municipals:<\/li>\n<\/ul>\n<p>&#8211; Casals d&#8217;estiu al pavell\u00f3: del 25 de juny al 27 de juliol<br \/>\n<strong>Un estiu d&#8217;aventura!<\/strong> (1r a 3r)<br \/>\n<strong>L&#8217;esport ens mou! <\/strong>(4t a 6\u00e8)<br \/>\n<strong>+ Esports! <\/strong>(1r i 2n ESO)<br \/>\n<strong>Casalet<\/strong> (P3 a P5)<br \/>\n<strong>Casal Splash<\/strong> (P3 a 6\u00e8) &#8211; del 27 d&#8217;agost al 7 de setembre- <strong>Casal d&#8217;Estiu Jove&#8217;18<\/strong>: del 2 al 27 de juliol<\/p>\n<p>Places ofertades:<br \/>\nPavell\u00f3: 410 places en total, 4 per NEE i 406 ordin\u00e0ries. El Casal Splash ofereix 50 places ordin\u00e0ries<br \/>\nCasal Estiu Jove: 50 places, 46 ordin\u00e0ries i 4 per NEE<\/p>\n<p>Inscripcions casals d&#8217;estiu del Pavell\u00f3 i Casal d&#8217;Estiu Jove de la Fusteria: del 14 al 18 de maig<br \/>\nInscripcions Casal Splash del GiM10: a partir del 2 de juliol<\/p>\n<p>A m\u00e9s, les AMPA i AFA de les escoles de Cardedeu ofereixen tamb\u00e9 diverses propostes de casal:<\/p>\n<p>&#8211; <strong>AMPA Mil\u00b7lenari<\/strong>: Mirant l&#8217;univers (P3 a P5), Space Oddity (1r a 6\u00e8) i Stage de Dansa (3r a 6\u00e8)<br \/>\nInscripcions: del 23 d&#8217;abril al 3 de maig, alumnat de l&#8217;escola Mil\u00b7lenari. Del 3 al 8 de maig, alumnat d&#8217;altres escoles.<\/p>\n<p>&#8211; <strong>AFA Les Aig\u00fces, AMPA Dolors Gran\u00e9s, AFA Can Manent i AMPA Germans Corbella<\/strong>: Clowny (P3 a P5), Tria el teu estiu! (1r a 6\u00e8)<br \/>\nInscripcions: del 14 al 18 de maig a l&#8217;AFA Les Aig\u00fces<\/p>\n<p>Consulteu la informaci\u00f3 completa a l&#8217;arxiu adjunt del costat d&#8217;aquestes l\u00ednies.<\/p>\n<\/div>\n<hr \/>\n<p>&nbsp;<\/p>\n<div class=\"titol\">Documents<\/div>\n<p><a class=\"document\" href=\"http:\/\/www.cardedeu.cat\/data\/noticies\/documents\/2704181138_viulestiu2018llibret.pdf\"><span class=\"ico\"><img decoding=\"async\" class=\"src\" src=\"http:\/\/www.cardedeu.cat\/public\/imgweb\/ico_pdf.png\" alt=\"PDF\" \/><\/span><span class=\"info\"><span class=\"nom\">Llibret informatiu &#8220;Viu l&#8217;estiu 2018!&#8221;<br \/>\n<\/span><\/span><span class=\"info2\"><span class=\"nom\">pdf &#8211; 1,2Mb<\/span><\/span><\/a><\/p>\n<p><a class=\"document\" href=\"http:\/\/www.cardedeu.cat\/data\/noticies\/documents\/3004180736_inscripcioactiviatsestiumunicipals2018.pdf\"><span class=\"ico\"><img decoding=\"async\" class=\"src\" src=\"http:\/\/www.cardedeu.cat\/public\/imgweb\/ico_pdf.png\" alt=\"PDF\" \/><\/span><span class=\"info\"><span class=\"nom\">Full d&#8217;inscripci\u00f3 a les activiats d&#8217;estiu municipals 2018<br \/>\n<\/span><\/span><span class=\"info2\"><span class=\"nom\">pdf &#8211; 63Kb<\/span><\/span><\/a><\/p>\n","protected":false},"excerpt":{"rendered":"<p>Benvolguda comunitat educativa, Us adjuntem la informaci\u00f3 en refer\u00e8ncia als casals d&#8217;estiu a Cardedeu d&#8217;aquest 2018. Gr\u00e0cies! &nbsp; Viu l&#8217;estiu! Programa d&#8217;activitats Cardedeu 2018 El Pavell\u00f3 i la Fusteria tenen places reservades per alumnat amb diversitat funcional. Els casals d&#8217;estiu municipals seran enguany inclusius. Com a novetat, els casals del Pavell\u00f3 i la Fusteria acolliran [&hellip;]<\/p>\n","protected":false},"author":1,"featured_media":19559,"comment_status":"open","ping_status":"open","sticky":false,"template":"","format":"standard","meta":{"_bbp_topic_count":0,"_bbp_reply_count":0,"_bbp_total_topic_count":0,"_bbp_total_reply_count":0,"_bbp_voice_count":0,"_bbp_anonymous_reply_count":0,"_bbp_topic_count_hidden":0,"_bbp_reply_count_hidden":0,"_bbp_forum_subforum_count":0,"site-sidebar-layout":"default","site-content-layout":"","ast-site-content-layout":"","site-content-style":"default","site-sidebar-style":"default","ast-global-header-display":"","ast-banner-title-visibility":"","ast-main-header-display":"","ast-hfb-above-header-display":"","ast-hfb-below-header-display":"","ast-hfb-mobile-header-display":"","site-post-title":"","ast-breadcrumbs-content":"","ast-featured-img":"","footer-sml-layout":"","theme-transparent-header-meta":"","adv-header-id-meta":"","stick-header-meta":"","header-above-stick-meta":"","header-main-stick-meta":"","header-below-stick-meta":"","astra-migrate-meta-layouts":"default","ast-page-background-enabled":"default","ast-page-background-meta":{"desktop":{"background-color":"var(--ast-global-color-4)","background-image":"","background-repeat":"repeat","background-position":"center center","background-size":"auto","background-attachment":"scroll","background-type":"","background-media":"","overlay-type":"","overlay-color":"","overlay-opacity":"","overlay-gradient":""},"tablet":{"background-color":"","background-image":"","background-repeat":"repeat","background-position":"center center","background-size":"auto","background-attachment":"scroll","background-type":"","background-media":"","overlay-type":"","overlay-color":"","overlay-opacity":"","overlay-gradient":""},"mobile":{"background-color":"","background-image":"","background-repeat":"repeat","background-position":"center center","background-size":"auto","background-attachment":"scroll","background-type":"","background-media":"","overlay-type":"","overlay-color":"","overlay-opacity":"","overlay-gradient":""}},"ast-content-background-meta":{"desktop":{"background-color":"var(--ast-global-color-5)","background-image":"","background-repeat":"repeat","background-position":"center center","background-size":"auto","background-attachment":"scroll","background-type":"","background-media":"","overlay-type":"","overlay-color":"","overlay-opacity":"","overlay-gradient":""},"tablet":{"background-color":"var(--ast-global-color-5)","background-image":"","background-repeat":"repeat","background-position":"center center","background-size":"auto","background-attachment":"scroll","background-type":"","background-media":"","overlay-type":"","overlay-color":"","overlay-opacity":"","overlay-gradient":""},"mobile":{"background-color":"var(--ast-global-color-5)","background-image":"","background-repeat":"repeat","background-position":"center center","background-size":"auto","background-attachment":"scroll","background-type":"","background-media":"","overlay-type":"","overlay-color":"","overlay-opacity":"","overlay-gradient":""}},"footnotes":""},"categories":[1],"tags":[],"class_list":["post-19558","post","type-post","status-publish","format-standard","has-post-thumbnail","hentry","category-general"],"post_mailing_queue_ids":[],"_links":{"self":[{"href":"https:\/\/agora.xtec.cat\/institutraspall\/wp-json\/wp\/v2\/posts\/19558","targetHints":{"allow":["GET"]}}],"collection":[{"href":"https:\/\/agora.xtec.cat\/institutraspall\/wp-json\/wp\/v2\/posts"}],"about":[{"href":"https:\/\/agora.xtec.cat\/institutraspall\/wp-json\/wp\/v2\/types\/post"}],"author":[{"embeddable":true,"href":"https:\/\/agora.xtec.cat\/institutraspall\/wp-json\/wp\/v2\/users\/1"}],"replies":[{"embeddable":true,"href":"https:\/\/agora.xtec.cat\/institutraspall\/wp-json\/wp\/v2\/comments?post=19558"}],"version-history":[{"count":0,"href":"https:\/\/agora.xtec.cat\/institutraspall\/wp-json\/wp\/v2\/posts\/19558\/revisions"}],"wp:featuredmedia":[{"embeddable":true,"href":"https:\/\/agora.xtec.cat\/institutraspall\/wp-json\/wp\/v2\/media\/19559"}],"wp:attachment":[{"href":"https:\/\/agora.xtec.cat\/institutraspall\/wp-json\/wp\/v2\/media?parent=19558"}],"wp:term":[{"taxonomy":"category","embeddable":true,"href":"https:\/\/agora.xtec.cat\/institutraspall\/wp-json\/wp\/v2\/categories?post=19558"},{"taxonomy":"post_tag","embeddable":true,"href":"https:\/\/agora.xtec.cat\/institutraspall\/wp-json\/wp\/v2\/tags?post=19558"}],"curies":[{"name":"wp","href":"https:\/\/api.w.org\/{rel}","templated":true}]}}