{"id":19186,"date":"2017-11-04T20:07:34","date_gmt":"2017-11-04T20:07:34","guid":{"rendered":"http:\/\/www.raspall.cat\/?p=19186"},"modified":"2017-11-04T20:07:34","modified_gmt":"2017-11-04T20:07:34","slug":"visita-de-cardedeu-67","status":"publish","type":"post","link":"https:\/\/agora.xtec.cat\/institutraspall\/general\/visita-de-cardedeu-67\/","title":{"rendered":"Visita de &#8220;Cardedeu 67&#8221;"},"content":{"rendered":"<p>Aquest mat\u00ed hem fet una visita guiada de l\u2019institut amb el grup \u2018Cardedeu 67\u2019. Hem fet la visita al Raspall i posteriorment al Su\u00ed acompanyats tamb\u00e9 per la Graciela Esteban, directora de l\u2019institut ve\u00ed.<\/p>\n<p>Aquest grup s\u00f3n exalumnes del seminari de dominics que va ocupar l\u2019edifici desde la seva construcci\u00f3 l&#8217;any 1952. Al 1967 van comen\u00e7ar el primer de batxillerat elemental amb 11 anys i la majoria el van finalitzar amb 17 anys.<\/p>\n<p>Han vingut\u00a0de tot arreu de l\u2019estat espanyol i ens han regalat un llibre dedicat del seu municipi de proced\u00e8ncia per al fons de biblioteca i per consulta de l\u2019actual alumnat. Han escrit unes precioses dedicat\u00f2ries a cada llibre.<\/p>\n<p>Ha estat tot un regal gaudir de cada hist\u00f2ria i detall que han detallat\u00a0amb molta il\u00b7lusi\u00f3: la sala de professorat i laboratori era un menjador; on ara s\u00f3n les aules de 4t d\u2019ESO eren els dormitoris amb acc\u00e9s a les balconades; al pati nord hi havien pistes esportives i una gran bassa d\u2019aigua pels horts on la majoria reconeixen haver apr\u00e9s a nedar, no hi havia ni una casa i un \u00fanic cam\u00ed de sorra fins a la porta de l\u2019institut; els despatxos de direcci\u00f3 i administraci\u00f3 eren&#8230; la bugaderia! I\u00a0aix\u00ed, un llarg etc\u00e8tera&#8230; No hi ha dubte que estarem en contacte. Us deixem unes fotos de la trobada.<\/p>\n<p>Quan arrelem sabem que les hist\u00f2ries ocultes a cada edifici s\u00f3n un reflex del que tots som ara. Hem pogut descobrir un trosset m\u00e9s del que som.<\/p>\n<p><em>Visitant la biblioteca, on abans estava l&#8217;acc\u00e9s d&#8217;entrada al centre.<\/em><\/p>\n<p><a href=\"https:\/\/agora.xtec.cat\/institutraspall\/wp-content\/uploads\/usu277\/2017\/11\/img_5136-1.jpg\"><img loading=\"lazy\" decoding=\"async\" class=\"alignnone  wp-image-19179\" src=\"https:\/\/agora.xtec.cat\/institutraspall\/wp-content\/uploads\/usu277\/2017\/11\/img_5136-1.jpg\" alt=\"\" width=\"494\" height=\"371\" \/><\/a><\/p>\n<p><em>Moments de l&#8217;entrada a la sala de professorat, antic menjador.<\/em><a href=\"https:\/\/agora.xtec.cat\/institutraspall\/wp-content\/uploads\/usu277\/2017\/11\/img_5135-1.jpg\"><img loading=\"lazy\" decoding=\"async\" class=\"alignnone  wp-image-19178\" src=\"https:\/\/agora.xtec.cat\/institutraspall\/wp-content\/uploads\/usu277\/2017\/11\/img_5135-1.jpg\" alt=\"\" width=\"491\" height=\"369\" \/><\/a><\/p>\n<p><em>Accedint a la Biblioteca i recordant diverses an\u00e8cdotes i reconeixent que els escales de la torre es conserven intactes.<\/em><\/p>\n<p><a href=\"https:\/\/agora.xtec.cat\/institutraspall\/wp-content\/uploads\/usu277\/2017\/11\/img_5138-1.jpg\"><img loading=\"lazy\" decoding=\"async\" class=\"alignnone  wp-image-19183\" src=\"https:\/\/agora.xtec.cat\/institutraspall\/wp-content\/uploads\/usu277\/2017\/11\/img_5138-1.jpg\" alt=\"\" width=\"488\" height=\"366\" \/><\/a><\/p>\n<p><em>A les aules de 4t d&#8217;ESO, on abans hi eren els dormitoris per a l&#8217;alumnat internat.<\/em><\/p>\n<p><a href=\"https:\/\/agora.xtec.cat\/institutraspall\/wp-content\/uploads\/usu277\/2017\/11\/img_5139-1.jpg\"><img loading=\"lazy\" decoding=\"async\" class=\"alignnone  wp-image-19181\" src=\"https:\/\/agora.xtec.cat\/institutraspall\/wp-content\/uploads\/usu277\/2017\/11\/img_5139-1.jpg\" alt=\"\" width=\"488\" height=\"366\" \/><\/a><\/p>\n<p><em>Recordant an\u00e8cdotes, com la difer\u00e8ncies dels estils educatius actuals i els menys &#8220;ortodoxes&#8221; del professorat anterior.<\/em><\/p>\n<p><a href=\"https:\/\/agora.xtec.cat\/institutraspall\/wp-content\/uploads\/usu277\/2017\/11\/img_5140-1.jpg\"><img loading=\"lazy\" decoding=\"async\" class=\"alignnone  wp-image-19182\" src=\"https:\/\/agora.xtec.cat\/institutraspall\/wp-content\/uploads\/usu277\/2017\/11\/img_5140-1.jpg\" alt=\"\" width=\"491\" height=\"368\" \/><\/a><\/p>\n<p><em>La Sala Galileu, dalt la torre i actual aula de m\u00fasica, era l&#8217;espai per jocs i recrear-se una estona i on encara hi \u00e9s el rellotge de la torre. Els marcs de fusta de les finestres s\u00f3n els mateixos que han identificat i recordat els nostres visitants.<\/em><\/p>\n<p><a href=\"https:\/\/agora.xtec.cat\/institutraspall\/wp-content\/uploads\/usu277\/2017\/11\/img_5141-1.jpg\"><img loading=\"lazy\" decoding=\"async\" class=\"alignnone  wp-image-19184\" src=\"https:\/\/agora.xtec.cat\/institutraspall\/wp-content\/uploads\/usu277\/2017\/11\/img_5141-1.jpg\" alt=\"\" width=\"490\" height=\"368\" \/><\/a><\/p>\n<p><em>Fotografia del grup, amb els equips directius del &#8220;Raspall&#8221; i del &#8220;Su\u00ed&#8221;.<\/em><\/p>\n<p><a href=\"https:\/\/agora.xtec.cat\/institutraspall\/wp-content\/uploads\/usu277\/2017\/11\/img_5146-1.jpg\"><img loading=\"lazy\" decoding=\"async\" class=\"alignnone  wp-image-19185\" src=\"https:\/\/agora.xtec.cat\/institutraspall\/wp-content\/uploads\/usu277\/2017\/11\/img_5146-1.jpg\" alt=\"\" width=\"491\" height=\"368\" \/><\/a><\/p>\n<p><em>Detall dels llibres que ens han regalat per al nostre fons de biblioteca, personalment dedicats. Quin regal! Ells tamb\u00e9 s&#8217;han emportat una carta dedicada per a l&#8217;ocasi\u00f3 i un detallet record del centre.<\/em><\/p>\n<p><a href=\"https:\/\/agora.xtec.cat\/institutraspall\/wp-content\/uploads\/usu277\/2017\/11\/img_5147-1.jpg\"><img loading=\"lazy\" decoding=\"async\" class=\"alignnone  wp-image-19177\" src=\"https:\/\/agora.xtec.cat\/institutraspall\/wp-content\/uploads\/usu277\/2017\/11\/img_5147-1.jpg\" alt=\"\" width=\"430\" height=\"573\" \/><\/a><\/p>\n<p>Carta lliurada als assistents.<\/p>\n<p><a href=\"https:\/\/agora.xtec.cat\/institutraspall\/wp-content\/uploads\/usu277\/2017\/11\/img_5149-1.jpg\"><img loading=\"lazy\" decoding=\"async\" class=\"alignnone size-large wp-image-19189\" title=\"\" src=\"https:\/\/agora.xtec.cat\/institutraspall\/wp-content\/uploads\/usu277\/2017\/11\/img_5149-1.jpg\" alt=\"\" width=\"310\" height=\"480\" \/><\/a><\/p>\n","protected":false},"excerpt":{"rendered":"<p>Aquest mat\u00ed hem fet una visita guiada de l\u2019institut amb el grup \u2018Cardedeu 67\u2019. Hem fet la visita al Raspall i posteriorment al Su\u00ed acompanyats tamb\u00e9 per la Graciela Esteban, directora de l\u2019institut ve\u00ed. Aquest grup s\u00f3n exalumnes del seminari de dominics que va ocupar l\u2019edifici desde la seva construcci\u00f3 l&#8217;any 1952. Al 1967 van [&hellip;]<\/p>\n","protected":false},"author":1,"featured_media":19185,"comment_status":"open","ping_status":"open","sticky":false,"template":"","format":"standard","meta":{"_bbp_topic_count":0,"_bbp_reply_count":0,"_bbp_total_topic_count":0,"_bbp_total_reply_count":0,"_bbp_voice_count":0,"_bbp_anonymous_reply_count":0,"_bbp_topic_count_hidden":0,"_bbp_reply_count_hidden":0,"_bbp_forum_subforum_count":0,"site-sidebar-layout":"default","site-content-layout":"","ast-site-content-layout":"","site-content-style":"default","site-sidebar-style":"default","ast-global-header-display":"","ast-banner-title-visibility":"","ast-main-header-display":"","ast-hfb-above-header-display":"","ast-hfb-below-header-display":"","ast-hfb-mobile-header-display":"","site-post-title":"","ast-breadcrumbs-content":"","ast-featured-img":"","footer-sml-layout":"","theme-transparent-header-meta":"","adv-header-id-meta":"","stick-header-meta":"","header-above-stick-meta":"","header-main-stick-meta":"","header-below-stick-meta":"","astra-migrate-meta-layouts":"default","ast-page-background-enabled":"default","ast-page-background-meta":{"desktop":{"background-color":"var(--ast-global-color-4)","background-image":"","background-repeat":"repeat","background-position":"center center","background-size":"auto","background-attachment":"scroll","background-type":"","background-media":"","overlay-type":"","overlay-color":"","overlay-opacity":"","overlay-gradient":""},"tablet":{"background-color":"","background-image":"","background-repeat":"repeat","background-position":"center center","background-size":"auto","background-attachment":"scroll","background-type":"","background-media":"","overlay-type":"","overlay-color":"","overlay-opacity":"","overlay-gradient":""},"mobile":{"background-color":"","background-image":"","background-repeat":"repeat","background-position":"center center","background-size":"auto","background-attachment":"scroll","background-type":"","background-media":"","overlay-type":"","overlay-color":"","overlay-opacity":"","overlay-gradient":""}},"ast-content-background-meta":{"desktop":{"background-color":"var(--ast-global-color-5)","background-image":"","background-repeat":"repeat","background-position":"center center","background-size":"auto","background-attachment":"scroll","background-type":"","background-media":"","overlay-type":"","overlay-color":"","overlay-opacity":"","overlay-gradient":""},"tablet":{"background-color":"var(--ast-global-color-5)","background-image":"","background-repeat":"repeat","background-position":"center center","background-size":"auto","background-attachment":"scroll","background-type":"","background-media":"","overlay-type":"","overlay-color":"","overlay-opacity":"","overlay-gradient":""},"mobile":{"background-color":"var(--ast-global-color-5)","background-image":"","background-repeat":"repeat","background-position":"center center","background-size":"auto","background-attachment":"scroll","background-type":"","background-media":"","overlay-type":"","overlay-color":"","overlay-opacity":"","overlay-gradient":""}},"footnotes":""},"categories":[1],"tags":[],"class_list":["post-19186","post","type-post","status-publish","format-standard","has-post-thumbnail","hentry","category-general"],"post_mailing_queue_ids":[],"_links":{"self":[{"href":"https:\/\/agora.xtec.cat\/institutraspall\/wp-json\/wp\/v2\/posts\/19186","targetHints":{"allow":["GET"]}}],"collection":[{"href":"https:\/\/agora.xtec.cat\/institutraspall\/wp-json\/wp\/v2\/posts"}],"about":[{"href":"https:\/\/agora.xtec.cat\/institutraspall\/wp-json\/wp\/v2\/types\/post"}],"author":[{"embeddable":true,"href":"https:\/\/agora.xtec.cat\/institutraspall\/wp-json\/wp\/v2\/users\/1"}],"replies":[{"embeddable":true,"href":"https:\/\/agora.xtec.cat\/institutraspall\/wp-json\/wp\/v2\/comments?post=19186"}],"version-history":[{"count":0,"href":"https:\/\/agora.xtec.cat\/institutraspall\/wp-json\/wp\/v2\/posts\/19186\/revisions"}],"wp:featuredmedia":[{"embeddable":true,"href":"https:\/\/agora.xtec.cat\/institutraspall\/wp-json\/wp\/v2\/media\/19185"}],"wp:attachment":[{"href":"https:\/\/agora.xtec.cat\/institutraspall\/wp-json\/wp\/v2\/media?parent=19186"}],"wp:term":[{"taxonomy":"category","embeddable":true,"href":"https:\/\/agora.xtec.cat\/institutraspall\/wp-json\/wp\/v2\/categories?post=19186"},{"taxonomy":"post_tag","embeddable":true,"href":"https:\/\/agora.xtec.cat\/institutraspall\/wp-json\/wp\/v2\/tags?post=19186"}],"curies":[{"name":"wp","href":"https:\/\/api.w.org\/{rel}","templated":true}]}}