{"id":19164,"date":"2017-10-26T10:30:22","date_gmt":"2017-10-26T10:30:22","guid":{"rendered":"http:\/\/www.raspall.cat\/?p=19164"},"modified":"2017-10-26T10:30:22","modified_gmt":"2017-10-26T10:30:22","slug":"cardedeu-coeduca-comenca-a-caminar-al-raspall","status":"publish","type":"post","link":"https:\/\/agora.xtec.cat\/institutraspall\/general\/cardedeu-coeduca-comenca-a-caminar-al-raspall\/","title":{"rendered":"Cardedeu Coeduca comen\u00e7a a caminar al Raspall!"},"content":{"rendered":"<p>Fam\u00edlies! El projecte Cardedeu Coeduca ja ha aterrat i comen\u00e7ar a caminar al Raspall \ud83d\ude42<\/p>\n<p>Perqu\u00e8 pugueu anar seguint el que fem, us anirem informant amb breus not\u00edcies a trav\u00e9s de la web!<\/p>\n<p>Dimecres 18 vam fer la primera trobada amb fam\u00edlies, per explicar-vos b\u00e9 el projecte i convidar-vos a participar dels dos propers tallers per fam\u00edlies i de la comissi\u00f3 transversal que crearem a l&#8217;Institut!<\/p>\n<p>Els propers <strong>tallers per a les mares i pares<\/strong> seran els seg\u00fcents:<\/p>\n<ul>\n<li><strong>31 de gener:<\/strong> Com ens impacten els estereotips de g\u00e8nere? Com podem ser nosaltres qui els controlem i no ells a nosaltres, per ser persones m\u00e9s lliures? Claus per al treball personal i amb els nostres fills i filles.<\/li>\n<li><strong>25 d&#8217;abril:<\/strong> Eines per a l&#8217;expressi\u00f3 emocional de noies i nois, trencant barreres i ampliant horitzons.<\/li>\n<\/ul>\n<p>I la <strong>comissi\u00f3 transversal<\/strong>, de la que us convidem a participar a fam\u00edlies, alumnat i professorat, ser\u00e0 un espai on, al llarg de l&#8217;any, diagnosticarem l&#8217;institut des de la perspectiva de g\u00e8nere! Amb l&#8217;objectiu, ni m\u00e9s ni menys, que comen\u00e7ar a transformar-lo el curs que v\u00e9!<\/p>\n<ul>\n<li><strong>La primera trobada ser\u00e0 el 8 de novembre a les 18h!<\/strong><\/li>\n<\/ul>\n<p>&nbsp;<\/p>\n<p>Si teniu qualsevol pregunta o q\u00fcesti\u00f3, podeu escriure&#8217;ns a esberla@esberla.cat, i preguntar per la Mariona i l&#8217;Amat!<\/p>\n<p>Una abra\u00e7ada i ganes de retrobar-vos ben aviat, fam\u00edlies del Raspall!!<\/p>\n","protected":false},"excerpt":{"rendered":"<p>Fam\u00edlies! El projecte Cardedeu Coeduca ja ha aterrat i comen\u00e7ar a caminar al Raspall \ud83d\ude42 Perqu\u00e8 pugueu anar seguint el que fem, us anirem informant amb breus not\u00edcies a trav\u00e9s de la web! Dimecres 18 vam fer la primera trobada amb fam\u00edlies, per explicar-vos b\u00e9 el projecte i convidar-vos a participar dels dos propers tallers [&hellip;]<\/p>\n","protected":false},"author":1,"featured_media":19166,"comment_status":"open","ping_status":"open","sticky":false,"template":"","format":"standard","meta":{"_bbp_topic_count":0,"_bbp_reply_count":0,"_bbp_total_topic_count":0,"_bbp_total_reply_count":0,"_bbp_voice_count":0,"_bbp_anonymous_reply_count":0,"_bbp_topic_count_hidden":0,"_bbp_reply_count_hidden":0,"_bbp_forum_subforum_count":0,"site-sidebar-layout":"default","site-content-layout":"","ast-site-content-layout":"","site-content-style":"default","site-sidebar-style":"default","ast-global-header-display":"","ast-banner-title-visibility":"","ast-main-header-display":"","ast-hfb-above-header-display":"","ast-hfb-below-header-display":"","ast-hfb-mobile-header-display":"","site-post-title":"","ast-breadcrumbs-content":"","ast-featured-img":"","footer-sml-layout":"","theme-transparent-header-meta":"","adv-header-id-meta":"","stick-header-meta":"","header-above-stick-meta":"","header-main-stick-meta":"","header-below-stick-meta":"","astra-migrate-meta-layouts":"default","ast-page-background-enabled":"default","ast-page-background-meta":{"desktop":{"background-color":"var(--ast-global-color-4)","background-image":"","background-repeat":"repeat","background-position":"center center","background-size":"auto","background-attachment":"scroll","background-type":"","background-media":"","overlay-type":"","overlay-color":"","overlay-opacity":"","overlay-gradient":""},"tablet":{"background-color":"","background-image":"","background-repeat":"repeat","background-position":"center center","background-size":"auto","background-attachment":"scroll","background-type":"","background-media":"","overlay-type":"","overlay-color":"","overlay-opacity":"","overlay-gradient":""},"mobile":{"background-color":"","background-image":"","background-repeat":"repeat","background-position":"center center","background-size":"auto","background-attachment":"scroll","background-type":"","background-media":"","overlay-type":"","overlay-color":"","overlay-opacity":"","overlay-gradient":""}},"ast-content-background-meta":{"desktop":{"background-color":"var(--ast-global-color-5)","background-image":"","background-repeat":"repeat","background-position":"center center","background-size":"auto","background-attachment":"scroll","background-type":"","background-media":"","overlay-type":"","overlay-color":"","overlay-opacity":"","overlay-gradient":""},"tablet":{"background-color":"var(--ast-global-color-5)","background-image":"","background-repeat":"repeat","background-position":"center center","background-size":"auto","background-attachment":"scroll","background-type":"","background-media":"","overlay-type":"","overlay-color":"","overlay-opacity":"","overlay-gradient":""},"mobile":{"background-color":"var(--ast-global-color-5)","background-image":"","background-repeat":"repeat","background-position":"center center","background-size":"auto","background-attachment":"scroll","background-type":"","background-media":"","overlay-type":"","overlay-color":"","overlay-opacity":"","overlay-gradient":""}},"footnotes":""},"categories":[1],"tags":[],"class_list":["post-19164","post","type-post","status-publish","format-standard","has-post-thumbnail","hentry","category-general"],"post_mailing_queue_ids":[],"_links":{"self":[{"href":"https:\/\/agora.xtec.cat\/institutraspall\/wp-json\/wp\/v2\/posts\/19164","targetHints":{"allow":["GET"]}}],"collection":[{"href":"https:\/\/agora.xtec.cat\/institutraspall\/wp-json\/wp\/v2\/posts"}],"about":[{"href":"https:\/\/agora.xtec.cat\/institutraspall\/wp-json\/wp\/v2\/types\/post"}],"author":[{"embeddable":true,"href":"https:\/\/agora.xtec.cat\/institutraspall\/wp-json\/wp\/v2\/users\/1"}],"replies":[{"embeddable":true,"href":"https:\/\/agora.xtec.cat\/institutraspall\/wp-json\/wp\/v2\/comments?post=19164"}],"version-history":[{"count":0,"href":"https:\/\/agora.xtec.cat\/institutraspall\/wp-json\/wp\/v2\/posts\/19164\/revisions"}],"wp:featuredmedia":[{"embeddable":true,"href":"https:\/\/agora.xtec.cat\/institutraspall\/wp-json\/wp\/v2\/media\/19166"}],"wp:attachment":[{"href":"https:\/\/agora.xtec.cat\/institutraspall\/wp-json\/wp\/v2\/media?parent=19164"}],"wp:term":[{"taxonomy":"category","embeddable":true,"href":"https:\/\/agora.xtec.cat\/institutraspall\/wp-json\/wp\/v2\/categories?post=19164"},{"taxonomy":"post_tag","embeddable":true,"href":"https:\/\/agora.xtec.cat\/institutraspall\/wp-json\/wp\/v2\/tags?post=19164"}],"curies":[{"name":"wp","href":"https:\/\/api.w.org\/{rel}","templated":true}]}}