{"id":19144,"date":"2017-10-16T09:58:26","date_gmt":"2017-10-16T09:58:26","guid":{"rendered":"http:\/\/www.raspall.cat\/?p=19144"},"modified":"2017-10-16T09:58:26","modified_gmt":"2017-10-16T09:58:26","slug":"coeducacio-presentacio-a-les-families-dimecres-18-10-2017-a-les-18-hores","status":"publish","type":"post","link":"https:\/\/agora.xtec.cat\/institutraspall\/general\/coeducacio-presentacio-a-les-families-dimecres-18-10-2017-a-les-18-hores\/","title":{"rendered":"Coeducaci\u00f3: Presentaci\u00f3 a les fam\u00edlies, dimecres 18-10-2017 a les 18 hores"},"content":{"rendered":"<div class=\"gmail_default\">Bon dia fam\u00edlies,<\/div>\n<div class=\"gmail_default\"><\/div>\n<div class=\"gmail_default\">ens posem en contacte per comunicar-vos que enguany l&#8217;institut participa del programa municipal \u00abCardedeu Coeduca\u00bb. El programa, impulsat per l&#8217;Ajuntament de Cardedeu amb el suport de la Diputaci\u00f3 de Barcelona, \u00e9s un projecte pioner a Catalunya per la seva transversalitat, durada i enfocament.<\/div>\n<div class=\"gmail_default\"><\/div>\n<div class=\"gmail_default\">\u00abCardedeu Coeduca\u00bb pret\u00e9n implementar la coeducaci\u00f3 a tots els centres p\u00fablics de Bressol, Prim\u00e0ria i Secund\u00e0ria, amb l&#8217;objectiu de contribuir a crear una societat m\u00e9s justa, amb menys desigualtats i viol\u00e8ncies, tot desenvolupant la sensibilitat i la consci\u00e8ncia sobre les din\u00e0miques de discriminaci\u00f3 per ra\u00f3 de g\u00e8nere.<\/div>\n<div class=\"gmail_default\"><\/div>\n<div class=\"gmail_default\">En aquest marc, cada centre formar\u00e0 part d&#8217;un proc\u00e9s d&#8217;acompanyament i formaci\u00f3 a tots els seus agents (professorat, fam\u00edlies i alumnat) que durar\u00e0 dos anys i s&#8217;adaptar\u00e0 a les particularitats, potencialitats i necessitats de cada un.<\/div>\n<div><\/div>\n<div>\n<div class=\"gmail_default\">\u200bUs convoquem el<em><strong>\u00a0DIMECRES, 18 d&#8217;octubre, a les 18h<\/strong><\/em> per explicar-vos el programa i les seves accions, aix\u00ed com per recollir les vostres inquietuds!\u200b<\/div>\n<\/div>\n","protected":false},"excerpt":{"rendered":"<p>Bon dia fam\u00edlies, ens posem en contacte per comunicar-vos que enguany l&#8217;institut participa del programa municipal \u00abCardedeu Coeduca\u00bb. El programa, impulsat per l&#8217;Ajuntament de Cardedeu amb el suport de la Diputaci\u00f3 de Barcelona, \u00e9s un projecte pioner a Catalunya per la seva transversalitat, durada i enfocament. \u00abCardedeu Coeduca\u00bb pret\u00e9n implementar la coeducaci\u00f3 a tots els [&hellip;]<\/p>\n","protected":false},"author":1,"featured_media":19112,"comment_status":"open","ping_status":"open","sticky":false,"template":"","format":"standard","meta":{"_bbp_topic_count":0,"_bbp_reply_count":0,"_bbp_total_topic_count":0,"_bbp_total_reply_count":0,"_bbp_voice_count":0,"_bbp_anonymous_reply_count":0,"_bbp_topic_count_hidden":0,"_bbp_reply_count_hidden":0,"_bbp_forum_subforum_count":0,"site-sidebar-layout":"default","site-content-layout":"","ast-site-content-layout":"","site-content-style":"default","site-sidebar-style":"default","ast-global-header-display":"","ast-banner-title-visibility":"","ast-main-header-display":"","ast-hfb-above-header-display":"","ast-hfb-below-header-display":"","ast-hfb-mobile-header-display":"","site-post-title":"","ast-breadcrumbs-content":"","ast-featured-img":"","footer-sml-layout":"","theme-transparent-header-meta":"","adv-header-id-meta":"","stick-header-meta":"","header-above-stick-meta":"","header-main-stick-meta":"","header-below-stick-meta":"","astra-migrate-meta-layouts":"default","ast-page-background-enabled":"default","ast-page-background-meta":{"desktop":{"background-color":"var(--ast-global-color-4)","background-image":"","background-repeat":"repeat","background-position":"center center","background-size":"auto","background-attachment":"scroll","background-type":"","background-media":"","overlay-type":"","overlay-color":"","overlay-opacity":"","overlay-gradient":""},"tablet":{"background-color":"","background-image":"","background-repeat":"repeat","background-position":"center center","background-size":"auto","background-attachment":"scroll","background-type":"","background-media":"","overlay-type":"","overlay-color":"","overlay-opacity":"","overlay-gradient":""},"mobile":{"background-color":"","background-image":"","background-repeat":"repeat","background-position":"center center","background-size":"auto","background-attachment":"scroll","background-type":"","background-media":"","overlay-type":"","overlay-color":"","overlay-opacity":"","overlay-gradient":""}},"ast-content-background-meta":{"desktop":{"background-color":"var(--ast-global-color-5)","background-image":"","background-repeat":"repeat","background-position":"center center","background-size":"auto","background-attachment":"scroll","background-type":"","background-media":"","overlay-type":"","overlay-color":"","overlay-opacity":"","overlay-gradient":""},"tablet":{"background-color":"var(--ast-global-color-5)","background-image":"","background-repeat":"repeat","background-position":"center center","background-size":"auto","background-attachment":"scroll","background-type":"","background-media":"","overlay-type":"","overlay-color":"","overlay-opacity":"","overlay-gradient":""},"mobile":{"background-color":"var(--ast-global-color-5)","background-image":"","background-repeat":"repeat","background-position":"center center","background-size":"auto","background-attachment":"scroll","background-type":"","background-media":"","overlay-type":"","overlay-color":"","overlay-opacity":"","overlay-gradient":""}},"footnotes":""},"categories":[213,1],"tags":[],"class_list":["post-19144","post","type-post","status-publish","format-standard","has-post-thumbnail","hentry","category-afa","category-general"],"post_mailing_queue_ids":[],"_links":{"self":[{"href":"https:\/\/agora.xtec.cat\/institutraspall\/wp-json\/wp\/v2\/posts\/19144","targetHints":{"allow":["GET"]}}],"collection":[{"href":"https:\/\/agora.xtec.cat\/institutraspall\/wp-json\/wp\/v2\/posts"}],"about":[{"href":"https:\/\/agora.xtec.cat\/institutraspall\/wp-json\/wp\/v2\/types\/post"}],"author":[{"embeddable":true,"href":"https:\/\/agora.xtec.cat\/institutraspall\/wp-json\/wp\/v2\/users\/1"}],"replies":[{"embeddable":true,"href":"https:\/\/agora.xtec.cat\/institutraspall\/wp-json\/wp\/v2\/comments?post=19144"}],"version-history":[{"count":0,"href":"https:\/\/agora.xtec.cat\/institutraspall\/wp-json\/wp\/v2\/posts\/19144\/revisions"}],"wp:featuredmedia":[{"embeddable":true,"href":"https:\/\/agora.xtec.cat\/institutraspall\/wp-json\/wp\/v2\/media\/19112"}],"wp:attachment":[{"href":"https:\/\/agora.xtec.cat\/institutraspall\/wp-json\/wp\/v2\/media?parent=19144"}],"wp:term":[{"taxonomy":"category","embeddable":true,"href":"https:\/\/agora.xtec.cat\/institutraspall\/wp-json\/wp\/v2\/categories?post=19144"},{"taxonomy":"post_tag","embeddable":true,"href":"https:\/\/agora.xtec.cat\/institutraspall\/wp-json\/wp\/v2\/tags?post=19144"}],"curies":[{"name":"wp","href":"https:\/\/api.w.org\/{rel}","templated":true}]}}