{"id":19073,"date":"2017-09-12T05:55:08","date_gmt":"2017-09-12T05:55:08","guid":{"rendered":"http:\/\/www.raspall.cat\/?p=19073"},"modified":"2017-09-12T05:55:08","modified_gmt":"2017-09-12T05:55:08","slug":"dimarts-13-de-setembre-de-2017-comencem","status":"publish","type":"post","link":"https:\/\/agora.xtec.cat\/institutraspall\/general\/dimarts-13-de-setembre-de-2017-comencem\/","title":{"rendered":"Dimecres, 13 de setembre de 2017. Comencem!!!"},"content":{"rendered":"<p>Benvolguts i benvolgudes,<\/p>\n<p>ara ja comencem amb totes les conseq\u00fc\u00e8ncies. Dem\u00e0 ens retrobarem amb noves il\u00b7lusions i reptes. Per tal de fer-ho amb totes les garanties, iniciarem les classes de manera esglaonada. Tindrem temps de saludar-nos, retrobar-nos, presentar-nos,\u2026 abans de comen\u00e7ar les classes regulars.<\/p>\n<p>Tal i com es va informar al juliol i aquest mateix setembre, us recordem el calendari d\u2019inici esglaonat de les classes per a dimecres, dia<strong> 13 de setembre de 2017<\/strong>:<\/p>\n<p style=\"text-align: center;\"><strong>9 hores: 1r d&#8217;ESO<\/strong><\/p>\n<p style=\"text-align: center;\"><strong>9:30 hores: 2n d&#8217;ESO<\/strong><\/p>\n<p style=\"text-align: center;\"><strong>10 hores: 3r d&#8217;ESO<\/strong><\/p>\n<p style=\"text-align: center;\"><strong>10:30 hores: 4t d&#8217;ESO<\/strong><\/p>\n<p style=\"text-align: center;\"><strong>11 hores: Batxillerat<\/strong><\/p>\n<p>Un cop finalitzades les presentacions, finalitzarem les activitats del dia. Dijous, <strong>14 de setembre,<\/strong> ja comen\u00e7arem amb l&#8217;inici amb horari ordinari (de 8 a 14:30 hores).<\/p>\n<p>Podeu consultar tota la informaci\u00f3 i calendari a <a href=\"https:\/\/raspall.cat\/agenda\" target=\"_blank\" rel=\"noopener\">www.raspall.cat\/agenda<\/a><\/p>\n<p>\u00c0nims a tothom i us hi esperem!!<\/p>\n<p>&nbsp;<\/p>\n<p>L&#8217;equip del Raspall.<\/p>\n","protected":false},"excerpt":{"rendered":"<p>Benvolguts i benvolgudes, ara ja comencem amb totes les conseq\u00fc\u00e8ncies. Dem\u00e0 ens retrobarem amb noves il\u00b7lusions i reptes. Per tal de fer-ho amb totes les garanties, iniciarem les classes de manera esglaonada. Tindrem temps de saludar-nos, retrobar-nos, presentar-nos,\u2026 abans de comen\u00e7ar les classes regulars. Tal i com es va informar al juliol i aquest mateix [&hellip;]<\/p>\n","protected":false},"author":1,"featured_media":19002,"comment_status":"open","ping_status":"open","sticky":false,"template":"","format":"standard","meta":{"_bbp_topic_count":0,"_bbp_reply_count":0,"_bbp_total_topic_count":0,"_bbp_total_reply_count":0,"_bbp_voice_count":0,"_bbp_anonymous_reply_count":0,"_bbp_topic_count_hidden":0,"_bbp_reply_count_hidden":0,"_bbp_forum_subforum_count":0,"site-sidebar-layout":"default","site-content-layout":"","ast-site-content-layout":"","site-content-style":"default","site-sidebar-style":"default","ast-global-header-display":"","ast-banner-title-visibility":"","ast-main-header-display":"","ast-hfb-above-header-display":"","ast-hfb-below-header-display":"","ast-hfb-mobile-header-display":"","site-post-title":"","ast-breadcrumbs-content":"","ast-featured-img":"","footer-sml-layout":"","theme-transparent-header-meta":"","adv-header-id-meta":"","stick-header-meta":"","header-above-stick-meta":"","header-main-stick-meta":"","header-below-stick-meta":"","astra-migrate-meta-layouts":"default","ast-page-background-enabled":"default","ast-page-background-meta":{"desktop":{"background-color":"var(--ast-global-color-4)","background-image":"","background-repeat":"repeat","background-position":"center center","background-size":"auto","background-attachment":"scroll","background-type":"","background-media":"","overlay-type":"","overlay-color":"","overlay-opacity":"","overlay-gradient":""},"tablet":{"background-color":"","background-image":"","background-repeat":"repeat","background-position":"center center","background-size":"auto","background-attachment":"scroll","background-type":"","background-media":"","overlay-type":"","overlay-color":"","overlay-opacity":"","overlay-gradient":""},"mobile":{"background-color":"","background-image":"","background-repeat":"repeat","background-position":"center center","background-size":"auto","background-attachment":"scroll","background-type":"","background-media":"","overlay-type":"","overlay-color":"","overlay-opacity":"","overlay-gradient":""}},"ast-content-background-meta":{"desktop":{"background-color":"var(--ast-global-color-5)","background-image":"","background-repeat":"repeat","background-position":"center center","background-size":"auto","background-attachment":"scroll","background-type":"","background-media":"","overlay-type":"","overlay-color":"","overlay-opacity":"","overlay-gradient":""},"tablet":{"background-color":"var(--ast-global-color-5)","background-image":"","background-repeat":"repeat","background-position":"center center","background-size":"auto","background-attachment":"scroll","background-type":"","background-media":"","overlay-type":"","overlay-color":"","overlay-opacity":"","overlay-gradient":""},"mobile":{"background-color":"var(--ast-global-color-5)","background-image":"","background-repeat":"repeat","background-position":"center center","background-size":"auto","background-attachment":"scroll","background-type":"","background-media":"","overlay-type":"","overlay-color":"","overlay-opacity":"","overlay-gradient":""}},"footnotes":""},"categories":[1],"tags":[],"class_list":["post-19073","post","type-post","status-publish","format-standard","has-post-thumbnail","hentry","category-general"],"post_mailing_queue_ids":[],"_links":{"self":[{"href":"https:\/\/agora.xtec.cat\/institutraspall\/wp-json\/wp\/v2\/posts\/19073","targetHints":{"allow":["GET"]}}],"collection":[{"href":"https:\/\/agora.xtec.cat\/institutraspall\/wp-json\/wp\/v2\/posts"}],"about":[{"href":"https:\/\/agora.xtec.cat\/institutraspall\/wp-json\/wp\/v2\/types\/post"}],"author":[{"embeddable":true,"href":"https:\/\/agora.xtec.cat\/institutraspall\/wp-json\/wp\/v2\/users\/1"}],"replies":[{"embeddable":true,"href":"https:\/\/agora.xtec.cat\/institutraspall\/wp-json\/wp\/v2\/comments?post=19073"}],"version-history":[{"count":0,"href":"https:\/\/agora.xtec.cat\/institutraspall\/wp-json\/wp\/v2\/posts\/19073\/revisions"}],"wp:featuredmedia":[{"embeddable":true,"href":"https:\/\/agora.xtec.cat\/institutraspall\/wp-json\/wp\/v2\/media\/19002"}],"wp:attachment":[{"href":"https:\/\/agora.xtec.cat\/institutraspall\/wp-json\/wp\/v2\/media?parent=19073"}],"wp:term":[{"taxonomy":"category","embeddable":true,"href":"https:\/\/agora.xtec.cat\/institutraspall\/wp-json\/wp\/v2\/categories?post=19073"},{"taxonomy":"post_tag","embeddable":true,"href":"https:\/\/agora.xtec.cat\/institutraspall\/wp-json\/wp\/v2\/tags?post=19073"}],"curies":[{"name":"wp","href":"https:\/\/api.w.org\/{rel}","templated":true}]}}