{"id":19067,"date":"2017-09-04T09:25:58","date_gmt":"2017-09-04T09:25:58","guid":{"rendered":"http:\/\/www.raspall.cat\/?p=19067"},"modified":"2017-09-04T09:25:58","modified_gmt":"2017-09-04T09:25:58","slug":"reunio-informativa-1r-deso-6-9-2017-a-les-18-hores","status":"publish","type":"post","link":"https:\/\/agora.xtec.cat\/institutraspall\/general\/reunio-informativa-1r-deso-6-9-2017-a-les-18-hores\/","title":{"rendered":"Reuni\u00f3 informativa 1r d&#8217;ESO (6-9-2017 a les 18 hores)"},"content":{"rendered":"<div class=\"gmail_default\">Benvolgudes fam\u00edlies de 1r d&#8217;ESO:<\/div>\n<div class=\"gmail_default\"><\/div>\n<div class=\"gmail_default\">Doncs ja som al setembre i amb moltes ganes d&#8217;iniciar aquesta nova etapa amb tots vosaltres.<\/div>\n<div class=\"gmail_default\"><\/div>\n<div class=\"gmail_default\">Aquest dimecres, dia\u00a0<b>6 de setembre, a les 18 hores<\/b>, ens trobarem a l&#8217;institut per a con\u00e8ixer-nos abans d&#8217;aquest inici de curs.<\/div>\n<div class=\"gmail_default\"><\/div>\n<div class=\"gmail_default\">Ens trobarem al gimn\u00e0s del centre totes 90 fam\u00edlies i us farem arribar les informacions generals de centre. Despr\u00e9s, podreu anar amb el vostre tutor\/a a l&#8217;aula, on tractareu informacions m\u00e9s aplicades del dia a dia i consultar els dubtes que necessiteu.<\/div>\n<div class=\"gmail_default\"><\/div>\n<div class=\"gmail_default\">El dia 13 comen\u00e7arem amb les presentacions amb els vostres fills i filles a les 9 hores (fins a les 11 aproximadament). El dia 14 ja comen\u00e7arem les classes amb l&#8217;horari ordinari.<\/div>\n<div class=\"gmail_default\"><\/div>\n<div class=\"gmail_default\">Moltes gr\u00e0cies per la vostra confian\u00e7a i ens veiem dimecres!<\/div>\n<div class=\"gmail_default\"><\/div>\n<div class=\"gmail_default\"><\/div>\n<div class=\"m_-778382079383610519gmail_signature\" data-smartmail=\"gmail_signature\">\n<div dir=\"ltr\">\n<div class=\"gmail_default\"><b>\u200bL&#8217;equip del Raspall\u200b<\/b><\/div>\n<\/div>\n<\/div>\n","protected":false},"excerpt":{"rendered":"<p>Benvolgudes fam\u00edlies de 1r d&#8217;ESO: Doncs ja som al setembre i amb moltes ganes d&#8217;iniciar aquesta nova etapa amb tots vosaltres. Aquest dimecres, dia\u00a06 de setembre, a les 18 hores, ens trobarem a l&#8217;institut per a con\u00e8ixer-nos abans d&#8217;aquest inici de curs. Ens trobarem al gimn\u00e0s del centre totes 90 fam\u00edlies i us farem arribar [&hellip;]<\/p>\n","protected":false},"author":1,"featured_media":19002,"comment_status":"open","ping_status":"open","sticky":false,"template":"","format":"standard","meta":{"_bbp_topic_count":0,"_bbp_reply_count":0,"_bbp_total_topic_count":0,"_bbp_total_reply_count":0,"_bbp_voice_count":0,"_bbp_anonymous_reply_count":0,"_bbp_topic_count_hidden":0,"_bbp_reply_count_hidden":0,"_bbp_forum_subforum_count":0,"site-sidebar-layout":"default","site-content-layout":"","ast-site-content-layout":"","site-content-style":"default","site-sidebar-style":"default","ast-global-header-display":"","ast-banner-title-visibility":"","ast-main-header-display":"","ast-hfb-above-header-display":"","ast-hfb-below-header-display":"","ast-hfb-mobile-header-display":"","site-post-title":"","ast-breadcrumbs-content":"","ast-featured-img":"","footer-sml-layout":"","theme-transparent-header-meta":"","adv-header-id-meta":"","stick-header-meta":"","header-above-stick-meta":"","header-main-stick-meta":"","header-below-stick-meta":"","astra-migrate-meta-layouts":"default","ast-page-background-enabled":"default","ast-page-background-meta":{"desktop":{"background-color":"var(--ast-global-color-4)","background-image":"","background-repeat":"repeat","background-position":"center center","background-size":"auto","background-attachment":"scroll","background-type":"","background-media":"","overlay-type":"","overlay-color":"","overlay-opacity":"","overlay-gradient":""},"tablet":{"background-color":"","background-image":"","background-repeat":"repeat","background-position":"center center","background-size":"auto","background-attachment":"scroll","background-type":"","background-media":"","overlay-type":"","overlay-color":"","overlay-opacity":"","overlay-gradient":""},"mobile":{"background-color":"","background-image":"","background-repeat":"repeat","background-position":"center center","background-size":"auto","background-attachment":"scroll","background-type":"","background-media":"","overlay-type":"","overlay-color":"","overlay-opacity":"","overlay-gradient":""}},"ast-content-background-meta":{"desktop":{"background-color":"var(--ast-global-color-5)","background-image":"","background-repeat":"repeat","background-position":"center center","background-size":"auto","background-attachment":"scroll","background-type":"","background-media":"","overlay-type":"","overlay-color":"","overlay-opacity":"","overlay-gradient":""},"tablet":{"background-color":"var(--ast-global-color-5)","background-image":"","background-repeat":"repeat","background-position":"center center","background-size":"auto","background-attachment":"scroll","background-type":"","background-media":"","overlay-type":"","overlay-color":"","overlay-opacity":"","overlay-gradient":""},"mobile":{"background-color":"var(--ast-global-color-5)","background-image":"","background-repeat":"repeat","background-position":"center center","background-size":"auto","background-attachment":"scroll","background-type":"","background-media":"","overlay-type":"","overlay-color":"","overlay-opacity":"","overlay-gradient":""}},"footnotes":""},"categories":[1],"tags":[],"class_list":["post-19067","post","type-post","status-publish","format-standard","has-post-thumbnail","hentry","category-general"],"post_mailing_queue_ids":[],"_links":{"self":[{"href":"https:\/\/agora.xtec.cat\/institutraspall\/wp-json\/wp\/v2\/posts\/19067","targetHints":{"allow":["GET"]}}],"collection":[{"href":"https:\/\/agora.xtec.cat\/institutraspall\/wp-json\/wp\/v2\/posts"}],"about":[{"href":"https:\/\/agora.xtec.cat\/institutraspall\/wp-json\/wp\/v2\/types\/post"}],"author":[{"embeddable":true,"href":"https:\/\/agora.xtec.cat\/institutraspall\/wp-json\/wp\/v2\/users\/1"}],"replies":[{"embeddable":true,"href":"https:\/\/agora.xtec.cat\/institutraspall\/wp-json\/wp\/v2\/comments?post=19067"}],"version-history":[{"count":0,"href":"https:\/\/agora.xtec.cat\/institutraspall\/wp-json\/wp\/v2\/posts\/19067\/revisions"}],"wp:featuredmedia":[{"embeddable":true,"href":"https:\/\/agora.xtec.cat\/institutraspall\/wp-json\/wp\/v2\/media\/19002"}],"wp:attachment":[{"href":"https:\/\/agora.xtec.cat\/institutraspall\/wp-json\/wp\/v2\/media?parent=19067"}],"wp:term":[{"taxonomy":"category","embeddable":true,"href":"https:\/\/agora.xtec.cat\/institutraspall\/wp-json\/wp\/v2\/categories?post=19067"},{"taxonomy":"post_tag","embeddable":true,"href":"https:\/\/agora.xtec.cat\/institutraspall\/wp-json\/wp\/v2\/tags?post=19067"}],"curies":[{"name":"wp","href":"https:\/\/api.w.org\/{rel}","templated":true}]}}