{"id":18881,"date":"2017-06-04T19:41:37","date_gmt":"2017-06-04T19:41:37","guid":{"rendered":"http:\/\/www.raspall.cat\/?p=18881"},"modified":"2017-06-04T19:41:37","modified_gmt":"2017-06-04T19:41:37","slug":"sopar-de-graduacio-curs-2016-17-no-hi-podeu-faltar","status":"publish","type":"post","link":"https:\/\/agora.xtec.cat\/institutraspall\/general\/sopar-de-graduacio-curs-2016-17-no-hi-podeu-faltar\/","title":{"rendered":"SOPAR DE GRADUACI\u00d3 &#8211; CURS 2016-17 &#8211; NO HI PODEU FALTAR!"},"content":{"rendered":"<p>Benvolgudes fam\u00edlies,<\/p>\n<p>Sembla que el temps passa volant perqu\u00e8 ja som al mes de juny! El curs ha anat avan\u00e7ant i ja estem preparant, conjuntament amb l&#8217;AMPA, la festa de graduaci\u00f3. Durant el mat\u00ed tot el centre s&#8217;acomiadar\u00e0 de l&#8217;alumnat de 4t d&#8217;ESO i 2n de Batxillerat que finalitza una important etapa de les seves vides. A la tarda tindrem l&#8217;acte de graducaci\u00f3 amb les fam\u00edlies i a la nit el ja tradicional sopar de graduaci\u00f3 organitzat per l&#8217;AMPA.<\/p>\n<p>Pel sopar de graduaci\u00f3 ja es poden comprar els tiquets durant qualsevol dels dos patis. Us adjuntem el cartell del sopar. Us el perdreu?<\/p>\n<p><a href=\"https:\/\/agora.xtec.cat\/institutraspall\/wp-content\/uploads\/usu277\/2017\/06\/sopar-graduacio-2017-DINA3-1.png\"><img loading=\"lazy\" decoding=\"async\" class=\"alignnone  wp-image-18882\" src=\"https:\/\/agora.xtec.cat\/institutraspall\/wp-content\/uploads\/usu277\/2017\/06\/sopar-graduacio-2017-DINA3-1-724x1024.png\" alt=\"sopar-graduacio-2017 DINA3\" width=\"530\" height=\"750\" \/><\/a><\/p>\n<p>&nbsp;<\/p>\n<p>Us adjuntem una fotografia de l&#8217;ambient de revetlla que es viu al sopar. Animeu-vos!<\/p>\n<p><a href=\"https:\/\/agora.xtec.cat\/institutraspall\/wp-content\/uploads\/usu277\/2016\/06\/unnamed.jpg\"><img loading=\"lazy\" decoding=\"async\" class=\"alignnone  wp-image-3051\" src=\"https:\/\/agora.xtec.cat\/institutraspall\/wp-content\/uploads\/usu277\/2016\/06\/unnamed-1024x768.jpg\" alt=\"unnamed\" width=\"607\" height=\"455\" \/><\/a><\/p>\n","protected":false},"excerpt":{"rendered":"<p>Benvolgudes fam\u00edlies, Sembla que el temps passa volant perqu\u00e8 ja som al mes de juny! El curs ha anat avan\u00e7ant i ja estem preparant, conjuntament amb l&#8217;AMPA, la festa de graduaci\u00f3. Durant el mat\u00ed tot el centre s&#8217;acomiadar\u00e0 de l&#8217;alumnat de 4t d&#8217;ESO i 2n de Batxillerat que finalitza una important etapa de les seves [&hellip;]<\/p>\n","protected":false},"author":1,"featured_media":18882,"comment_status":"open","ping_status":"open","sticky":false,"template":"","format":"standard","meta":{"_bbp_topic_count":0,"_bbp_reply_count":0,"_bbp_total_topic_count":0,"_bbp_total_reply_count":0,"_bbp_voice_count":0,"_bbp_anonymous_reply_count":0,"_bbp_topic_count_hidden":0,"_bbp_reply_count_hidden":0,"_bbp_forum_subforum_count":0,"site-sidebar-layout":"default","site-content-layout":"","ast-site-content-layout":"","site-content-style":"default","site-sidebar-style":"default","ast-global-header-display":"","ast-banner-title-visibility":"","ast-main-header-display":"","ast-hfb-above-header-display":"","ast-hfb-below-header-display":"","ast-hfb-mobile-header-display":"","site-post-title":"","ast-breadcrumbs-content":"","ast-featured-img":"","footer-sml-layout":"","theme-transparent-header-meta":"","adv-header-id-meta":"","stick-header-meta":"","header-above-stick-meta":"","header-main-stick-meta":"","header-below-stick-meta":"","astra-migrate-meta-layouts":"default","ast-page-background-enabled":"default","ast-page-background-meta":{"desktop":{"background-color":"var(--ast-global-color-4)","background-image":"","background-repeat":"repeat","background-position":"center center","background-size":"auto","background-attachment":"scroll","background-type":"","background-media":"","overlay-type":"","overlay-color":"","overlay-opacity":"","overlay-gradient":""},"tablet":{"background-color":"","background-image":"","background-repeat":"repeat","background-position":"center center","background-size":"auto","background-attachment":"scroll","background-type":"","background-media":"","overlay-type":"","overlay-color":"","overlay-opacity":"","overlay-gradient":""},"mobile":{"background-color":"","background-image":"","background-repeat":"repeat","background-position":"center center","background-size":"auto","background-attachment":"scroll","background-type":"","background-media":"","overlay-type":"","overlay-color":"","overlay-opacity":"","overlay-gradient":""}},"ast-content-background-meta":{"desktop":{"background-color":"var(--ast-global-color-5)","background-image":"","background-repeat":"repeat","background-position":"center center","background-size":"auto","background-attachment":"scroll","background-type":"","background-media":"","overlay-type":"","overlay-color":"","overlay-opacity":"","overlay-gradient":""},"tablet":{"background-color":"var(--ast-global-color-5)","background-image":"","background-repeat":"repeat","background-position":"center center","background-size":"auto","background-attachment":"scroll","background-type":"","background-media":"","overlay-type":"","overlay-color":"","overlay-opacity":"","overlay-gradient":""},"mobile":{"background-color":"var(--ast-global-color-5)","background-image":"","background-repeat":"repeat","background-position":"center center","background-size":"auto","background-attachment":"scroll","background-type":"","background-media":"","overlay-type":"","overlay-color":"","overlay-opacity":"","overlay-gradient":""}},"footnotes":""},"categories":[1],"tags":[],"class_list":["post-18881","post","type-post","status-publish","format-standard","has-post-thumbnail","hentry","category-general"],"post_mailing_queue_ids":[],"_links":{"self":[{"href":"https:\/\/agora.xtec.cat\/institutraspall\/wp-json\/wp\/v2\/posts\/18881","targetHints":{"allow":["GET"]}}],"collection":[{"href":"https:\/\/agora.xtec.cat\/institutraspall\/wp-json\/wp\/v2\/posts"}],"about":[{"href":"https:\/\/agora.xtec.cat\/institutraspall\/wp-json\/wp\/v2\/types\/post"}],"author":[{"embeddable":true,"href":"https:\/\/agora.xtec.cat\/institutraspall\/wp-json\/wp\/v2\/users\/1"}],"replies":[{"embeddable":true,"href":"https:\/\/agora.xtec.cat\/institutraspall\/wp-json\/wp\/v2\/comments?post=18881"}],"version-history":[{"count":0,"href":"https:\/\/agora.xtec.cat\/institutraspall\/wp-json\/wp\/v2\/posts\/18881\/revisions"}],"wp:featuredmedia":[{"embeddable":true,"href":"https:\/\/agora.xtec.cat\/institutraspall\/wp-json\/wp\/v2\/media\/18882"}],"wp:attachment":[{"href":"https:\/\/agora.xtec.cat\/institutraspall\/wp-json\/wp\/v2\/media?parent=18881"}],"wp:term":[{"taxonomy":"category","embeddable":true,"href":"https:\/\/agora.xtec.cat\/institutraspall\/wp-json\/wp\/v2\/categories?post=18881"},{"taxonomy":"post_tag","embeddable":true,"href":"https:\/\/agora.xtec.cat\/institutraspall\/wp-json\/wp\/v2\/tags?post=18881"}],"curies":[{"name":"wp","href":"https:\/\/api.w.org\/{rel}","templated":true}]}}