{"id":18754,"date":"2017-04-24T21:19:28","date_gmt":"2017-04-24T21:19:28","guid":{"rendered":"http:\/\/www.raspall.cat\/?p=18754"},"modified":"2017-04-24T21:19:28","modified_gmt":"2017-04-24T21:19:28","slug":"batxibac-preinscripcio-per-al-curs-2017-18","status":"publish","type":"post","link":"https:\/\/agora.xtec.cat\/institutraspall\/general\/batxibac-preinscripcio-per-al-curs-2017-18\/","title":{"rendered":"BATXIBAC- PREINSCRIPCI\u00d3 per al curs 2017-18"},"content":{"rendered":"<div class=\"FW_sArticleFoto\">\n<div class=\"FW_sEditPro\">\n<p><a href=\"https:\/\/agora.xtec.cat\/institutraspall\/wp-content\/uploads\/usu277\/2017\/02\/BATXIBAC-1.jpg\"><img loading=\"lazy\" decoding=\"async\" class=\"wp-image-18308 aligncenter\" src=\"https:\/\/agora.xtec.cat\/institutraspall\/wp-content\/uploads\/usu277\/2017\/02\/BATXIBAC-1.jpg\" alt=\"BATXIBAC\" width=\"397\" height=\"223\" \/><\/a><\/p>\n<p>&nbsp;<\/p>\n<p><a href=\"https:\/\/raspall.cat\/wp-content\/uploads\/2017\/04\/presentaci\u00f3-batxibac-2017.pdf\">Informaci\u00f3 presentaci\u00f3 batxibac 2017<\/a><\/p>\n<p>Per a l&#8217;acc\u00e9s als centres que impartim el curr\u00edculum mixt per a l&#8217;obtenci\u00f3 de la doble titulaci\u00f3 de batxillerat i <em>baccalaur\u00e9at<\/em>, cal acreditar el nivell de coneixements de franc\u00e8s mitjan\u00e7ant un <strong>certificat<\/strong> o la superaci\u00f3 d&#8217;una <strong>prova de nivell<\/strong>.<\/p>\n<p>Un cop acreditat el coneixement de franc\u00e8s requerit, l&#8217;admissi\u00f3 a aquestes places es fa a partir de la qualificaci\u00f3 mitjana d&#8217;educaci\u00f3 secund\u00e0ria obligat\u00f2ria o de la mitjana dels tres primers cursos en cas que aquesta no s\u2019hagi acabat.<\/p>\n<p>Si l&#8217;alumne cursa estudis en un sistema educatiu estranger ha de demanar al Departament d&#8217;Ensenyament el <a title=\"c\u00e0lcul de la qualificaci\u00f3 mitjana\" href=\"http:\/\/ensenyament.gencat.cat\/ca\/tramits\/tramits-temes\/20264_homologacio_titols?category=254c193b-ca70-11e5-8c48-005056924a59&amp;temesNom=Educaci%C3%B3+i+formaci%C3%B3&amp;moda=3\" target=\"_blank\" rel=\"noopener\">c\u00e0lcul de la qualificaci\u00f3 mitjana<\/a> equivalent als tres primers cursos de l&#8217;ESO.<\/p>\n<\/div>\n<\/div>\n<div class=\"FW_clear FW_hrBlanc\"><em><strong>\u00a0Calendari a l&#8217;INS arquitecte Manuel Raspall:<\/strong><\/em><\/div>\n<div class=\"FW_sPregunta FW_sImpacte\">\n<div class=\"FW_sArticleFoto\">\n<div class=\"FW_sEditPro\">\n<ul>\n<li>Publicaci\u00f3 de la llista de centres que ofereixen la doble titulaci\u00f3: no m\u00e9s tard del 18 d&#8217;abril de 2017<\/li>\n<li>Publicaci\u00f3 a cada centre de l&#8217;oferta de places reservades per a aquests ensenyaments: 24 d&#8217;abril de 2017<\/li>\n<li>Termini per\u00a0presentar\u00a0les\u00a0sol\u00b7licituds al centre: del 3 al 4 de maig de 2017 i del 8 a l&#8217;11 de maig.<\/li>\n<li><em><strong>PROVA DE NIVELL de franc\u00e8s: 10 de maig a les 16 hores a l&#8217;Institut.<\/strong><\/em><\/li>\n<li>Confer\u00e8ncia de Batxillerat, 8 de maig de 2017 a les 18 hores<\/li>\n<li>Llista provisional d&#8217;alumnes admesos: 12 de maig de 2017<\/li>\n<\/ul>\n<p><a class=\"FW_titBullet FW_sLinkNegreta\" title=\"Aquest enlla\u00e7 s'obre en una nova pestanya: Sol\u00b7licitud d'inscripci\u00f3\" href=\"http:\/\/web.gencat.cat\/ca\/tramits\/tramits-temes\/9388-batxillerat?category=74447ed8-a82c-11e3-a972-000c29052e2c&amp;temesNom=Educaci%C3%B3+i+formaci%C3%B3&amp;moda=2\" target=\"_blank\" rel=\"noopener\">Sol\u00b7licitud d&#8217;inscripci\u00f3 <\/a><a class=\"FW_sNoUnderline\" title=\"Aquest enlla\u00e7 s'obre en una nova pestanya: Sol\u00b7licitud d'inscripci\u00f3 \" href=\"http:\/\/web.gencat.cat\/ca\/tramits\/tramits-temes\/9388-batxillerat?category=74447ed8-a82c-11e3-a972-000c29052e2c&amp;temesNom=Educaci%C3%B3+i+formaci%C3%B3&amp;moda=2\" target=\"_blank\" rel=\"noopener\"><span class=\"FW_sPopup\">\u00a0<\/span><\/a><\/p>\n<p>(Informaci\u00f3 de\u00a0http:\/\/queestudiar.gencat.cat\/ca\/preinscripcio\/estudis\/batxillerat\/doble-titulacio\/ )<\/p>\n<\/div>\n<\/div>\n<\/div>\n","protected":false},"excerpt":{"rendered":"<p>&nbsp; Informaci\u00f3 presentaci\u00f3 batxibac 2017 Per a l&#8217;acc\u00e9s als centres que impartim el curr\u00edculum mixt per a l&#8217;obtenci\u00f3 de la doble titulaci\u00f3 de batxillerat i baccalaur\u00e9at, cal acreditar el nivell de coneixements de franc\u00e8s mitjan\u00e7ant un certificat o la superaci\u00f3 d&#8217;una prova de nivell. Un cop acreditat el coneixement de franc\u00e8s requerit, l&#8217;admissi\u00f3 a aquestes [&hellip;]<\/p>\n","protected":false},"author":1,"featured_media":18779,"comment_status":"open","ping_status":"open","sticky":false,"template":"","format":"standard","meta":{"_bbp_topic_count":0,"_bbp_reply_count":0,"_bbp_total_topic_count":0,"_bbp_total_reply_count":0,"_bbp_voice_count":0,"_bbp_anonymous_reply_count":0,"_bbp_topic_count_hidden":0,"_bbp_reply_count_hidden":0,"_bbp_forum_subforum_count":0,"site-sidebar-layout":"default","site-content-layout":"","ast-site-content-layout":"","site-content-style":"default","site-sidebar-style":"default","ast-global-header-display":"","ast-banner-title-visibility":"","ast-main-header-display":"","ast-hfb-above-header-display":"","ast-hfb-below-header-display":"","ast-hfb-mobile-header-display":"","site-post-title":"","ast-breadcrumbs-content":"","ast-featured-img":"","footer-sml-layout":"","theme-transparent-header-meta":"","adv-header-id-meta":"","stick-header-meta":"","header-above-stick-meta":"","header-main-stick-meta":"","header-below-stick-meta":"","astra-migrate-meta-layouts":"default","ast-page-background-enabled":"default","ast-page-background-meta":{"desktop":{"background-color":"var(--ast-global-color-4)","background-image":"","background-repeat":"repeat","background-position":"center center","background-size":"auto","background-attachment":"scroll","background-type":"","background-media":"","overlay-type":"","overlay-color":"","overlay-opacity":"","overlay-gradient":""},"tablet":{"background-color":"","background-image":"","background-repeat":"repeat","background-position":"center center","background-size":"auto","background-attachment":"scroll","background-type":"","background-media":"","overlay-type":"","overlay-color":"","overlay-opacity":"","overlay-gradient":""},"mobile":{"background-color":"","background-image":"","background-repeat":"repeat","background-position":"center center","background-size":"auto","background-attachment":"scroll","background-type":"","background-media":"","overlay-type":"","overlay-color":"","overlay-opacity":"","overlay-gradient":""}},"ast-content-background-meta":{"desktop":{"background-color":"var(--ast-global-color-5)","background-image":"","background-repeat":"repeat","background-position":"center center","background-size":"auto","background-attachment":"scroll","background-type":"","background-media":"","overlay-type":"","overlay-color":"","overlay-opacity":"","overlay-gradient":""},"tablet":{"background-color":"var(--ast-global-color-5)","background-image":"","background-repeat":"repeat","background-position":"center center","background-size":"auto","background-attachment":"scroll","background-type":"","background-media":"","overlay-type":"","overlay-color":"","overlay-opacity":"","overlay-gradient":""},"mobile":{"background-color":"var(--ast-global-color-5)","background-image":"","background-repeat":"repeat","background-position":"center center","background-size":"auto","background-attachment":"scroll","background-type":"","background-media":"","overlay-type":"","overlay-color":"","overlay-opacity":"","overlay-gradient":""}},"footnotes":""},"categories":[1],"tags":[],"class_list":["post-18754","post","type-post","status-publish","format-standard","has-post-thumbnail","hentry","category-general"],"post_mailing_queue_ids":[],"_links":{"self":[{"href":"https:\/\/agora.xtec.cat\/institutraspall\/wp-json\/wp\/v2\/posts\/18754","targetHints":{"allow":["GET"]}}],"collection":[{"href":"https:\/\/agora.xtec.cat\/institutraspall\/wp-json\/wp\/v2\/posts"}],"about":[{"href":"https:\/\/agora.xtec.cat\/institutraspall\/wp-json\/wp\/v2\/types\/post"}],"author":[{"embeddable":true,"href":"https:\/\/agora.xtec.cat\/institutraspall\/wp-json\/wp\/v2\/users\/1"}],"replies":[{"embeddable":true,"href":"https:\/\/agora.xtec.cat\/institutraspall\/wp-json\/wp\/v2\/comments?post=18754"}],"version-history":[{"count":0,"href":"https:\/\/agora.xtec.cat\/institutraspall\/wp-json\/wp\/v2\/posts\/18754\/revisions"}],"wp:featuredmedia":[{"embeddable":true,"href":"https:\/\/agora.xtec.cat\/institutraspall\/wp-json\/wp\/v2\/media\/18779"}],"wp:attachment":[{"href":"https:\/\/agora.xtec.cat\/institutraspall\/wp-json\/wp\/v2\/media?parent=18754"}],"wp:term":[{"taxonomy":"category","embeddable":true,"href":"https:\/\/agora.xtec.cat\/institutraspall\/wp-json\/wp\/v2\/categories?post=18754"},{"taxonomy":"post_tag","embeddable":true,"href":"https:\/\/agora.xtec.cat\/institutraspall\/wp-json\/wp\/v2\/tags?post=18754"}],"curies":[{"name":"wp","href":"https:\/\/api.w.org\/{rel}","templated":true}]}}