{"id":18478,"date":"2017-03-08T14:38:57","date_gmt":"2017-03-08T14:38:57","guid":{"rendered":"http:\/\/www.raspall.cat\/?p=18478"},"modified":"2017-03-08T14:38:57","modified_gmt":"2017-03-08T14:38:57","slug":"visita-dels-germans-jordi-i-josep-castells-planas-artvigent2016","status":"publish","type":"post","link":"https:\/\/agora.xtec.cat\/institutraspall\/general\/visita-dels-germans-jordi-i-josep-castells-planas-artvigent2016\/","title":{"rendered":"Visita dels germans Jordi i Josep Castells Planas #artvigent2017"},"content":{"rendered":"<p>Dins el cicle &#8220;Cardedeu amb l&#8217;Art Vigent 2017&#8221; els germans Jordi i Josep Castells ens han visitat a l&#8217;institut a intercanviar impressions i tancar el cicle d&#8217;enguany.<\/p>\n<p>Despr\u00e9s de<a href=\"http:\/\/www.museudecardedeu.cat\/2016\/09\/26\/del-taller-a-lescenari-jordi-i-josep-castells-planas\/\" target=\"_blank\" rel=\"noopener\"> visitar l&#8217;exposici\u00f3 al museu Tom\u00e0s i Balvey de Cardedeu<\/a>, l&#8217;alumnat ha pogut fer preguntes de tot tipus als il\u00b7lustres germans de Cardedeu. Ens ha acompanyat la N\u00faria Hern\u00e1ndez (Regidora de Desenvolupament Local, Formaci\u00f3 i Ocupaci\u00f3), part de la fam\u00edlia dels nostres protagonistes i les t\u00e8cniques de l&#8217;Ajuntament: Llu\u00efsa i \u00cdngrid, i del museu, la Teresa.<\/p>\n<p>Un luxe i un plaer. Moltes gr\u00e0cies per l&#8217;experi\u00e8ncia!<\/p>\n<p><em>(Cliqueu per ampliar les fotografies)<\/em><\/p>\n<p><a href=\"https:\/\/agora.xtec.cat\/institutraspall\/wp-content\/uploads\/usu277\/2017\/03\/castells-1.jpg\"><img loading=\"lazy\" decoding=\"async\" class=\"alignnone  wp-image-18479\" src=\"https:\/\/agora.xtec.cat\/institutraspall\/wp-content\/uploads\/usu277\/2017\/03\/castells-1.jpg\" alt=\"castells\" width=\"677\" height=\"383\" \/><\/a> <a href=\"https:\/\/agora.xtec.cat\/institutraspall\/wp-content\/uploads\/usu277\/2017\/03\/castells2-1.jpg\"><img loading=\"lazy\" decoding=\"async\" class=\"alignnone  wp-image-18480\" src=\"https:\/\/agora.xtec.cat\/institutraspall\/wp-content\/uploads\/usu277\/2017\/03\/castells2-1.jpg\" alt=\"castells2\" width=\"676\" height=\"507\" \/><\/a> <a href=\"https:\/\/agora.xtec.cat\/institutraspall\/wp-content\/uploads\/usu277\/2017\/03\/castells3.jpg\"><img loading=\"lazy\" decoding=\"async\" class=\"alignnone  wp-image-18481\" src=\"https:\/\/agora.xtec.cat\/institutraspall\/wp-content\/uploads\/usu277\/2017\/03\/castells3.jpg\" alt=\"castells3\" width=\"672\" height=\"201\" srcset=\"https:\/\/agora.xtec.cat\/institutraspall\/wp-content\/uploads\/usu277\/2017\/03\/castells3.jpg 1280w, https:\/\/agora.xtec.cat\/institutraspall\/wp-content\/uploads\/usu277\/2017\/03\/castells3-300x90.jpg 300w, https:\/\/agora.xtec.cat\/institutraspall\/wp-content\/uploads\/usu277\/2017\/03\/castells3-1024x306.jpg 1024w, https:\/\/agora.xtec.cat\/institutraspall\/wp-content\/uploads\/usu277\/2017\/03\/castells3-768x230.jpg 768w\" sizes=\"auto, (max-width: 672px) 100vw, 672px\" \/><\/a><\/p>\n","protected":false},"excerpt":{"rendered":"<p>Dins el cicle &#8220;Cardedeu amb l&#8217;Art Vigent 2017&#8221; els germans Jordi i Josep Castells ens han visitat a l&#8217;institut a intercanviar impressions i tancar el cicle d&#8217;enguany. Despr\u00e9s de visitar l&#8217;exposici\u00f3 al museu Tom\u00e0s i Balvey de Cardedeu, l&#8217;alumnat ha pogut fer preguntes de tot tipus als il\u00b7lustres germans de Cardedeu. Ens ha acompanyat la [&hellip;]<\/p>\n","protected":false},"author":1,"featured_media":18479,"comment_status":"open","ping_status":"open","sticky":false,"template":"","format":"standard","meta":{"_bbp_topic_count":0,"_bbp_reply_count":0,"_bbp_total_topic_count":0,"_bbp_total_reply_count":0,"_bbp_voice_count":0,"_bbp_anonymous_reply_count":0,"_bbp_topic_count_hidden":0,"_bbp_reply_count_hidden":0,"_bbp_forum_subforum_count":0,"site-sidebar-layout":"default","site-content-layout":"","ast-site-content-layout":"","site-content-style":"default","site-sidebar-style":"default","ast-global-header-display":"","ast-banner-title-visibility":"","ast-main-header-display":"","ast-hfb-above-header-display":"","ast-hfb-below-header-display":"","ast-hfb-mobile-header-display":"","site-post-title":"","ast-breadcrumbs-content":"","ast-featured-img":"","footer-sml-layout":"","theme-transparent-header-meta":"","adv-header-id-meta":"","stick-header-meta":"","header-above-stick-meta":"","header-main-stick-meta":"","header-below-stick-meta":"","astra-migrate-meta-layouts":"default","ast-page-background-enabled":"default","ast-page-background-meta":{"desktop":{"background-color":"var(--ast-global-color-4)","background-image":"","background-repeat":"repeat","background-position":"center center","background-size":"auto","background-attachment":"scroll","background-type":"","background-media":"","overlay-type":"","overlay-color":"","overlay-opacity":"","overlay-gradient":""},"tablet":{"background-color":"","background-image":"","background-repeat":"repeat","background-position":"center center","background-size":"auto","background-attachment":"scroll","background-type":"","background-media":"","overlay-type":"","overlay-color":"","overlay-opacity":"","overlay-gradient":""},"mobile":{"background-color":"","background-image":"","background-repeat":"repeat","background-position":"center center","background-size":"auto","background-attachment":"scroll","background-type":"","background-media":"","overlay-type":"","overlay-color":"","overlay-opacity":"","overlay-gradient":""}},"ast-content-background-meta":{"desktop":{"background-color":"var(--ast-global-color-5)","background-image":"","background-repeat":"repeat","background-position":"center center","background-size":"auto","background-attachment":"scroll","background-type":"","background-media":"","overlay-type":"","overlay-color":"","overlay-opacity":"","overlay-gradient":""},"tablet":{"background-color":"var(--ast-global-color-5)","background-image":"","background-repeat":"repeat","background-position":"center center","background-size":"auto","background-attachment":"scroll","background-type":"","background-media":"","overlay-type":"","overlay-color":"","overlay-opacity":"","overlay-gradient":""},"mobile":{"background-color":"var(--ast-global-color-5)","background-image":"","background-repeat":"repeat","background-position":"center center","background-size":"auto","background-attachment":"scroll","background-type":"","background-media":"","overlay-type":"","overlay-color":"","overlay-opacity":"","overlay-gradient":""}},"footnotes":""},"categories":[1],"tags":[],"class_list":["post-18478","post","type-post","status-publish","format-standard","has-post-thumbnail","hentry","category-general"],"post_mailing_queue_ids":[],"_links":{"self":[{"href":"https:\/\/agora.xtec.cat\/institutraspall\/wp-json\/wp\/v2\/posts\/18478","targetHints":{"allow":["GET"]}}],"collection":[{"href":"https:\/\/agora.xtec.cat\/institutraspall\/wp-json\/wp\/v2\/posts"}],"about":[{"href":"https:\/\/agora.xtec.cat\/institutraspall\/wp-json\/wp\/v2\/types\/post"}],"author":[{"embeddable":true,"href":"https:\/\/agora.xtec.cat\/institutraspall\/wp-json\/wp\/v2\/users\/1"}],"replies":[{"embeddable":true,"href":"https:\/\/agora.xtec.cat\/institutraspall\/wp-json\/wp\/v2\/comments?post=18478"}],"version-history":[{"count":0,"href":"https:\/\/agora.xtec.cat\/institutraspall\/wp-json\/wp\/v2\/posts\/18478\/revisions"}],"wp:featuredmedia":[{"embeddable":true,"href":"https:\/\/agora.xtec.cat\/institutraspall\/wp-json\/wp\/v2\/media\/18479"}],"wp:attachment":[{"href":"https:\/\/agora.xtec.cat\/institutraspall\/wp-json\/wp\/v2\/media?parent=18478"}],"wp:term":[{"taxonomy":"category","embeddable":true,"href":"https:\/\/agora.xtec.cat\/institutraspall\/wp-json\/wp\/v2\/categories?post=18478"},{"taxonomy":"post_tag","embeddable":true,"href":"https:\/\/agora.xtec.cat\/institutraspall\/wp-json\/wp\/v2\/tags?post=18478"}],"curies":[{"name":"wp","href":"https:\/\/api.w.org\/{rel}","templated":true}]}}