{"id":18474,"date":"2017-03-08T07:54:21","date_gmt":"2017-03-08T07:54:21","guid":{"rendered":"http:\/\/www.raspall.cat\/?p=18474"},"modified":"2017-03-08T07:54:21","modified_gmt":"2017-03-08T07:54:21","slug":"8m-dia-de-la-dona-amblanostramirada8m","status":"publish","type":"post","link":"https:\/\/agora.xtec.cat\/institutraspall\/general\/8m-dia-de-la-dona-amblanostramirada8m\/","title":{"rendered":"8M. Dia de la Dona #amblanostramirada8m"},"content":{"rendered":"<p><a href=\"https:\/\/agora.xtec.cat\/institutraspall\/wp-content\/uploads\/usu277\/2017\/03\/dona-1.jpg\"><img loading=\"lazy\" decoding=\"async\" class=\"alignnone size-full wp-image-18476\" src=\"https:\/\/agora.xtec.cat\/institutraspall\/wp-content\/uploads\/usu277\/2017\/03\/dona2.jpg\" alt=\"dona2\" width=\"358\" height=\"291\" srcset=\"https:\/\/agora.xtec.cat\/institutraspall\/wp-content\/uploads\/usu277\/2017\/03\/dona2.jpg 358w, https:\/\/agora.xtec.cat\/institutraspall\/wp-content\/uploads\/usu277\/2017\/03\/dona2-300x244.jpg 300w\" sizes=\"auto, (max-width: 358px) 100vw, 358px\" \/><\/a><\/p>\n<p>Avui hem farcit el centre amb una informaci\u00f3 que tothom hauria de con\u00e8ixer. Us la compartim aqu\u00ed. Compartim amb el hashtag #amblanostramirada8m<\/p>\n<p><a href=\"https:\/\/agora.xtec.cat\/institutraspall\/wp-content\/uploads\/usu277\/2017\/03\/dona-1.jpg\"><img loading=\"lazy\" decoding=\"async\" class=\"alignnone  wp-image-18475\" src=\"https:\/\/agora.xtec.cat\/institutraspall\/wp-content\/uploads\/usu277\/2017\/03\/dona-1.jpg\" alt=\"dona\" width=\"406\" height=\"841\" \/><\/a><\/p>\n<h2>Antecedents<\/h2>\n<p>Des de l&#8217;inici de la revoluci\u00f3 industrial, \u00e0mplies capes de la poblaci\u00f3 femenina dels sectors populars es van incorporar al treball assalariat. Aquesta incorporaci\u00f3 no les exim\u00ed, per\u00f2, de continuar sent responsables del treball de cura de les persones del grup familiar ni de les activitats dom\u00e8stiques.<\/p>\n<p>Les prec\u00e0ries i dif\u00edcils condicions de treball industrial van provocar, des de mitjans del segle XIX, l&#8217;aparici\u00f3 de moviments de dones que reivindicaven millors condicions laborals, com ara la reducci\u00f3 de la jornada laboral, la limitaci\u00f3 de l&#8217;edat de treball de les criatures, la prohibici\u00f3 de l&#8217;horari nocturn per a les dones, la compensaci\u00f3 econ\u00f2mica per accidents laborals i les mesures per prevenir-los.<\/p>\n<p>D&#8217;aquesta experi\u00e8ncia, Catalunya no en va quedar al marge. N&#8217;\u00e9s un exemple la vaga que 3.500 treballadores del sector t\u00e8xtil d&#8217;Igualada van fer l&#8217;any 1881, en demanda de millors condicions de treball.<\/p>\n<h2>Els fets de Nova York<\/h2>\n<p>En l&#8217;origen de la commemoraci\u00f3 del 8 de mar\u00e7 com a Dia Internacional de la Dona, tradicionalment s&#8217;han destacat diversos fets puntuals: la vaga de les obreres t\u00e8xtils nord-americanes de 1857, l&#8217;incendi de la f\u00e0brica Cotton o el de la Triangle Shirtwaist Company, de Nova York, el dia 25 de mar\u00e7 de 1911 (ind\u00fastria t\u00e8xtil on treballaven cinc-centes persones, en la seva gran majoria dones immigrants joves).<\/p>\n<p>En aquest darrer incident van morir 142 obreres que l&#8217;any anterior havien mantingut una important vaga per demanar millors condicions laborals.<\/p>\n<h2 style=\"font-weight: inherit;\"><\/h2>\n<h2>El dret a vot<\/h2>\n<p>Ja que les dones contribu\u00efen amb el seu treball -tant el remunerat com el dom\u00e8stic- al creixement de l&#8217;economia dels seus respectius pa\u00efsos, volien tenir el dret a participar en l&#8217;\u00e0mbit p\u00fablic. Aquesta participaci\u00f3 se centr\u00e0, durant unes d\u00e8cades, en la reivindicaci\u00f3 del dret de vot per a les dones, l&#8217;altre gran eix que conflueix en la celebraci\u00f3 d&#8217;aquest dia.<\/p>\n<p>La primera declaraci\u00f3 program\u00e0tica reivindicant el dret de vot, la van fer les dones nord-americanes, el 1848, reunides a Seneca Falls. Anys despr\u00e9s, les sufragistes angleses van fer de la reivindicaci\u00f3 del dret de vot per a les dones l&#8217;eix central de les mobilitzacions. Les seves accions i les seves idees van traspassar fronteres i van tenir repercussions en altres pa\u00efsos.<\/p>\n<h2><\/h2>\n<h2>La primera celebraci\u00f3<\/h2>\n<p>A partir de 1908, les socialistes nord-americanes van celebrar el Dia de la Dona, el darrer diumenge de febrer, per reivindicar el dret de vot. El 1910, en el marc de la II Confer\u00e8ncia Internacional de Dones Socialistes, Clara Zetkin llen\u00e7ava la proposta d&#8217;establir el Dia Internacional de la Dona, amb l&#8217;objectiu principal de promoure el sufragi universal femen\u00ed, la pau i la llibertat.<\/p>\n<p>Seguint aquesta iniciativa, l&#8217;any seg\u00fcent, m\u00e9s d&#8217;un mili\u00f3 de dones europees i nord-americanes sortiren al carrer. Les primeres ho van celebrar el 19 de mar\u00e7 i les segones ho van continuar fent el darrer diumenge de febrer.<\/p>\n<p>&nbsp;<\/p>\n<h2>El 8 de mar\u00e7<\/h2>\n<p>Amb l&#8217;esclat de la Primera Guerra Mundial, la pau es convert\u00ed en el leitmotiv de les celebracions del Dia Internacional de la Dona. I el 8 de mar\u00e7 (segons el nostre calendari) de 1917 les dones russes, que feia anys que tamb\u00e9 ho celebraven, van sortir al carrer en demanda d&#8217;aliments i pel retorn dels combatents. Aquest va ser l&#8217;inici del moviment que acabaria amb la dimissi\u00f3 del tsar i la proclamaci\u00f3 de la Rep\u00fablica. A partir d&#8217;aquest moment, el Dia Internacional de la Dona qued\u00e0 fixat en la data del 8 de mar\u00e7.<\/p>\n<p>Reivindicaci\u00f3 de millors condicions de treball i de vida, i de drets pol\u00edtics i manifestacions en favor de la pau, s\u00f3n alguns dels temes que es troben en l&#8217;origen de la celebraci\u00f3 del dia 8 de mar\u00e7 com a Dia Internacional de la Dona.<\/p>\n<p>Amb el ressorgiment del feminisme, a finals dels anys seixanta i setanta, torn\u00e0 a implantar-se la celebraci\u00f3 d&#8217;aquesta data, que van acabar de corroborar les Nacions Unides, el 1977, en declarar el 8 de mar\u00e7 com a Dia Internacional de la Dona.<\/p>\n<p>FONT: www.xtec.cat<\/p>\n","protected":false},"excerpt":{"rendered":"<p>Avui hem farcit el centre amb una informaci\u00f3 que tothom hauria de con\u00e8ixer. Us la compartim aqu\u00ed. Compartim amb el hashtag #amblanostramirada8m Antecedents Des de l&#8217;inici de la revoluci\u00f3 industrial, \u00e0mplies capes de la poblaci\u00f3 femenina dels sectors populars es van incorporar al treball assalariat. Aquesta incorporaci\u00f3 no les exim\u00ed, per\u00f2, de continuar sent responsables [&hellip;]<\/p>\n","protected":false},"author":1,"featured_media":18476,"comment_status":"open","ping_status":"open","sticky":false,"template":"","format":"standard","meta":{"_bbp_topic_count":0,"_bbp_reply_count":0,"_bbp_total_topic_count":0,"_bbp_total_reply_count":0,"_bbp_voice_count":0,"_bbp_anonymous_reply_count":0,"_bbp_topic_count_hidden":0,"_bbp_reply_count_hidden":0,"_bbp_forum_subforum_count":0,"site-sidebar-layout":"default","site-content-layout":"","ast-site-content-layout":"","site-content-style":"default","site-sidebar-style":"default","ast-global-header-display":"","ast-banner-title-visibility":"","ast-main-header-display":"","ast-hfb-above-header-display":"","ast-hfb-below-header-display":"","ast-hfb-mobile-header-display":"","site-post-title":"","ast-breadcrumbs-content":"","ast-featured-img":"","footer-sml-layout":"","theme-transparent-header-meta":"","adv-header-id-meta":"","stick-header-meta":"","header-above-stick-meta":"","header-main-stick-meta":"","header-below-stick-meta":"","astra-migrate-meta-layouts":"default","ast-page-background-enabled":"default","ast-page-background-meta":{"desktop":{"background-color":"var(--ast-global-color-4)","background-image":"","background-repeat":"repeat","background-position":"center center","background-size":"auto","background-attachment":"scroll","background-type":"","background-media":"","overlay-type":"","overlay-color":"","overlay-opacity":"","overlay-gradient":""},"tablet":{"background-color":"","background-image":"","background-repeat":"repeat","background-position":"center center","background-size":"auto","background-attachment":"scroll","background-type":"","background-media":"","overlay-type":"","overlay-color":"","overlay-opacity":"","overlay-gradient":""},"mobile":{"background-color":"","background-image":"","background-repeat":"repeat","background-position":"center center","background-size":"auto","background-attachment":"scroll","background-type":"","background-media":"","overlay-type":"","overlay-color":"","overlay-opacity":"","overlay-gradient":""}},"ast-content-background-meta":{"desktop":{"background-color":"var(--ast-global-color-5)","background-image":"","background-repeat":"repeat","background-position":"center center","background-size":"auto","background-attachment":"scroll","background-type":"","background-media":"","overlay-type":"","overlay-color":"","overlay-opacity":"","overlay-gradient":""},"tablet":{"background-color":"var(--ast-global-color-5)","background-image":"","background-repeat":"repeat","background-position":"center center","background-size":"auto","background-attachment":"scroll","background-type":"","background-media":"","overlay-type":"","overlay-color":"","overlay-opacity":"","overlay-gradient":""},"mobile":{"background-color":"var(--ast-global-color-5)","background-image":"","background-repeat":"repeat","background-position":"center center","background-size":"auto","background-attachment":"scroll","background-type":"","background-media":"","overlay-type":"","overlay-color":"","overlay-opacity":"","overlay-gradient":""}},"footnotes":""},"categories":[1],"tags":[],"class_list":["post-18474","post","type-post","status-publish","format-standard","has-post-thumbnail","hentry","category-general"],"post_mailing_queue_ids":[],"_links":{"self":[{"href":"https:\/\/agora.xtec.cat\/institutraspall\/wp-json\/wp\/v2\/posts\/18474","targetHints":{"allow":["GET"]}}],"collection":[{"href":"https:\/\/agora.xtec.cat\/institutraspall\/wp-json\/wp\/v2\/posts"}],"about":[{"href":"https:\/\/agora.xtec.cat\/institutraspall\/wp-json\/wp\/v2\/types\/post"}],"author":[{"embeddable":true,"href":"https:\/\/agora.xtec.cat\/institutraspall\/wp-json\/wp\/v2\/users\/1"}],"replies":[{"embeddable":true,"href":"https:\/\/agora.xtec.cat\/institutraspall\/wp-json\/wp\/v2\/comments?post=18474"}],"version-history":[{"count":0,"href":"https:\/\/agora.xtec.cat\/institutraspall\/wp-json\/wp\/v2\/posts\/18474\/revisions"}],"wp:featuredmedia":[{"embeddable":true,"href":"https:\/\/agora.xtec.cat\/institutraspall\/wp-json\/wp\/v2\/media\/18476"}],"wp:attachment":[{"href":"https:\/\/agora.xtec.cat\/institutraspall\/wp-json\/wp\/v2\/media?parent=18474"}],"wp:term":[{"taxonomy":"category","embeddable":true,"href":"https:\/\/agora.xtec.cat\/institutraspall\/wp-json\/wp\/v2\/categories?post=18474"},{"taxonomy":"post_tag","embeddable":true,"href":"https:\/\/agora.xtec.cat\/institutraspall\/wp-json\/wp\/v2\/tags?post=18474"}],"curies":[{"name":"wp","href":"https:\/\/api.w.org\/{rel}","templated":true}]}}