{"id":18470,"date":"2017-03-06T14:47:18","date_gmt":"2017-03-06T14:47:18","guid":{"rendered":"http:\/\/www.raspall.cat\/?p=18470"},"modified":"2025-09-02T11:48:35","modified_gmt":"2025-09-02T09:48:35","slug":"campanya-de-recollida-de-roba-usada-fundacio-glorr-fins-el-1652017","status":"publish","type":"post","link":"https:\/\/agora.xtec.cat\/institutraspall\/general\/campanya-de-recollida-de-roba-usada-fundacio-glorr-fins-el-1652017\/","title":{"rendered":"Campanya de recollida de roba usada Fundaci\u00f3 GLORR, fins el 16\/5\/2017"},"content":{"rendered":"<p><strong><img loading=\"lazy\" decoding=\"async\" class=\"alignnone  wp-image-1181\" src=\"https:\/\/raspall.cat\/wp-content\/uploads\/2014\/07\/cabeceraglorr.jpg\" alt=\"cabeceraglorr\" width=\"576\" height=\"132\" srcset=\"https:\/\/agora.xtec.cat\/institutraspall\/wp-content\/uploads\/usu277\/2014\/07\/cabeceraglorr.jpg 780w, https:\/\/agora.xtec.cat\/institutraspall\/wp-content\/uploads\/usu277\/2014\/07\/cabeceraglorr-300x69.jpg 300w, https:\/\/agora.xtec.cat\/institutraspall\/wp-content\/uploads\/usu277\/2014\/07\/cabeceraglorr-768x176.jpg 768w\" sizes=\"auto, (max-width: 576px) 100vw, 576px\" \/><\/strong><\/p>\n<p><strong><span style=\"text-decoration: underline;\">CAMPANYA DE RECOLLIDA DE ROBA USADA I CAL\u00c7AT, TANT DE NEN COM D\u2019ADULT, MANTES I QUALSEVOL TIPUS DE\u00a0 PRODUCTES T\u00c8XTILS <\/span><\/strong><\/p>\n<p>Benvolgudes fam\u00edlies:<\/p>\n<p><strong>GLORR Fundaci\u00f3 <\/strong>continua amb els projectes de col\u00b7laboraci\u00f3 a traves des centres educatius, serveis social i AMPA.<\/p>\n<p>El nostre objectiu \u00e9s que la situaci\u00f3 econ\u00f2mica que pateixen les fam\u00edlies no repercuteixi negativament en el desenvolupament educatiu integral dels nostres menors.<\/p>\n<p>Us convidem a formar part del nostre projecte, aportant tot tipus de productes t\u00e8xtils (roba, cal\u00e7at, mantes, etc&#8230;) que tingueu a casa i ja no feu servir, portant-los al vostre centre educatiu a les bosses que trobareu al mateix.<\/p>\n<p><strong><span style=\"text-decoration: underline;\">LA VOSTRA COL\u00b7LABORACI\u00d3 LA DESTINEM A L\u2019AJUDA DELS INFANTS DEL NOSTRE PA\u00cdS.<\/span><\/strong><\/p>\n<p><strong>Us preguem que tingueu en compte la data prevista de recollida que apareix en el cartell de l\u2019escola.<\/strong><\/p>\n<p><strong>16\/05\/2017<\/strong><\/p>\n<p>Judith Sanz<\/p>\n<p><a href=\"mailto:fundacion@glorr.org\">fundacion@glorr.org<\/a><\/p>\n<p>Tel. 93 804 4512 &#8211; 93 803 9467 &#8211; 622 134 040<\/p>\n","protected":false},"excerpt":{"rendered":"<p>CAMPANYA DE RECOLLIDA DE ROBA USADA I CAL\u00c7AT, TANT DE NEN COM D\u2019ADULT, MANTES I QUALSEVOL TIPUS DE\u00a0 PRODUCTES T\u00c8XTILS Benvolgudes fam\u00edlies: GLORR Fundaci\u00f3 continua amb els projectes de col\u00b7laboraci\u00f3 a traves des centres educatius, serveis social i AMPA. El nostre objectiu \u00e9s que la situaci\u00f3 econ\u00f2mica que pateixen les fam\u00edlies no repercuteixi negativament en [&hellip;]<\/p>\n","protected":false},"author":1,"featured_media":1384,"comment_status":"open","ping_status":"open","sticky":false,"template":"","format":"standard","meta":{"_bbp_topic_count":0,"_bbp_reply_count":0,"_bbp_total_topic_count":0,"_bbp_total_reply_count":0,"_bbp_voice_count":0,"_bbp_anonymous_reply_count":0,"_bbp_topic_count_hidden":0,"_bbp_reply_count_hidden":0,"_bbp_forum_subforum_count":0,"site-sidebar-layout":"default","site-content-layout":"","ast-site-content-layout":"default","site-content-style":"default","site-sidebar-style":"default","ast-global-header-display":"","ast-banner-title-visibility":"","ast-main-header-display":"","ast-hfb-above-header-display":"","ast-hfb-below-header-display":"","ast-hfb-mobile-header-display":"","site-post-title":"","ast-breadcrumbs-content":"","ast-featured-img":"","footer-sml-layout":"","theme-transparent-header-meta":"","adv-header-id-meta":"","stick-header-meta":"","header-above-stick-meta":"","header-main-stick-meta":"","header-below-stick-meta":"","astra-migrate-meta-layouts":"set","ast-page-background-enabled":"default","ast-page-background-meta":{"desktop":{"background-color":"var(--ast-global-color-4)","background-image":"","background-repeat":"repeat","background-position":"center center","background-size":"auto","background-attachment":"scroll","background-type":"","background-media":"","overlay-type":"","overlay-color":"","overlay-opacity":"","overlay-gradient":""},"tablet":{"background-color":"","background-image":"","background-repeat":"repeat","background-position":"center center","background-size":"auto","background-attachment":"scroll","background-type":"","background-media":"","overlay-type":"","overlay-color":"","overlay-opacity":"","overlay-gradient":""},"mobile":{"background-color":"","background-image":"","background-repeat":"repeat","background-position":"center center","background-size":"auto","background-attachment":"scroll","background-type":"","background-media":"","overlay-type":"","overlay-color":"","overlay-opacity":"","overlay-gradient":""}},"ast-content-background-meta":{"desktop":{"background-color":"var(--ast-global-color-5)","background-image":"","background-repeat":"repeat","background-position":"center center","background-size":"auto","background-attachment":"scroll","background-type":"","background-media":"","overlay-type":"","overlay-color":"","overlay-opacity":"","overlay-gradient":""},"tablet":{"background-color":"var(--ast-global-color-5)","background-image":"","background-repeat":"repeat","background-position":"center center","background-size":"auto","background-attachment":"scroll","background-type":"","background-media":"","overlay-type":"","overlay-color":"","overlay-opacity":"","overlay-gradient":""},"mobile":{"background-color":"var(--ast-global-color-5)","background-image":"","background-repeat":"repeat","background-position":"center center","background-size":"auto","background-attachment":"scroll","background-type":"","background-media":"","overlay-type":"","overlay-color":"","overlay-opacity":"","overlay-gradient":""}},"footnotes":""},"categories":[1],"tags":[],"class_list":["post-18470","post","type-post","status-publish","format-standard","has-post-thumbnail","hentry","category-general"],"post_mailing_queue_ids":[],"_links":{"self":[{"href":"https:\/\/agora.xtec.cat\/institutraspall\/wp-json\/wp\/v2\/posts\/18470","targetHints":{"allow":["GET"]}}],"collection":[{"href":"https:\/\/agora.xtec.cat\/institutraspall\/wp-json\/wp\/v2\/posts"}],"about":[{"href":"https:\/\/agora.xtec.cat\/institutraspall\/wp-json\/wp\/v2\/types\/post"}],"author":[{"embeddable":true,"href":"https:\/\/agora.xtec.cat\/institutraspall\/wp-json\/wp\/v2\/users\/1"}],"replies":[{"embeddable":true,"href":"https:\/\/agora.xtec.cat\/institutraspall\/wp-json\/wp\/v2\/comments?post=18470"}],"version-history":[{"count":1,"href":"https:\/\/agora.xtec.cat\/institutraspall\/wp-json\/wp\/v2\/posts\/18470\/revisions"}],"predecessor-version":[{"id":99480,"href":"https:\/\/agora.xtec.cat\/institutraspall\/wp-json\/wp\/v2\/posts\/18470\/revisions\/99480"}],"wp:featuredmedia":[{"embeddable":true,"href":"https:\/\/agora.xtec.cat\/institutraspall\/wp-json\/wp\/v2\/media\/1384"}],"wp:attachment":[{"href":"https:\/\/agora.xtec.cat\/institutraspall\/wp-json\/wp\/v2\/media?parent=18470"}],"wp:term":[{"taxonomy":"category","embeddable":true,"href":"https:\/\/agora.xtec.cat\/institutraspall\/wp-json\/wp\/v2\/categories?post=18470"},{"taxonomy":"post_tag","embeddable":true,"href":"https:\/\/agora.xtec.cat\/institutraspall\/wp-json\/wp\/v2\/tags?post=18470"}],"curies":[{"name":"wp","href":"https:\/\/api.w.org\/{rel}","templated":true}]}}