{"id":18263,"date":"2017-01-26T11:55:29","date_gmt":"2017-01-26T11:55:29","guid":{"rendered":"http:\/\/www.raspall.cat\/?p=18263"},"modified":"2017-01-26T11:55:29","modified_gmt":"2017-01-26T11:55:29","slug":"intercanvi-cardedeu-montpellier-lanna-ja-esta-a-linstitut-de-montpellier","status":"publish","type":"post","link":"https:\/\/agora.xtec.cat\/institutraspall\/general\/intercanvi-cardedeu-montpellier-lanna-ja-esta-a-linstitut-de-montpellier\/","title":{"rendered":"Intercanvi Cardedeu-Montpellier. L&#8217;Anna ja est\u00e0 a l&#8217;institut de Montpellier!"},"content":{"rendered":"<p>Aquest curs, a part de l&#8217;intercanvi Catalunya-Quebec, l&#8217;intercanvi amb Maassluis, amb R\u00f6dermack (Alemanya), l&#8217;inici del Batxibac, les estades a Fran\u00e7a de 3r d&#8217;ESO,&#8230; hem aconseguit participar, tamb\u00e9, de l&#8217;intercanvi Cardedeu-Montpellier.<\/p>\n<p>Coordinat per l&#8217;Esther Ciudad, l&#8217;Anna Silvestre ja est\u00e0 a l&#8217;institut de Montpellier amb la seva parella ling\u00fc\u00edstica. Aquest trimestre l&#8217;Anna far\u00e0 classe a l&#8217;institut de Montpellier i al tercer trimestre ens podr\u00e0 enriquir amb la seva experi\u00e8ncia. De moment tot va b\u00e9 i hem pogut veure que l&#8217;horari del seu nou institut \u00e9s ben diferent al nostre.<\/p>\n<p>Molts \u00e0nims des de Cardedeu, Anna, i aprofita l&#8217;experi\u00e8ncia!!!<\/p>\n<p><a href=\"https:\/\/agora.xtec.cat\/institutraspall\/wp-content\/uploads\/usu277\/2017\/01\/21da1b53-9c4d-4c05-9ed5-b3349268029e-1.jpg\"><img loading=\"lazy\" decoding=\"async\" class=\"alignnone  wp-image-18264\" src=\"https:\/\/agora.xtec.cat\/institutraspall\/wp-content\/uploads\/usu277\/2017\/01\/21da1b53-9c4d-4c05-9ed5-b3349268029e-1.jpg\" alt=\"21da1b53-9c4d-4c05-9ed5-b3349268029e\" width=\"283\" height=\"503\" \/><\/a> <a href=\"https:\/\/agora.xtec.cat\/institutraspall\/wp-content\/uploads\/usu277\/2017\/01\/60ee1780-88c5-4c0b-836c-6fa0d584b120.jpg\"><img loading=\"lazy\" decoding=\"async\" class=\"alignnone  wp-image-18265\" src=\"https:\/\/agora.xtec.cat\/institutraspall\/wp-content\/uploads\/usu277\/2017\/01\/60ee1780-88c5-4c0b-836c-6fa0d584b120.jpg\" alt=\"60ee1780-88c5-4c0b-836c-6fa0d584b120\" width=\"282\" height=\"501\" srcset=\"https:\/\/agora.xtec.cat\/institutraspall\/wp-content\/uploads\/usu277\/2017\/01\/60ee1780-88c5-4c0b-836c-6fa0d584b120.jpg 900w, https:\/\/agora.xtec.cat\/institutraspall\/wp-content\/uploads\/usu277\/2017\/01\/60ee1780-88c5-4c0b-836c-6fa0d584b120-169x300.jpg 169w, https:\/\/agora.xtec.cat\/institutraspall\/wp-content\/uploads\/usu277\/2017\/01\/60ee1780-88c5-4c0b-836c-6fa0d584b120-576x1024.jpg 576w, https:\/\/agora.xtec.cat\/institutraspall\/wp-content\/uploads\/usu277\/2017\/01\/60ee1780-88c5-4c0b-836c-6fa0d584b120-768x1365.jpg 768w, https:\/\/agora.xtec.cat\/institutraspall\/wp-content\/uploads\/usu277\/2017\/01\/60ee1780-88c5-4c0b-836c-6fa0d584b120-864x1536.jpg 864w\" sizes=\"auto, (max-width: 282px) 100vw, 282px\" \/><\/a> <a href=\"https:\/\/agora.xtec.cat\/institutraspall\/wp-content\/uploads\/usu277\/2017\/01\/9142e238-0969-46f6-b2ee-f56bf431c306.jpg\"><img loading=\"lazy\" decoding=\"async\" class=\"alignnone  wp-image-18266\" src=\"https:\/\/agora.xtec.cat\/institutraspall\/wp-content\/uploads\/usu277\/2017\/01\/9142e238-0969-46f6-b2ee-f56bf431c306.jpg\" alt=\"9142e238-0969-46f6-b2ee-f56bf431c306\" width=\"570\" height=\"321\" srcset=\"https:\/\/agora.xtec.cat\/institutraspall\/wp-content\/uploads\/usu277\/2017\/01\/9142e238-0969-46f6-b2ee-f56bf431c306.jpg 1600w, https:\/\/agora.xtec.cat\/institutraspall\/wp-content\/uploads\/usu277\/2017\/01\/9142e238-0969-46f6-b2ee-f56bf431c306-300x169.jpg 300w, https:\/\/agora.xtec.cat\/institutraspall\/wp-content\/uploads\/usu277\/2017\/01\/9142e238-0969-46f6-b2ee-f56bf431c306-1024x576.jpg 1024w, https:\/\/agora.xtec.cat\/institutraspall\/wp-content\/uploads\/usu277\/2017\/01\/9142e238-0969-46f6-b2ee-f56bf431c306-768x432.jpg 768w, https:\/\/agora.xtec.cat\/institutraspall\/wp-content\/uploads\/usu277\/2017\/01\/9142e238-0969-46f6-b2ee-f56bf431c306-1536x864.jpg 1536w\" sizes=\"auto, (max-width: 570px) 100vw, 570px\" \/><\/a><\/p>\n","protected":false},"excerpt":{"rendered":"<p>Aquest curs, a part de l&#8217;intercanvi Catalunya-Quebec, l&#8217;intercanvi amb Maassluis, amb R\u00f6dermack (Alemanya), l&#8217;inici del Batxibac, les estades a Fran\u00e7a de 3r d&#8217;ESO,&#8230; hem aconseguit participar, tamb\u00e9, de l&#8217;intercanvi Cardedeu-Montpellier. Coordinat per l&#8217;Esther Ciudad, l&#8217;Anna Silvestre ja est\u00e0 a l&#8217;institut de Montpellier amb la seva parella ling\u00fc\u00edstica. Aquest trimestre l&#8217;Anna far\u00e0 classe a l&#8217;institut de [&hellip;]<\/p>\n","protected":false},"author":1,"featured_media":18266,"comment_status":"open","ping_status":"open","sticky":false,"template":"","format":"standard","meta":{"_bbp_topic_count":0,"_bbp_reply_count":0,"_bbp_total_topic_count":0,"_bbp_total_reply_count":0,"_bbp_voice_count":0,"_bbp_anonymous_reply_count":0,"_bbp_topic_count_hidden":0,"_bbp_reply_count_hidden":0,"_bbp_forum_subforum_count":0,"site-sidebar-layout":"default","site-content-layout":"","ast-site-content-layout":"","site-content-style":"default","site-sidebar-style":"default","ast-global-header-display":"","ast-banner-title-visibility":"","ast-main-header-display":"","ast-hfb-above-header-display":"","ast-hfb-below-header-display":"","ast-hfb-mobile-header-display":"","site-post-title":"","ast-breadcrumbs-content":"","ast-featured-img":"","footer-sml-layout":"","theme-transparent-header-meta":"","adv-header-id-meta":"","stick-header-meta":"","header-above-stick-meta":"","header-main-stick-meta":"","header-below-stick-meta":"","astra-migrate-meta-layouts":"default","ast-page-background-enabled":"default","ast-page-background-meta":{"desktop":{"background-color":"var(--ast-global-color-4)","background-image":"","background-repeat":"repeat","background-position":"center center","background-size":"auto","background-attachment":"scroll","background-type":"","background-media":"","overlay-type":"","overlay-color":"","overlay-opacity":"","overlay-gradient":""},"tablet":{"background-color":"","background-image":"","background-repeat":"repeat","background-position":"center center","background-size":"auto","background-attachment":"scroll","background-type":"","background-media":"","overlay-type":"","overlay-color":"","overlay-opacity":"","overlay-gradient":""},"mobile":{"background-color":"","background-image":"","background-repeat":"repeat","background-position":"center center","background-size":"auto","background-attachment":"scroll","background-type":"","background-media":"","overlay-type":"","overlay-color":"","overlay-opacity":"","overlay-gradient":""}},"ast-content-background-meta":{"desktop":{"background-color":"var(--ast-global-color-5)","background-image":"","background-repeat":"repeat","background-position":"center center","background-size":"auto","background-attachment":"scroll","background-type":"","background-media":"","overlay-type":"","overlay-color":"","overlay-opacity":"","overlay-gradient":""},"tablet":{"background-color":"var(--ast-global-color-5)","background-image":"","background-repeat":"repeat","background-position":"center center","background-size":"auto","background-attachment":"scroll","background-type":"","background-media":"","overlay-type":"","overlay-color":"","overlay-opacity":"","overlay-gradient":""},"mobile":{"background-color":"var(--ast-global-color-5)","background-image":"","background-repeat":"repeat","background-position":"center center","background-size":"auto","background-attachment":"scroll","background-type":"","background-media":"","overlay-type":"","overlay-color":"","overlay-opacity":"","overlay-gradient":""}},"footnotes":""},"categories":[1],"tags":[],"class_list":["post-18263","post","type-post","status-publish","format-standard","has-post-thumbnail","hentry","category-general"],"post_mailing_queue_ids":[],"_links":{"self":[{"href":"https:\/\/agora.xtec.cat\/institutraspall\/wp-json\/wp\/v2\/posts\/18263","targetHints":{"allow":["GET"]}}],"collection":[{"href":"https:\/\/agora.xtec.cat\/institutraspall\/wp-json\/wp\/v2\/posts"}],"about":[{"href":"https:\/\/agora.xtec.cat\/institutraspall\/wp-json\/wp\/v2\/types\/post"}],"author":[{"embeddable":true,"href":"https:\/\/agora.xtec.cat\/institutraspall\/wp-json\/wp\/v2\/users\/1"}],"replies":[{"embeddable":true,"href":"https:\/\/agora.xtec.cat\/institutraspall\/wp-json\/wp\/v2\/comments?post=18263"}],"version-history":[{"count":0,"href":"https:\/\/agora.xtec.cat\/institutraspall\/wp-json\/wp\/v2\/posts\/18263\/revisions"}],"wp:featuredmedia":[{"embeddable":true,"href":"https:\/\/agora.xtec.cat\/institutraspall\/wp-json\/wp\/v2\/media\/18266"}],"wp:attachment":[{"href":"https:\/\/agora.xtec.cat\/institutraspall\/wp-json\/wp\/v2\/media?parent=18263"}],"wp:term":[{"taxonomy":"category","embeddable":true,"href":"https:\/\/agora.xtec.cat\/institutraspall\/wp-json\/wp\/v2\/categories?post=18263"},{"taxonomy":"post_tag","embeddable":true,"href":"https:\/\/agora.xtec.cat\/institutraspall\/wp-json\/wp\/v2\/tags?post=18263"}],"curies":[{"name":"wp","href":"https:\/\/api.w.org\/{rel}","templated":true}]}}