{"id":18038,"date":"2016-11-15T08:53:29","date_gmt":"2016-11-15T08:53:29","guid":{"rendered":"http:\/\/www.raspall.cat\/?p=18038"},"modified":"2016-11-15T08:53:29","modified_gmt":"2016-11-15T08:53:29","slug":"exposicio-de-minerals-donacio-del-sr-josep-redorta","status":"publish","type":"post","link":"https:\/\/agora.xtec.cat\/institutraspall\/general\/exposicio-de-minerals-donacio-del-sr-josep-redorta\/","title":{"rendered":"Exposici\u00f3 de Minerals (donaci\u00f3 del Sr. Josep Redorta)"},"content":{"rendered":"<p>En el marc de la Setmana de la Ci\u00e8ncia tindrem tota aquesta setmana aquesta preciosa exposici\u00f3 de minerals. L&#8217;exposici\u00f3 \u00e9s una donaci\u00f3 del Sr. Josep Redorta, avi de l&#8217;alumne Roger Redorta de 1r d&#8217;ESO.<\/p>\n<p>La donaci\u00f3 no nom\u00e9s recull el nom de cadascun dels minerals, tamb\u00e9 inclou el lloc on van ser trobats i recollits. Volem agra\u00efr al Sr. Redorta la seva donaci\u00f3 al centre, ens ser\u00e0 molt \u00fatil. Tamb\u00e9 la col\u00b7laboraci\u00f3 del l&#8217;Arcadi Coll (genial idea de reutilitzar una finestra vella!) i la Fina Sanglas en l&#8217;adequaci\u00f3 de l&#8217;exposici\u00f3 i de l&#8217;alumne Nil Carvajal en el farciment\u00a0de la taula\u00a0i r\u00e8tol identificatiu. Gr\u00e0cies a tots plegats, fa patxoca i \u00e9s d&#8217;all\u00f2 m\u00e9s interessant, no penseu?<\/p>\n<p>(cliqueu per a ampliar)<\/p>\n<p><a href=\"https:\/\/agora.xtec.cat\/institutraspall\/wp-content\/uploads\/usu277\/2016\/11\/minerals-1.jpg\"><img loading=\"lazy\" decoding=\"async\" class=\"alignnone  wp-image-18039\" src=\"https:\/\/agora.xtec.cat\/institutraspall\/wp-content\/uploads\/usu277\/2016\/11\/minerals-1-1024x768.jpg\" alt=\"minerals\" width=\"571\" height=\"428\" \/><\/a><\/p>\n<p>&nbsp;<\/p>\n","protected":false},"excerpt":{"rendered":"<p>En el marc de la Setmana de la Ci\u00e8ncia tindrem tota aquesta setmana aquesta preciosa exposici\u00f3 de minerals. L&#8217;exposici\u00f3 \u00e9s una donaci\u00f3 del Sr. Josep Redorta, avi de l&#8217;alumne Roger Redorta de 1r d&#8217;ESO. La donaci\u00f3 no nom\u00e9s recull el nom de cadascun dels minerals, tamb\u00e9 inclou el lloc on van ser trobats i recollits. [&hellip;]<\/p>\n","protected":false},"author":1,"featured_media":18039,"comment_status":"open","ping_status":"open","sticky":false,"template":"","format":"standard","meta":{"_bbp_topic_count":0,"_bbp_reply_count":0,"_bbp_total_topic_count":0,"_bbp_total_reply_count":0,"_bbp_voice_count":0,"_bbp_anonymous_reply_count":0,"_bbp_topic_count_hidden":0,"_bbp_reply_count_hidden":0,"_bbp_forum_subforum_count":0,"site-sidebar-layout":"default","site-content-layout":"","ast-site-content-layout":"","site-content-style":"default","site-sidebar-style":"default","ast-global-header-display":"","ast-banner-title-visibility":"","ast-main-header-display":"","ast-hfb-above-header-display":"","ast-hfb-below-header-display":"","ast-hfb-mobile-header-display":"","site-post-title":"","ast-breadcrumbs-content":"","ast-featured-img":"","footer-sml-layout":"","theme-transparent-header-meta":"","adv-header-id-meta":"","stick-header-meta":"","header-above-stick-meta":"","header-main-stick-meta":"","header-below-stick-meta":"","astra-migrate-meta-layouts":"default","ast-page-background-enabled":"default","ast-page-background-meta":{"desktop":{"background-color":"var(--ast-global-color-4)","background-image":"","background-repeat":"repeat","background-position":"center center","background-size":"auto","background-attachment":"scroll","background-type":"","background-media":"","overlay-type":"","overlay-color":"","overlay-opacity":"","overlay-gradient":""},"tablet":{"background-color":"","background-image":"","background-repeat":"repeat","background-position":"center center","background-size":"auto","background-attachment":"scroll","background-type":"","background-media":"","overlay-type":"","overlay-color":"","overlay-opacity":"","overlay-gradient":""},"mobile":{"background-color":"","background-image":"","background-repeat":"repeat","background-position":"center center","background-size":"auto","background-attachment":"scroll","background-type":"","background-media":"","overlay-type":"","overlay-color":"","overlay-opacity":"","overlay-gradient":""}},"ast-content-background-meta":{"desktop":{"background-color":"var(--ast-global-color-5)","background-image":"","background-repeat":"repeat","background-position":"center center","background-size":"auto","background-attachment":"scroll","background-type":"","background-media":"","overlay-type":"","overlay-color":"","overlay-opacity":"","overlay-gradient":""},"tablet":{"background-color":"var(--ast-global-color-5)","background-image":"","background-repeat":"repeat","background-position":"center center","background-size":"auto","background-attachment":"scroll","background-type":"","background-media":"","overlay-type":"","overlay-color":"","overlay-opacity":"","overlay-gradient":""},"mobile":{"background-color":"var(--ast-global-color-5)","background-image":"","background-repeat":"repeat","background-position":"center center","background-size":"auto","background-attachment":"scroll","background-type":"","background-media":"","overlay-type":"","overlay-color":"","overlay-opacity":"","overlay-gradient":""}},"footnotes":""},"categories":[1],"tags":[],"class_list":["post-18038","post","type-post","status-publish","format-standard","has-post-thumbnail","hentry","category-general"],"post_mailing_queue_ids":[],"_links":{"self":[{"href":"https:\/\/agora.xtec.cat\/institutraspall\/wp-json\/wp\/v2\/posts\/18038","targetHints":{"allow":["GET"]}}],"collection":[{"href":"https:\/\/agora.xtec.cat\/institutraspall\/wp-json\/wp\/v2\/posts"}],"about":[{"href":"https:\/\/agora.xtec.cat\/institutraspall\/wp-json\/wp\/v2\/types\/post"}],"author":[{"embeddable":true,"href":"https:\/\/agora.xtec.cat\/institutraspall\/wp-json\/wp\/v2\/users\/1"}],"replies":[{"embeddable":true,"href":"https:\/\/agora.xtec.cat\/institutraspall\/wp-json\/wp\/v2\/comments?post=18038"}],"version-history":[{"count":0,"href":"https:\/\/agora.xtec.cat\/institutraspall\/wp-json\/wp\/v2\/posts\/18038\/revisions"}],"wp:featuredmedia":[{"embeddable":true,"href":"https:\/\/agora.xtec.cat\/institutraspall\/wp-json\/wp\/v2\/media\/18039"}],"wp:attachment":[{"href":"https:\/\/agora.xtec.cat\/institutraspall\/wp-json\/wp\/v2\/media?parent=18038"}],"wp:term":[{"taxonomy":"category","embeddable":true,"href":"https:\/\/agora.xtec.cat\/institutraspall\/wp-json\/wp\/v2\/categories?post=18038"},{"taxonomy":"post_tag","embeddable":true,"href":"https:\/\/agora.xtec.cat\/institutraspall\/wp-json\/wp\/v2\/tags?post=18038"}],"curies":[{"name":"wp","href":"https:\/\/api.w.org\/{rel}","templated":true}]}}