{"id":17955,"date":"2016-11-06T20:02:16","date_gmt":"2016-11-06T20:02:16","guid":{"rendered":"http:\/\/www.raspall.cat\/?p=17955"},"modified":"2016-11-06T20:02:16","modified_gmt":"2016-11-06T20:02:16","slug":"19-de-novembre-1a-fira-dintercanvi-dobjectes","status":"publish","type":"post","link":"https:\/\/agora.xtec.cat\/institutraspall\/general\/19-de-novembre-1a-fira-dintercanvi-dobjectes\/","title":{"rendered":"19 DE NOVEMBRE: 1\u00aa FIRA D\u2019INTERCANVI D\u2019OBJECTES"},"content":{"rendered":"<header class=\"entry-header\">\n<h1 class=\"entry-title\"><\/h1>\n<div class=\"entry-meta\"><\/div>\n<\/header>\n<div class=\"entry-content clear-fix\">\n<div>\n<p>Cardedeu Autosuficient i l&#8217;Ajuntament de Cardedeu organitza la 1\u00aa fira d&#8217;intercanvi d&#8217;objectes.<\/p>\n<p>Vine a intercanviar all\u00f2 que ja no facis servir i encara estigui en bon estat. T\u2019esperem al centre de Cardedeu el\u00a0<strong>dissabte 19 de novembre<\/strong>\u00a0<strong>a partir de les 10<\/strong>.<\/p>\n<p>Si pots portar la teva taula plegable millor. Al carrer Llu\u00eds Llibre hi ha un p\u00e0rking de terra fora de la zona vermella (Can Mill) i, si v\u00e9ns d\u2019hora i no en portes, podr\u00e0s triar-ne una. Porta el teu material, pots venir tamb\u00e9 amb el teu carro carregat fins dalt i anar passant amunt i avall\u2026 Quants m\u00e9s siguem a la Fira m\u00e9s possibilitats tindrem de fer entre totes i tots un Bon Mercat.<\/p>\n<p><strong>Normes d\u2019intercanvi respectu\u00f3s i consensuat:<\/strong><\/p>\n<ul>\n<li>Podeu muntar parada en grup.<\/li>\n<li>Porteu objectes en bon estat.<\/li>\n<li>Sigueu responsables de les vostres pertinences, durant el mercat i a l\u2019hora de marxar. \u00a0No pot quedar res al carrer.<\/li>\n<li>No podem agafar res sense que el propietari ho s\u00e0piga.<\/li>\n<li>Poseu-vos sempre d\u2019acord amb la persona que t\u00e9 una cosa que us agrada per intercanviar.<\/li>\n<li>Vosaltres li doneu valor a les vostres coses; podeu fins i tot regalar si us ve de gust.<\/li>\n<li>Podeu negar-vos a intercanviar si l\u2019altre no t\u00e9 res que us convenci.<\/li>\n<li>Podeu buscar totes les estrat\u00e8gies de negoci que us passin pel cap mentre sigueu respectuosos amb els altres i amb l\u2019ambient.<\/li>\n<\/ul>\n<p>&nbsp;<\/p>\n<\/div>\n<div><a href=\"https:\/\/agora.xtec.cat\/institutraspall\/wp-content\/uploads\/usu277\/2016\/11\/1er-mercat-dintercanvi-dobjectes-1.jpg\"><img loading=\"lazy\" decoding=\"async\" class=\"alignnone  wp-image-17956\" src=\"https:\/\/agora.xtec.cat\/institutraspall\/wp-content\/uploads\/usu277\/2016\/11\/1er-mercat-dintercanvi-dobjectes-1.jpg\" alt=\"1er-mercat-dintercanvi-dobjectes-1\" width=\"504\" height=\"713\" srcset=\"https:\/\/agora.xtec.cat\/institutraspall\/wp-content\/uploads\/usu277\/2016\/11\/1er-mercat-dintercanvi-dobjectes-1.jpg 720w, https:\/\/agora.xtec.cat\/institutraspall\/wp-content\/uploads\/usu277\/2016\/11\/1er-mercat-dintercanvi-dobjectes-1-212x300.jpg 212w\" sizes=\"auto, (max-width: 504px) 100vw, 504px\" \/><\/a><\/div>\n<\/div>\n","protected":false},"excerpt":{"rendered":"<p>Cardedeu Autosuficient i l&#8217;Ajuntament de Cardedeu organitza la 1\u00aa fira d&#8217;intercanvi d&#8217;objectes. Vine a intercanviar all\u00f2 que ja no facis servir i encara estigui en bon estat. T\u2019esperem al centre de Cardedeu el\u00a0dissabte 19 de novembre\u00a0a partir de les 10. Si pots portar la teva taula plegable millor. Al carrer Llu\u00eds Llibre hi ha un [&hellip;]<\/p>\n","protected":false},"author":1,"featured_media":17956,"comment_status":"open","ping_status":"open","sticky":false,"template":"","format":"standard","meta":{"_bbp_topic_count":0,"_bbp_reply_count":0,"_bbp_total_topic_count":0,"_bbp_total_reply_count":0,"_bbp_voice_count":0,"_bbp_anonymous_reply_count":0,"_bbp_topic_count_hidden":0,"_bbp_reply_count_hidden":0,"_bbp_forum_subforum_count":0,"site-sidebar-layout":"default","site-content-layout":"","ast-site-content-layout":"","site-content-style":"default","site-sidebar-style":"default","ast-global-header-display":"","ast-banner-title-visibility":"","ast-main-header-display":"","ast-hfb-above-header-display":"","ast-hfb-below-header-display":"","ast-hfb-mobile-header-display":"","site-post-title":"","ast-breadcrumbs-content":"","ast-featured-img":"","footer-sml-layout":"","theme-transparent-header-meta":"","adv-header-id-meta":"","stick-header-meta":"","header-above-stick-meta":"","header-main-stick-meta":"","header-below-stick-meta":"","astra-migrate-meta-layouts":"default","ast-page-background-enabled":"default","ast-page-background-meta":{"desktop":{"background-color":"var(--ast-global-color-4)","background-image":"","background-repeat":"repeat","background-position":"center center","background-size":"auto","background-attachment":"scroll","background-type":"","background-media":"","overlay-type":"","overlay-color":"","overlay-opacity":"","overlay-gradient":""},"tablet":{"background-color":"","background-image":"","background-repeat":"repeat","background-position":"center center","background-size":"auto","background-attachment":"scroll","background-type":"","background-media":"","overlay-type":"","overlay-color":"","overlay-opacity":"","overlay-gradient":""},"mobile":{"background-color":"","background-image":"","background-repeat":"repeat","background-position":"center center","background-size":"auto","background-attachment":"scroll","background-type":"","background-media":"","overlay-type":"","overlay-color":"","overlay-opacity":"","overlay-gradient":""}},"ast-content-background-meta":{"desktop":{"background-color":"var(--ast-global-color-5)","background-image":"","background-repeat":"repeat","background-position":"center center","background-size":"auto","background-attachment":"scroll","background-type":"","background-media":"","overlay-type":"","overlay-color":"","overlay-opacity":"","overlay-gradient":""},"tablet":{"background-color":"var(--ast-global-color-5)","background-image":"","background-repeat":"repeat","background-position":"center center","background-size":"auto","background-attachment":"scroll","background-type":"","background-media":"","overlay-type":"","overlay-color":"","overlay-opacity":"","overlay-gradient":""},"mobile":{"background-color":"var(--ast-global-color-5)","background-image":"","background-repeat":"repeat","background-position":"center center","background-size":"auto","background-attachment":"scroll","background-type":"","background-media":"","overlay-type":"","overlay-color":"","overlay-opacity":"","overlay-gradient":""}},"footnotes":""},"categories":[1],"tags":[],"class_list":["post-17955","post","type-post","status-publish","format-standard","has-post-thumbnail","hentry","category-general"],"post_mailing_queue_ids":[],"_links":{"self":[{"href":"https:\/\/agora.xtec.cat\/institutraspall\/wp-json\/wp\/v2\/posts\/17955","targetHints":{"allow":["GET"]}}],"collection":[{"href":"https:\/\/agora.xtec.cat\/institutraspall\/wp-json\/wp\/v2\/posts"}],"about":[{"href":"https:\/\/agora.xtec.cat\/institutraspall\/wp-json\/wp\/v2\/types\/post"}],"author":[{"embeddable":true,"href":"https:\/\/agora.xtec.cat\/institutraspall\/wp-json\/wp\/v2\/users\/1"}],"replies":[{"embeddable":true,"href":"https:\/\/agora.xtec.cat\/institutraspall\/wp-json\/wp\/v2\/comments?post=17955"}],"version-history":[{"count":0,"href":"https:\/\/agora.xtec.cat\/institutraspall\/wp-json\/wp\/v2\/posts\/17955\/revisions"}],"wp:featuredmedia":[{"embeddable":true,"href":"https:\/\/agora.xtec.cat\/institutraspall\/wp-json\/wp\/v2\/media\/17956"}],"wp:attachment":[{"href":"https:\/\/agora.xtec.cat\/institutraspall\/wp-json\/wp\/v2\/media?parent=17955"}],"wp:term":[{"taxonomy":"category","embeddable":true,"href":"https:\/\/agora.xtec.cat\/institutraspall\/wp-json\/wp\/v2\/categories?post=17955"},{"taxonomy":"post_tag","embeddable":true,"href":"https:\/\/agora.xtec.cat\/institutraspall\/wp-json\/wp\/v2\/tags?post=17955"}],"curies":[{"name":"wp","href":"https:\/\/api.w.org\/{rel}","templated":true}]}}