{"id":8648,"date":"2017-11-27T20:32:24","date_gmt":"2017-11-27T19:32:24","guid":{"rendered":"http:\/\/agora.xtec.cat\/institutmontserratroig\/?p=8648"},"modified":"2017-11-27T21:08:42","modified_gmt":"2017-11-27T20:08:42","slug":"els-posters-del-dia-contra-la-violencia-de-genere","status":"publish","type":"post","link":"https:\/\/agora.xtec.cat\/institutmontserratroig\/eso\/els-posters-del-dia-contra-la-violencia-de-genere\/","title":{"rendered":"Micromasclismes? No, gr\u00e0cies"},"content":{"rendered":"<h6 style=\"text-align: center;\">Els p\u00f2sters del dia contra la viol\u00e8ncia de g\u00e8nere<\/h6>\n<p style=\"text-align: justify;\">A l&#8217;institut tenim la sort de comptar amb un grup d&#8217;alumnes que cada curs ens ajuden a dinamitzar la celebraci\u00f3 del 25 de novembre. Entre les moltes activitats que es van dur a terme aquell dia, i de les que ben aviat us en farem cinc c\u00e8ntims, avui us donem a con\u00e8ixer la de la creaci\u00f3 i confecci\u00f3 de cartells al\u00b7lusius que despr\u00e9s es van anar penjant pels passadissos i altres espais del centre. Tot \u00e9s poc per canviar consci\u00e8ncies i aconseguir m\u00e9s just\u00edcia i igualtat en les nostres relacions!<\/p>\n<p><a href=\"https:\/\/photos.app.goo.gl\/rM4QNSxGn0tLkn1g1\" target=\"_blank\" rel=\"noopener noreferrer\"><img loading=\"lazy\" decoding=\"async\" class=\"aligncenter wp-image-8649 size-full\" src=\"http:\/\/agora.xtec.cat\/institutmontserratroig\/wp-content\/uploads\/usu342\/2017\/11\/imatge-fotos-dia-contra-violencia-genere.png\" alt=\"\" width=\"1010\" height=\"508\" srcset=\"https:\/\/agora.xtec.cat\/institutmontserratroig\/wp-content\/uploads\/usu342\/2017\/11\/imatge-fotos-dia-contra-violencia-genere.png 1010w, https:\/\/agora.xtec.cat\/institutmontserratroig\/wp-content\/uploads\/usu342\/2017\/11\/imatge-fotos-dia-contra-violencia-genere-300x151.png 300w, https:\/\/agora.xtec.cat\/institutmontserratroig\/wp-content\/uploads\/usu342\/2017\/11\/imatge-fotos-dia-contra-violencia-genere-768x386.png 768w\" sizes=\"auto, (max-width: 1010px) 100vw, 1010px\" \/><\/a><\/p>\n","protected":false},"excerpt":{"rendered":"<p>Els p\u00f2sters del dia contra la viol\u00e8ncia de g\u00e8nere<br \/>\nA l&#8217;institut tenim la sort de comptar amb un grup d&#8217;alumnes que cada curs ens ajuden a dinamitzar la celebraci\u00f3 del 25 de novembre. Entre les moltes activitats que es van dur a terme aquell dia, i&hellip;  <a href=\"https:\/\/agora.xtec.cat\/institutmontserratroig\/eso\/els-posters-del-dia-contra-la-violencia-de-genere\/\" title=\"Read Micromasclismes? No, gr\u00e0cies\">Llegeix m\u00e9s\u00bb<\/a><\/p>\n","protected":false},"author":1,"featured_media":6742,"comment_status":"open","ping_status":"closed","sticky":false,"template":"","format":"standard","meta":{"_bbp_topic_count":0,"_bbp_reply_count":0,"_bbp_total_topic_count":0,"_bbp_total_reply_count":0,"_bbp_voice_count":0,"_bbp_anonymous_reply_count":0,"_bbp_topic_count_hidden":0,"_bbp_reply_count_hidden":0,"_bbp_forum_subforum_count":0,"footnotes":""},"categories":[8,205,3,29],"tags":[132],"class_list":["post-8648","post","type-post","status-publish","format-standard","has-post-thumbnail","hentry","category-batxillerat","category-curs-2017-18","category-eso","category-portada","tag-dies-de"],"post_mailing_queue_ids":[],"_links":{"self":[{"href":"https:\/\/agora.xtec.cat\/institutmontserratroig\/wp-json\/wp\/v2\/posts\/8648","targetHints":{"allow":["GET"]}}],"collection":[{"href":"https:\/\/agora.xtec.cat\/institutmontserratroig\/wp-json\/wp\/v2\/posts"}],"about":[{"href":"https:\/\/agora.xtec.cat\/institutmontserratroig\/wp-json\/wp\/v2\/types\/post"}],"author":[{"embeddable":true,"href":"https:\/\/agora.xtec.cat\/institutmontserratroig\/wp-json\/wp\/v2\/users\/1"}],"replies":[{"embeddable":true,"href":"https:\/\/agora.xtec.cat\/institutmontserratroig\/wp-json\/wp\/v2\/comments?post=8648"}],"version-history":[{"count":3,"href":"https:\/\/agora.xtec.cat\/institutmontserratroig\/wp-json\/wp\/v2\/posts\/8648\/revisions"}],"predecessor-version":[{"id":8652,"href":"https:\/\/agora.xtec.cat\/institutmontserratroig\/wp-json\/wp\/v2\/posts\/8648\/revisions\/8652"}],"wp:featuredmedia":[{"embeddable":true,"href":"https:\/\/agora.xtec.cat\/institutmontserratroig\/wp-json\/wp\/v2\/media\/6742"}],"wp:attachment":[{"href":"https:\/\/agora.xtec.cat\/institutmontserratroig\/wp-json\/wp\/v2\/media?parent=8648"}],"wp:term":[{"taxonomy":"category","embeddable":true,"href":"https:\/\/agora.xtec.cat\/institutmontserratroig\/wp-json\/wp\/v2\/categories?post=8648"},{"taxonomy":"post_tag","embeddable":true,"href":"https:\/\/agora.xtec.cat\/institutmontserratroig\/wp-json\/wp\/v2\/tags?post=8648"}],"curies":[{"name":"wp","href":"https:\/\/api.w.org\/{rel}","templated":true}]}}