{"id":7272,"date":"2017-06-13T23:32:54","date_gmt":"2017-06-13T21:32:54","guid":{"rendered":"http:\/\/agora.xtec.cat\/institutmontserratroig\/?p=7272"},"modified":"2017-06-14T15:43:45","modified_gmt":"2017-06-14T13:43:45","slug":"a-3r-deso-fem-teatre-a-laula","status":"publish","type":"post","link":"https:\/\/agora.xtec.cat\/institutmontserratroig\/eso\/a-3r-deso-fem-teatre-a-laula\/","title":{"rendered":"A 3r d&#8217;ESO fem teatre a l\u2019aula!"},"content":{"rendered":"<p style=\"text-align: justify;\">El 29 i el 31 de maig els alumnes de 3r d\u2019ESO van interpretar algunes escenes de les obres <em>Mar i cel<\/em>, d\u2019\u00c0ngel Guimer\u00e0, i <em>Aig\u00fces encantades<\/em>, de Joan Puig i Ferreter, en el context de l\u2019assignatura Llengua catalana i literatura.<\/p>\n<p style=\"text-align: justify;\">Els alumnes es van posar a la pell dels personatges i d\u2019aquesta manera van aconseguir endinsar-se en aquests dos cl\u00e0ssics del teatre catal\u00e0 del final del segle XIX i del principi del segle XX, respectivament.<\/p>\n<p style=\"text-align: justify;\">A cada classe es van formar sis grups de quatre persones, i entre tots van interpretar les escenes m\u00e9s rellevants dels tres actes de cada obra.<\/p>\n<p style=\"text-align: justify;\">Aqu\u00ed en podeu veure una selecci\u00f3 de fotos i dos cartells.<\/p>\n<table style=\"width: 100%; border: none;\">\n<tbody>\n<tr>\n<td style=\"border: none;\"><a href=\"http:\/\/agora.xtec.cat\/institutmontserratroig\/wp-content\/uploads\/usu342\/2017\/06\/Aigu\u0308es-encantades.jpg\"><img loading=\"lazy\" decoding=\"async\" class=\"aligncenter wp-image-7276\" src=\"http:\/\/agora.xtec.cat\/institutmontserratroig\/wp-content\/uploads\/usu342\/2017\/06\/Aigu\u0308es-encantades-768x1024.jpg\" alt=\"Aigu\u0308es encantades\" width=\"300\" height=\"400\" srcset=\"https:\/\/agora.xtec.cat\/institutmontserratroig\/wp-content\/uploads\/usu342\/2017\/06\/Aigu\u0308es-encantades-768x1024.jpg 768w, https:\/\/agora.xtec.cat\/institutmontserratroig\/wp-content\/uploads\/usu342\/2017\/06\/Aigu\u0308es-encantades-225x300.jpg 225w, https:\/\/agora.xtec.cat\/institutmontserratroig\/wp-content\/uploads\/usu342\/2017\/06\/Aigu\u0308es-encantades.jpg 1600w\" sizes=\"auto, (max-width: 300px) 100vw, 300px\" \/><\/a><\/td>\n<td style=\"border: none;\"><a href=\"http:\/\/agora.xtec.cat\/institutmontserratroig\/wp-content\/uploads\/usu342\/2017\/06\/Mar-i-cel.jpg\"><img loading=\"lazy\" decoding=\"async\" class=\"aligncenter wp-image-7277\" src=\"http:\/\/agora.xtec.cat\/institutmontserratroig\/wp-content\/uploads\/usu342\/2017\/06\/Mar-i-cel-825x1024.jpg\" alt=\"Mar i cel\" width=\"322\" height=\"400\" srcset=\"https:\/\/agora.xtec.cat\/institutmontserratroig\/wp-content\/uploads\/usu342\/2017\/06\/Mar-i-cel-825x1024.jpg 825w, https:\/\/agora.xtec.cat\/institutmontserratroig\/wp-content\/uploads\/usu342\/2017\/06\/Mar-i-cel-242x300.jpg 242w, https:\/\/agora.xtec.cat\/institutmontserratroig\/wp-content\/uploads\/usu342\/2017\/06\/Mar-i-cel-768x953.jpg 768w, https:\/\/agora.xtec.cat\/institutmontserratroig\/wp-content\/uploads\/usu342\/2017\/06\/Mar-i-cel.jpg 1080w\" sizes=\"auto, (max-width: 322px) 100vw, 322px\" \/><\/a><\/td>\n<\/tr>\n<\/tbody>\n<\/table>\n<h5 style=\"text-align: center;\"><a href=\"https:\/\/goo.gl\/photos\/dVVK8c56NYyjwiN4A\" target=\"_blank\">Fotos de l&#8217;activitat<\/a><\/h5>\n","protected":false},"excerpt":{"rendered":"<p>El 29 i el 31 de maig els alumnes de 3r d\u2019ESO van interpretar algunes escenes de les obres Mar i cel, d\u2019\u00c0ngel Guimer\u00e0, i Aig\u00fces encantades, de Joan Puig i Ferreter, en el context de l\u2019assignatura Llengua catalana i literatura.<br \/>\nEls alumnes es van posar&hellip;  <a href=\"https:\/\/agora.xtec.cat\/institutmontserratroig\/eso\/a-3r-deso-fem-teatre-a-laula\/\" title=\"Read A 3r d&#8217;ESO fem teatre a l\u2019aula!\">Llegeix m\u00e9s\u00bb<\/a><\/p>\n","protected":false},"author":1,"featured_media":7275,"comment_status":"open","ping_status":"closed","sticky":false,"template":"","format":"standard","meta":{"_bbp_topic_count":0,"_bbp_reply_count":0,"_bbp_total_topic_count":0,"_bbp_total_reply_count":0,"_bbp_voice_count":0,"_bbp_anonymous_reply_count":0,"_bbp_topic_count_hidden":0,"_bbp_reply_count_hidden":0,"_bbp_forum_subforum_count":0,"footnotes":""},"categories":[158,3,85,103,29],"tags":[40],"class_list":["post-7272","post","type-post","status-publish","format-standard","has-post-thumbnail","hentry","category-curs-2016-17","category-eso","category-eso-3","category-llengua-catalana","category-portada","tag-teatre"],"post_mailing_queue_ids":[],"_links":{"self":[{"href":"https:\/\/agora.xtec.cat\/institutmontserratroig\/wp-json\/wp\/v2\/posts\/7272","targetHints":{"allow":["GET"]}}],"collection":[{"href":"https:\/\/agora.xtec.cat\/institutmontserratroig\/wp-json\/wp\/v2\/posts"}],"about":[{"href":"https:\/\/agora.xtec.cat\/institutmontserratroig\/wp-json\/wp\/v2\/types\/post"}],"author":[{"embeddable":true,"href":"https:\/\/agora.xtec.cat\/institutmontserratroig\/wp-json\/wp\/v2\/users\/1"}],"replies":[{"embeddable":true,"href":"https:\/\/agora.xtec.cat\/institutmontserratroig\/wp-json\/wp\/v2\/comments?post=7272"}],"version-history":[{"count":3,"href":"https:\/\/agora.xtec.cat\/institutmontserratroig\/wp-json\/wp\/v2\/posts\/7272\/revisions"}],"predecessor-version":[{"id":7281,"href":"https:\/\/agora.xtec.cat\/institutmontserratroig\/wp-json\/wp\/v2\/posts\/7272\/revisions\/7281"}],"wp:featuredmedia":[{"embeddable":true,"href":"https:\/\/agora.xtec.cat\/institutmontserratroig\/wp-json\/wp\/v2\/media\/7275"}],"wp:attachment":[{"href":"https:\/\/agora.xtec.cat\/institutmontserratroig\/wp-json\/wp\/v2\/media?parent=7272"}],"wp:term":[{"taxonomy":"category","embeddable":true,"href":"https:\/\/agora.xtec.cat\/institutmontserratroig\/wp-json\/wp\/v2\/categories?post=7272"},{"taxonomy":"post_tag","embeddable":true,"href":"https:\/\/agora.xtec.cat\/institutmontserratroig\/wp-json\/wp\/v2\/tags?post=7272"}],"curies":[{"name":"wp","href":"https:\/\/api.w.org\/{rel}","templated":true}]}}