{"id":7155,"date":"2017-06-02T09:53:12","date_gmt":"2017-06-02T07:53:12","guid":{"rendered":"http:\/\/agora.xtec.cat\/institutmontserratroig\/?p=7155"},"modified":"2017-06-06T23:29:16","modified_gmt":"2017-06-06T21:29:16","slug":"un-primer-tast-dels-projectes-del-3r-trimestre","status":"publish","type":"post","link":"https:\/\/agora.xtec.cat\/institutmontserratroig\/eso\/un-primer-tast-dels-projectes-del-3r-trimestre\/","title":{"rendered":"Un primer tast dels projectes del 3r trimestre: els p\u00f2sters cient\u00edfics"},"content":{"rendered":"<p style=\"text-align: justify;\">Aquesta \u00faltima setmana l&#8217;alumnat d&#8217;ESO ha estat for\u00e7a ocupat treballant en diferents projectes que havien proposat i dissenyat els departaments del centre. Ens consta que s&#8217;ha fet molt bona feina i que els resultats s\u00f3n molt satisfactoris. Ben aviat us farem una presentaci\u00f3 completa dels projectes, per\u00f2, de moment, pengem els p\u00f2sters cient\u00edfics que han fet alguns alumnes de 4t.<\/p>\n<table style=\"width: 100%; border: none; background-color: #f6f6f6;\">\n<tbody>\n<tr>\n<td style=\"text-align: center; border: none;\"><a href=\"http:\/\/agora.xtec.cat\/institutmontserratroig\/wp-content\/uploads\/usu342\/2017\/06\/Grup-1.jpg\" target=\"_blank\"><img loading=\"lazy\" decoding=\"async\" class=\"aligncenter wp-image-7156\" src=\"http:\/\/agora.xtec.cat\/institutmontserratroig\/wp-content\/uploads\/usu342\/2017\/06\/Grup-1-300x212.jpg\" alt=\"Grup 1\" width=\"212\" height=\"150\" srcset=\"https:\/\/agora.xtec.cat\/institutmontserratroig\/wp-content\/uploads\/usu342\/2017\/06\/Grup-1-300x212.jpg 300w, https:\/\/agora.xtec.cat\/institutmontserratroig\/wp-content\/uploads\/usu342\/2017\/06\/Grup-1-768x543.jpg 768w, https:\/\/agora.xtec.cat\/institutmontserratroig\/wp-content\/uploads\/usu342\/2017\/06\/Grup-1-1024x723.jpg 1024w, https:\/\/agora.xtec.cat\/institutmontserratroig\/wp-content\/uploads\/usu342\/2017\/06\/Grup-1.jpg 1754w\" sizes=\"auto, (max-width: 212px) 100vw, 212px\" \/><\/a><\/td>\n<td style=\"text-align: center; border: none;\"><a href=\"http:\/\/agora.xtec.cat\/institutmontserratroig\/wp-content\/uploads\/usu342\/2017\/06\/Grup-2.jpg\" target=\"_blank\"><img loading=\"lazy\" decoding=\"async\" class=\"aligncenter wp-image-7157\" src=\"http:\/\/agora.xtec.cat\/institutmontserratroig\/wp-content\/uploads\/usu342\/2017\/06\/Grup-2-212x300.jpg\" alt=\"Grup 2\" width=\"106\" height=\"150\" srcset=\"https:\/\/agora.xtec.cat\/institutmontserratroig\/wp-content\/uploads\/usu342\/2017\/06\/Grup-2-212x300.jpg 212w, https:\/\/agora.xtec.cat\/institutmontserratroig\/wp-content\/uploads\/usu342\/2017\/06\/Grup-2-768x1087.jpg 768w, https:\/\/agora.xtec.cat\/institutmontserratroig\/wp-content\/uploads\/usu342\/2017\/06\/Grup-2-723x1024.jpg 723w, https:\/\/agora.xtec.cat\/institutmontserratroig\/wp-content\/uploads\/usu342\/2017\/06\/Grup-2.jpg 1239w\" sizes=\"auto, (max-width: 106px) 100vw, 106px\" \/><\/a><\/td>\n<td style=\"text-align: center; border: none;\"><a href=\"http:\/\/agora.xtec.cat\/institutmontserratroig\/wp-content\/uploads\/usu342\/2017\/06\/Grup-4.jpg\" target=\"_blank\"><img loading=\"lazy\" decoding=\"async\" class=\"aligncenter wp-image-7158\" src=\"http:\/\/agora.xtec.cat\/institutmontserratroig\/wp-content\/uploads\/usu342\/2017\/06\/Grup-4-300x212.jpg\" alt=\"Grup 4\" width=\"212\" height=\"150\" srcset=\"https:\/\/agora.xtec.cat\/institutmontserratroig\/wp-content\/uploads\/usu342\/2017\/06\/Grup-4-300x212.jpg 300w, https:\/\/agora.xtec.cat\/institutmontserratroig\/wp-content\/uploads\/usu342\/2017\/06\/Grup-4-768x543.jpg 768w, https:\/\/agora.xtec.cat\/institutmontserratroig\/wp-content\/uploads\/usu342\/2017\/06\/Grup-4-1024x723.jpg 1024w, https:\/\/agora.xtec.cat\/institutmontserratroig\/wp-content\/uploads\/usu342\/2017\/06\/Grup-4.jpg 1754w\" sizes=\"auto, (max-width: 212px) 100vw, 212px\" \/><\/a><\/td>\n<td style=\"text-align: center; border: none;\"><a href=\"http:\/\/agora.xtec.cat\/institutmontserratroig\/wp-content\/uploads\/usu342\/2017\/06\/grup-10.jpg\" target=\"_blank\"><img loading=\"lazy\" decoding=\"async\" class=\"aligncenter wp-image-7159\" src=\"http:\/\/agora.xtec.cat\/institutmontserratroig\/wp-content\/uploads\/usu342\/2017\/06\/grup-10-300x212.jpg\" alt=\"grup 10\" width=\"212\" height=\"150\" srcset=\"https:\/\/agora.xtec.cat\/institutmontserratroig\/wp-content\/uploads\/usu342\/2017\/06\/grup-10-300x212.jpg 300w, https:\/\/agora.xtec.cat\/institutmontserratroig\/wp-content\/uploads\/usu342\/2017\/06\/grup-10-768x543.jpg 768w, https:\/\/agora.xtec.cat\/institutmontserratroig\/wp-content\/uploads\/usu342\/2017\/06\/grup-10-1024x723.jpg 1024w, https:\/\/agora.xtec.cat\/institutmontserratroig\/wp-content\/uploads\/usu342\/2017\/06\/grup-10.jpg 1754w\" sizes=\"auto, (max-width: 212px) 100vw, 212px\" \/><\/a><\/td>\n<td style=\"text-align: center; border: none;\"><a href=\"http:\/\/agora.xtec.cat\/institutmontserratroig\/wp-content\/uploads\/usu342\/2017\/06\/grup-12.jpg\" target=\"_blank\"><img loading=\"lazy\" decoding=\"async\" class=\"aligncenter wp-image-7160\" src=\"http:\/\/agora.xtec.cat\/institutmontserratroig\/wp-content\/uploads\/usu342\/2017\/06\/grup-12-300x212.jpg\" alt=\"grup 12\" width=\"212\" height=\"150\" srcset=\"https:\/\/agora.xtec.cat\/institutmontserratroig\/wp-content\/uploads\/usu342\/2017\/06\/grup-12-300x212.jpg 300w, https:\/\/agora.xtec.cat\/institutmontserratroig\/wp-content\/uploads\/usu342\/2017\/06\/grup-12-768x543.jpg 768w, https:\/\/agora.xtec.cat\/institutmontserratroig\/wp-content\/uploads\/usu342\/2017\/06\/grup-12-1024x723.jpg 1024w, https:\/\/agora.xtec.cat\/institutmontserratroig\/wp-content\/uploads\/usu342\/2017\/06\/grup-12.jpg 1754w\" sizes=\"auto, (max-width: 212px) 100vw, 212px\" \/><\/a><\/td>\n<td style=\"text-align: center; border: none;\"><a href=\"http:\/\/agora.xtec.cat\/institutmontserratroig\/wp-content\/uploads\/usu342\/2017\/06\/grup-14.jpg\" target=\"_blank\"><img loading=\"lazy\" decoding=\"async\" class=\"aligncenter wp-image-7161\" src=\"http:\/\/agora.xtec.cat\/institutmontserratroig\/wp-content\/uploads\/usu342\/2017\/06\/grup-14-300x212.jpg\" alt=\"grup 14\" width=\"212\" height=\"150\" srcset=\"https:\/\/agora.xtec.cat\/institutmontserratroig\/wp-content\/uploads\/usu342\/2017\/06\/grup-14-300x212.jpg 300w, https:\/\/agora.xtec.cat\/institutmontserratroig\/wp-content\/uploads\/usu342\/2017\/06\/grup-14-768x543.jpg 768w, https:\/\/agora.xtec.cat\/institutmontserratroig\/wp-content\/uploads\/usu342\/2017\/06\/grup-14-1024x723.jpg 1024w, https:\/\/agora.xtec.cat\/institutmontserratroig\/wp-content\/uploads\/usu342\/2017\/06\/grup-14.jpg 1754w\" sizes=\"auto, (max-width: 212px) 100vw, 212px\" \/><\/a><\/td>\n<\/tr>\n<\/tbody>\n<tbody>\n<tr>\n<th style=\"text-align: center;\">Grup 1<\/th>\n<th style=\"text-align: center;\">Grup 2<\/th>\n<th style=\"text-align: center;\">Grup 4<\/th>\n<th style=\"text-align: center;\">Grup 10<\/th>\n<th style=\"text-align: center;\">Grup 12<\/th>\n<th style=\"text-align: center;\">Grup 14<\/th>\n<\/tr>\n<\/tbody>\n<\/table>\n<p style=\"text-align: justify;\"><!--more--><\/p>\n<p style=\"text-align: justify;\">Aquest projecte, concretament, tenia com a objectiu principal l\u2019elaboraci\u00f3 i presentaci\u00f3 d\u2019un p\u00f2ster cient\u00edfic. A partir del so d&#8217;un instrument ent\u00e8s com a fenomen f\u00edsic i mitjan\u00e7ant una aplicaci\u00f3 de m\u00f2bil, calia analitzar-ne el timbre, comprovar la relaci\u00f3\u00a0entre freq\u00fc\u00e8ncia i to instrumental, i mostrar gr\u00e0ficament l&#8217;espectre de freq\u00fc\u00e8ncies harm\u00f2niques. En acabar, cada grup presentava el seu treball a la resta de companys.<\/p>\n<p style=\"text-align: justify;\">La selecci\u00f3 dels p\u00f2sters que veieu respon a la seva singularitat o troballa particular:<\/p>\n<table style=\"width: 100%;\">\n<tbody>\n<tr>\n<td>El so de la gralla \u00e9s un dels que t\u00e9 un conjunt d&#8217;harm\u00f2nics m\u00e9s ampli d&#8217;entre tots els sons dels instruments.<\/td>\n<\/tr>\n<tr>\n<td>Amb l&#8217;aplicaci\u00f3 de m\u00f2bil s&#8217;ha pogut demostrar que quan sona una nota, el que sentim \u00e9s la suma del so de l&#8217;instrument i el so del soroll ambiental, per tant es podria (electr\u00f2nicament) filtrar el soroll i quedar-nos tan sols amb el so de l&#8217;instrument.<\/td>\n<\/tr>\n<tr>\n<td>En altres p\u00f2sters es compara el timbre (conjunt d&#8217;harm\u00f2nics amb intensitats diverses) de m\u00e9s d&#8217;un instrument. Per exemple el diapas\u00f3, la guitarra i el viol\u00ed.<\/td>\n<\/tr>\n<tr>\n<td>En un altre projecte, el descobriment ha estat que el so d&#8217;un piano electr\u00f2nic pot ser pur, en el sentit que no t\u00e9 harm\u00f2nics tal com si fos un diapas\u00f3.<\/td>\n<\/tr>\n<\/tbody>\n<\/table>\n<p>&nbsp;<\/p>\n","protected":false},"excerpt":{"rendered":"<p>Aquesta \u00faltima setmana l&#8217;alumnat d&#8217;ESO ha estat for\u00e7a ocupat treballant en diferents projectes que havien proposat i dissenyat els departaments del centre. Ens consta que s&#8217;ha fet molt bona feina i que els resultats s\u00f3n molt satisfactoris. Ben aviat us farem una presentaci\u00f3 completa dels&hellip;  <a href=\"https:\/\/agora.xtec.cat\/institutmontserratroig\/eso\/un-primer-tast-dels-projectes-del-3r-trimestre\/\" title=\"Read Un primer tast dels projectes del 3r trimestre: els p\u00f2sters cient\u00edfics\">Llegeix m\u00e9s\u00bb<\/a><\/p>\n","protected":false},"author":1,"featured_media":7156,"comment_status":"open","ping_status":"closed","sticky":false,"template":"","format":"standard","meta":{"_bbp_topic_count":0,"_bbp_reply_count":0,"_bbp_total_topic_count":0,"_bbp_total_reply_count":0,"_bbp_voice_count":0,"_bbp_anonymous_reply_count":0,"_bbp_topic_count_hidden":0,"_bbp_reply_count_hidden":0,"_bbp_forum_subforum_count":0,"footnotes":""},"categories":[92,158,3,86,29,203],"tags":[204],"class_list":["post-7155","post","type-post","status-publish","format-standard","has-post-thumbnail","hentry","category-ciencies-naturals","category-curs-2016-17","category-eso","category-eso-4","category-portada","category-projectes-de-petit-format","tag-i-projectes-de-petit-format"],"post_mailing_queue_ids":[],"_links":{"self":[{"href":"https:\/\/agora.xtec.cat\/institutmontserratroig\/wp-json\/wp\/v2\/posts\/7155","targetHints":{"allow":["GET"]}}],"collection":[{"href":"https:\/\/agora.xtec.cat\/institutmontserratroig\/wp-json\/wp\/v2\/posts"}],"about":[{"href":"https:\/\/agora.xtec.cat\/institutmontserratroig\/wp-json\/wp\/v2\/types\/post"}],"author":[{"embeddable":true,"href":"https:\/\/agora.xtec.cat\/institutmontserratroig\/wp-json\/wp\/v2\/users\/1"}],"replies":[{"embeddable":true,"href":"https:\/\/agora.xtec.cat\/institutmontserratroig\/wp-json\/wp\/v2\/comments?post=7155"}],"version-history":[{"count":3,"href":"https:\/\/agora.xtec.cat\/institutmontserratroig\/wp-json\/wp\/v2\/posts\/7155\/revisions"}],"predecessor-version":[{"id":7204,"href":"https:\/\/agora.xtec.cat\/institutmontserratroig\/wp-json\/wp\/v2\/posts\/7155\/revisions\/7204"}],"wp:featuredmedia":[{"embeddable":true,"href":"https:\/\/agora.xtec.cat\/institutmontserratroig\/wp-json\/wp\/v2\/media\/7156"}],"wp:attachment":[{"href":"https:\/\/agora.xtec.cat\/institutmontserratroig\/wp-json\/wp\/v2\/media?parent=7155"}],"wp:term":[{"taxonomy":"category","embeddable":true,"href":"https:\/\/agora.xtec.cat\/institutmontserratroig\/wp-json\/wp\/v2\/categories?post=7155"},{"taxonomy":"post_tag","embeddable":true,"href":"https:\/\/agora.xtec.cat\/institutmontserratroig\/wp-json\/wp\/v2\/tags?post=7155"}],"curies":[{"name":"wp","href":"https:\/\/api.w.org\/{rel}","templated":true}]}}