{"id":7152,"date":"2017-06-01T09:50:04","date_gmt":"2017-06-01T07:50:04","guid":{"rendered":"http:\/\/agora.xtec.cat\/institutmontserratroig\/?p=7152"},"modified":"2017-06-13T18:30:41","modified_gmt":"2017-06-13T16:30:41","slug":"festa-de-la-gent-gran-2017","status":"publish","type":"post","link":"https:\/\/agora.xtec.cat\/institutmontserratroig\/batxillerat\/festa-de-la-gent-gran-2017\/","title":{"rendered":"Festa de la Gent Gran 2017"},"content":{"rendered":"<p style=\"text-align: center;\"><iframe loading=\"lazy\" src=\"https:\/\/www.youtube.com\/embed\/LtE4uay7pJE\" width=\"800\" height=\"450\" frameborder=\"0\" allowfullscreen=\"allowfullscreen\"><\/iframe><\/p>\n<p style=\"text-align: justify;\">El dimecres 17 de maig, als jardins del Pr\u00edncep de Girona, els alumnes de 1r de Batx van per poder participar en activitats adre\u00e7ades a gent gran.<\/p>\n<p style=\"text-align: justify;\"><!--more--><\/p>\n<p style=\"text-align: justify;\">Aquestes activitats van transc\u00f3rrer entre les 10 i les 12 del mat\u00ed. Es van iniciar amb l\u2019agrupaci\u00f3 dels alumnes per donar-los les indicacions pertinents, fer les distribucions dels grups entre els avis i les \u00e0vies i continuar amb el repartiment de les samarretes.<\/p>\n<p style=\"text-align: justify;\">Els grups consistien en una combinaci\u00f3 entre gent gran i joves, a fi de realitzar unes activitats en un temps determinat. Aquests exercicis estaven dirigits al treball de bra\u00e7os, cames i malucs potenciant la coordinaci\u00f3 i la flexibilitat. A m\u00e9s de ser una activitat de ball dirigida per un monitor i acompanyada pels alumnes del nostre centre.<\/p>\n<p style=\"text-align: justify;\">Creiem que aquesta sortida ha sigut for\u00e7a divertida, tant per als avis com per als alumnes, i tamb\u00e9 per poder introduir els alumnes en activitats volunt\u00e0ries, ja que hem fet un dia diferent vivint una situaci\u00f3 enriquidora i coneixent una manera de relacionar-se entre la gent gran i nosaltres. Tots els assistents es van divertir i seria molt agradable que l&#8217;experi\u00e8ncia es torn\u00e9s a fer l&#8217;any seg\u00fcent.<\/p>\n<p>Valeria M Caro Figueroa, 1r Btx B<\/p>\n","protected":false},"excerpt":{"rendered":"<p>El dimecres 17 de maig, als jardins del Pr\u00edncep de Girona, els alumnes de 1r de Batx van per poder participar en activitats adre\u00e7ades a gent gran.<\/p>\n","protected":false},"author":1,"featured_media":7154,"comment_status":"open","ping_status":"closed","sticky":false,"template":"","format":"standard","meta":{"_bbp_topic_count":0,"_bbp_reply_count":0,"_bbp_total_topic_count":0,"_bbp_total_reply_count":0,"_bbp_voice_count":0,"_bbp_anonymous_reply_count":0,"_bbp_topic_count_hidden":0,"_bbp_reply_count_hidden":0,"_bbp_forum_subforum_count":0,"footnotes":""},"categories":[66,8,158,100,29],"tags":[138],"class_list":["post-7152","post","type-post","status-publish","format-standard","has-post-thumbnail","hentry","category-1r-de-batxillerat","category-batxillerat","category-curs-2016-17","category-educacio-fisica","category-portada","tag-gent-gran-en-forma"],"post_mailing_queue_ids":[],"_links":{"self":[{"href":"https:\/\/agora.xtec.cat\/institutmontserratroig\/wp-json\/wp\/v2\/posts\/7152","targetHints":{"allow":["GET"]}}],"collection":[{"href":"https:\/\/agora.xtec.cat\/institutmontserratroig\/wp-json\/wp\/v2\/posts"}],"about":[{"href":"https:\/\/agora.xtec.cat\/institutmontserratroig\/wp-json\/wp\/v2\/types\/post"}],"author":[{"embeddable":true,"href":"https:\/\/agora.xtec.cat\/institutmontserratroig\/wp-json\/wp\/v2\/users\/1"}],"replies":[{"embeddable":true,"href":"https:\/\/agora.xtec.cat\/institutmontserratroig\/wp-json\/wp\/v2\/comments?post=7152"}],"version-history":[{"count":3,"href":"https:\/\/agora.xtec.cat\/institutmontserratroig\/wp-json\/wp\/v2\/posts\/7152\/revisions"}],"predecessor-version":[{"id":7271,"href":"https:\/\/agora.xtec.cat\/institutmontserratroig\/wp-json\/wp\/v2\/posts\/7152\/revisions\/7271"}],"wp:featuredmedia":[{"embeddable":true,"href":"https:\/\/agora.xtec.cat\/institutmontserratroig\/wp-json\/wp\/v2\/media\/7154"}],"wp:attachment":[{"href":"https:\/\/agora.xtec.cat\/institutmontserratroig\/wp-json\/wp\/v2\/media?parent=7152"}],"wp:term":[{"taxonomy":"category","embeddable":true,"href":"https:\/\/agora.xtec.cat\/institutmontserratroig\/wp-json\/wp\/v2\/categories?post=7152"},{"taxonomy":"post_tag","embeddable":true,"href":"https:\/\/agora.xtec.cat\/institutmontserratroig\/wp-json\/wp\/v2\/tags?post=7152"}],"curies":[{"name":"wp","href":"https:\/\/api.w.org\/{rel}","templated":true}]}}