{"id":6631,"date":"2017-04-06T18:42:34","date_gmt":"2017-04-06T16:42:34","guid":{"rendered":"http:\/\/agora.xtec.cat\/institutmontserratroig\/?p=6631"},"modified":"2017-04-17T22:30:02","modified_gmt":"2017-04-17T20:30:02","slug":"una-generacio-planta-un-arbre-laltra-en-rep-lombra","status":"publish","type":"post","link":"https:\/\/agora.xtec.cat\/institutmontserratroig\/general\/una-generacio-planta-un-arbre-laltra-en-rep-lombra\/","title":{"rendered":"&#8220;Una generaci\u00f3 planta un arbre, l&#8217;altra en rep l&#8217;ombra&#8221;"},"content":{"rendered":"<p style=\"text-align: justify;\">Amb aquesta frase, aquest detall, ens ha plegat avui la nostra Llu\u00efsa, la nostra administrativa des de ja feia&#8230; quan? Doncs m\u00e9s de vint-i-set anys entre la nostra primera i segona etapa com a centre de secund\u00e0ria. Ara li toca a ella gaudir de l&#8217;ombra i dels fruits dels arbres plantats per ella i per d&#8217;altres. Que siguin llargs i feli\u00e7os els dies de la teva jubilaci\u00f3!<\/p>\n<p style=\"text-align: justify;\">A la foto uns dels \u00faltims moments al centre, al seu lloc de treball, amb alguns dels seus companys.<\/p>\n<p style=\"text-align: justify;\"><a href=\"http:\/\/agora.xtec.cat\/institutmontserratroig\/wp-content\/uploads\/usu342\/2017\/04\/P1080604.jpg\"><img loading=\"lazy\" decoding=\"async\" class=\"size-full wp-image-6634 aligncenter\" src=\"http:\/\/agora.xtec.cat\/institutmontserratroig\/wp-content\/uploads\/usu342\/2017\/04\/P1080604.jpg\" alt=\"P1080604\" width=\"1024\" height=\"768\" srcset=\"https:\/\/agora.xtec.cat\/institutmontserratroig\/wp-content\/uploads\/usu342\/2017\/04\/P1080604.jpg 1024w, https:\/\/agora.xtec.cat\/institutmontserratroig\/wp-content\/uploads\/usu342\/2017\/04\/P1080604-300x225.jpg 300w, https:\/\/agora.xtec.cat\/institutmontserratroig\/wp-content\/uploads\/usu342\/2017\/04\/P1080604-768x576.jpg 768w, https:\/\/agora.xtec.cat\/institutmontserratroig\/wp-content\/uploads\/usu342\/2017\/04\/P1080604-200x150.jpg 200w\" sizes=\"auto, (max-width: 1024px) 100vw, 1024px\" \/><\/a><\/p>\n","protected":false},"excerpt":{"rendered":"<p>Amb aquesta frase, aquest detall, ens ha plegat avui la nostra Llu\u00efsa, la nostra administrativa des de ja feia&#8230; quan? Doncs m\u00e9s de vint-i-set anys entre la nostra primera i segona etapa com a centre de secund\u00e0ria. Ara li toca a ella gaudir de l&#8217;ombra&hellip;  <a href=\"https:\/\/agora.xtec.cat\/institutmontserratroig\/general\/una-generacio-planta-un-arbre-laltra-en-rep-lombra\/\" title=\"Read &#8220;Una generaci\u00f3 planta un arbre, l&#8217;altra en rep l&#8217;ombra&#8221;\">Llegeix m\u00e9s\u00bb<\/a><\/p>\n","protected":false},"author":1,"featured_media":6634,"comment_status":"open","ping_status":"open","sticky":false,"template":"","format":"standard","meta":{"_bbp_topic_count":0,"_bbp_reply_count":0,"_bbp_total_topic_count":0,"_bbp_total_reply_count":0,"_bbp_voice_count":0,"_bbp_anonymous_reply_count":0,"_bbp_topic_count_hidden":0,"_bbp_reply_count_hidden":0,"_bbp_forum_subforum_count":0,"footnotes":""},"categories":[158,1,29],"tags":[],"class_list":["post-6631","post","type-post","status-publish","format-standard","has-post-thumbnail","hentry","category-curs-2016-17","category-general","category-portada"],"post_mailing_queue_ids":[],"_links":{"self":[{"href":"https:\/\/agora.xtec.cat\/institutmontserratroig\/wp-json\/wp\/v2\/posts\/6631","targetHints":{"allow":["GET"]}}],"collection":[{"href":"https:\/\/agora.xtec.cat\/institutmontserratroig\/wp-json\/wp\/v2\/posts"}],"about":[{"href":"https:\/\/agora.xtec.cat\/institutmontserratroig\/wp-json\/wp\/v2\/types\/post"}],"author":[{"embeddable":true,"href":"https:\/\/agora.xtec.cat\/institutmontserratroig\/wp-json\/wp\/v2\/users\/1"}],"replies":[{"embeddable":true,"href":"https:\/\/agora.xtec.cat\/institutmontserratroig\/wp-json\/wp\/v2\/comments?post=6631"}],"version-history":[{"count":3,"href":"https:\/\/agora.xtec.cat\/institutmontserratroig\/wp-json\/wp\/v2\/posts\/6631\/revisions"}],"predecessor-version":[{"id":6633,"href":"https:\/\/agora.xtec.cat\/institutmontserratroig\/wp-json\/wp\/v2\/posts\/6631\/revisions\/6633"}],"wp:featuredmedia":[{"embeddable":true,"href":"https:\/\/agora.xtec.cat\/institutmontserratroig\/wp-json\/wp\/v2\/media\/6634"}],"wp:attachment":[{"href":"https:\/\/agora.xtec.cat\/institutmontserratroig\/wp-json\/wp\/v2\/media?parent=6631"}],"wp:term":[{"taxonomy":"category","embeddable":true,"href":"https:\/\/agora.xtec.cat\/institutmontserratroig\/wp-json\/wp\/v2\/categories?post=6631"},{"taxonomy":"post_tag","embeddable":true,"href":"https:\/\/agora.xtec.cat\/institutmontserratroig\/wp-json\/wp\/v2\/tags?post=6631"}],"curies":[{"name":"wp","href":"https:\/\/api.w.org\/{rel}","templated":true}]}}