{"id":6400,"date":"2017-03-17T18:06:13","date_gmt":"2017-03-17T17:06:13","guid":{"rendered":"http:\/\/agora.xtec.cat\/institutmontserratroig\/?p=6400"},"modified":"2019-03-05T19:15:45","modified_gmt":"2019-03-05T18:15:45","slug":"convocatoria-dels-premis-sant-jordi","status":"publish","type":"post","link":"https:\/\/agora.xtec.cat\/institutmontserratroig\/eso\/convocatoria-dels-premis-sant-jordi\/","title":{"rendered":"Convocat\u00f2ria dels premis Sant Jordi"},"content":{"rendered":"<p style=\"text-align: justify;\"><a href=\"http:\/\/agora.xtec.cat\/institutmontserratroig\/wp-content\/uploads\/usu342\/2017\/03\/logo-sant-jordi-17.png\"><img loading=\"lazy\" decoding=\"async\" class=\"size-medium wp-image-6405 aligncenter\" src=\"http:\/\/agora.xtec.cat\/institutmontserratroig\/wp-content\/uploads\/usu342\/2017\/03\/logo-sant-jordi-17-300x269.png\" alt=\"logo-sant-jordi-17\" width=\"300\" height=\"269\" \/><\/a><\/p>\n<p style=\"text-align: justify;\">Al concurs de Sant Jordi 2017 es poden presentar textos en narrativa, assaig i poesia de tema lliure, redactats en llengua catalana, castellana, anglesa (narrativa i poesia) o alemanya. Tamb\u00e9 s\u2019hi poden presentar textos en altres lleng\u00fces sempre que estiguin acompanyats de la versi\u00f3 en catal\u00e0.<\/p>\n<p style=\"text-align: justify;\"><!--more--><\/p>\n<ol>\n<li style=\"text-align: justify;\">Els textos han de tenir una extensi\u00f3 que no superi els tres fulls DIN A4 per una sola cara i han d\u2019estar escrits a doble espai, amb lletra Arial\u00a012.<\/li>\n<\/ol>\n<ol start=\"2\">\n<li style=\"text-align: justify;\">Les obres han de ser in\u00e8dites i individuals, i cada concursant pot presentar un text de cada categoria i llengua.<\/li>\n<\/ol>\n<ol start=\"3\">\n<li>Els textos s\u2019han de lliurar per dues vies:<\/li>\n<\/ol>\n<p style=\"text-align: justify; padding-left: 30px;\">a) Per correu electr\u00f2nic. <strong>A l\u2019assumpte del correu<\/strong> cal escriure <span style=\"color: #008000;\"><strong>el curs d\u2019ESO o BATX<\/strong> <span style=\"color: #000000;\">i si \u00e9s<\/span> <strong>narrativa, assaig o poesia<\/strong><\/span>. S\u2019hi ha <strong>d\u2019adjuntar un fitxer<\/strong> amb el text que contingui la informaci\u00f3 seg\u00fcent: <span style=\"color: #008000;\"><strong>el t\u00edtol de l\u2019obra i el pseud\u00f2nim<\/strong><\/span>.<\/p>\n<p style=\"padding-left: 30px;\"><a href=\"mailto:santjordix@gmail.com\">santjordix@gmail.com<\/a> (per a les obres en catal\u00e0 i en versi\u00f3 en catal\u00e0)<\/p>\n<p style=\"padding-left: 30px;\"><a href=\"mailto:textoscastellano@gmail.com\">textoscastellano@gmail.com<\/a> (per a les obres en castell\u00e0)<\/p>\n<p style=\"padding-left: 30px;\"><a href=\"mailto:dpomer@xtec.cat\">dpomer@xtec.cat<\/a> (per a les obres en angl\u00e8s)<\/p>\n<p style=\"padding-left: 30px;\"><a href=\"mailto:jferna68@xtec.cat\">jferna68@xtec.cat<\/a> (per a les obres en alemany)<\/p>\n<p style=\"text-align: justify; padding-left: 30px;\">b) Lliurament del text impr\u00e8s al professor de cada llengua dins un sobre gros. A la part exterior del sobre hi ha de constar aquesta informaci\u00f3: <span style=\"color: #008000;\"><strong>el t\u00edtol de l\u2019obra, el curs d\u2019ESO o BATX, si \u00e9s narrativa, assaig o poesia i el pseud\u00f2nim<\/strong><\/span>. A l\u2019interior del sobre tamb\u00e9 hi ha d\u2019haver un sobre petit amb les dades seg\u00fcents: <span style=\"color: #008000;\"><strong>nom i cognoms, curs i grup<\/strong><\/span>.<\/p>\n<ol start=\"4\">\n<li>El termini de lliurament dels textos \u00e9s <span style=\"color: #008000;\"><strong>el dia 5 d\u2019abril<\/strong><\/span> del 2017.<\/li>\n<\/ol>\n<ol start=\"5\">\n<li>Els premis s\u2019atorgaran el dia <strong>21 d\u2019abril<\/strong> durant la festa de Sant Jordi.<\/li>\n<\/ol>\n<p style=\"text-align: justify;\"><span style=\"color: #008000;\">Les obres premiades en llengua catalana es presentaran al concurs literari del districte de Gr\u00e0cia per poder accedir als Jocs Florals de Barcelona (sempre que sigui possible per calendari).<\/span><\/p>\n<p style=\"text-align: justify;\">________________________________________________________<\/p>\n<p style=\"text-align: justify;\">Descarrega el pdf amb les bases\u00a0<a href=\"http:\/\/agora.xtec.cat\/institutmontserratroig\/wp-content\/uploads\/usu342\/2017\/03\/Sant-Jordi-convocato\u0300ria-2017.pdf\" target=\"_blank\" rel=\"noopener\"><img loading=\"lazy\" decoding=\"async\" class=\"alignnone wp-image-2154\" src=\"http:\/\/agora.xtec.cat\/institutmontserratroig\/wp-content\/uploads\/usu342\/2016\/03\/PDF-Icon-150x150.png\" alt=\"PDF-Icon-150x150\" width=\"50\" height=\"50\" \/><\/a><\/p>\n","protected":false},"excerpt":{"rendered":"<p><a href=\"http:\/\/agora.xtec.cat\/institutmontserratroig\/wp-content\/uploads\/usu342\/2017\/03\/logo-sant-jordi-17.png\"><\/a><br \/>\nAl concurs de Sant Jordi 2017 es poden presentar textos en narrativa, assaig i poesia de tema lliure, redactats en llengua catalana, castellana, anglesa (narrativa i poesia) o alemanya. Tamb\u00e9 s\u2019hi poden presentar textos en altres lleng\u00fces sempre que estiguin acompanyats de la versi\u00f3&hellip;  <a href=\"https:\/\/agora.xtec.cat\/institutmontserratroig\/eso\/convocatoria-dels-premis-sant-jordi\/\" title=\"Read Convocat\u00f2ria dels premis Sant Jordi\">Llegeix m\u00e9s\u00bb<\/a><\/p>\n","protected":false},"author":1,"featured_media":6405,"comment_status":"open","ping_status":"closed","sticky":false,"template":"","format":"standard","meta":{"_bbp_topic_count":0,"_bbp_reply_count":0,"_bbp_total_topic_count":0,"_bbp_total_reply_count":0,"_bbp_voice_count":0,"_bbp_anonymous_reply_count":0,"_bbp_topic_count_hidden":0,"_bbp_reply_count_hidden":0,"_bbp_forum_subforum_count":0,"footnotes":""},"categories":[8,158,3,80,29,96,194],"tags":[177],"class_list":["post-6400","post","type-post","status-publish","format-standard","has-post-thumbnail","hentry","category-batxillerat","category-curs-2016-17","category-eso","category-festes-i-celebracions","category-portada","category-sant-jordi","category-sant-jordi-2017","tag-informacio-centre"],"post_mailing_queue_ids":[],"_links":{"self":[{"href":"https:\/\/agora.xtec.cat\/institutmontserratroig\/wp-json\/wp\/v2\/posts\/6400","targetHints":{"allow":["GET"]}}],"collection":[{"href":"https:\/\/agora.xtec.cat\/institutmontserratroig\/wp-json\/wp\/v2\/posts"}],"about":[{"href":"https:\/\/agora.xtec.cat\/institutmontserratroig\/wp-json\/wp\/v2\/types\/post"}],"author":[{"embeddable":true,"href":"https:\/\/agora.xtec.cat\/institutmontserratroig\/wp-json\/wp\/v2\/users\/1"}],"replies":[{"embeddable":true,"href":"https:\/\/agora.xtec.cat\/institutmontserratroig\/wp-json\/wp\/v2\/comments?post=6400"}],"version-history":[{"count":4,"href":"https:\/\/agora.xtec.cat\/institutmontserratroig\/wp-json\/wp\/v2\/posts\/6400\/revisions"}],"predecessor-version":[{"id":14335,"href":"https:\/\/agora.xtec.cat\/institutmontserratroig\/wp-json\/wp\/v2\/posts\/6400\/revisions\/14335"}],"wp:featuredmedia":[{"embeddable":true,"href":"https:\/\/agora.xtec.cat\/institutmontserratroig\/wp-json\/wp\/v2\/media\/6405"}],"wp:attachment":[{"href":"https:\/\/agora.xtec.cat\/institutmontserratroig\/wp-json\/wp\/v2\/media?parent=6400"}],"wp:term":[{"taxonomy":"category","embeddable":true,"href":"https:\/\/agora.xtec.cat\/institutmontserratroig\/wp-json\/wp\/v2\/categories?post=6400"},{"taxonomy":"post_tag","embeddable":true,"href":"https:\/\/agora.xtec.cat\/institutmontserratroig\/wp-json\/wp\/v2\/tags?post=6400"}],"curies":[{"name":"wp","href":"https:\/\/api.w.org\/{rel}","templated":true}]}}