{"id":6204,"date":"2017-03-07T19:18:30","date_gmt":"2017-03-07T18:18:30","guid":{"rendered":"http:\/\/agora.xtec.cat\/institutmontserratroig\/?p=6204"},"modified":"2017-03-07T19:26:24","modified_gmt":"2017-03-07T18:26:24","slug":"el-que-no-texpliquen-dona-i-tecnologia","status":"publish","type":"post","link":"https:\/\/agora.xtec.cat\/institutmontserratroig\/eso\/el-que-no-texpliquen-dona-i-tecnologia\/","title":{"rendered":"&#8220;El que no t&#8217;expliquen&#8221;, dona i tecnologia"},"content":{"rendered":"<p>Font: <a href=\"http:\/\/tv.upc.edu\/continguts\/el-que-no-texpliquen\" target=\"_blank\">UOC UPC &#8220;El que no t&#8217;expliquen&#8221;<\/a><\/p>\n<table style=\"width: 100%; border: none;\">\n<tbody>\n<tr>\n<td style=\"text-align: center; border: none;\"><iframe loading=\"lazy\" src=\"https:\/\/www.youtube.com\/embed\/qi91rwwQYvI\" width=\"800\" height=\"450\" frameborder=\"0\" allowfullscreen=\"allowfullscreen\"><\/iframe><\/td>\n<\/tr>\n<\/tbody>\n<\/table>\n<p style=\"text-align: justify;\"><!--more--><\/p>\n<p style=\"text-align: justify;\">La UOC i la UPC uneixen forces per conscienciar sobre la manca de dones en els estudis d\u2019Inform\u00e0tica. Les dues universitats han editat el v\u00eddeo &#8220;El que no t\u2019expliquen&#8221;, en qu\u00e8 adverteixen de la poca pres\u00e8ncia de dones en aquest \u00e0mbit d\u2019estudi.<\/p>\n<p style=\"text-align: justify;\">V\u00eddeo que mostra la import\u00e0ncia de les dones en la hist\u00f2ria de la inform\u00e0tica i recorda que des de petits ambd\u00f3s sexes tenen les mateixes capacitats en l\u2019\u00fas i l\u2019aprenentatge de les tecnologies. Tamb\u00e9 s\u2019alerta que en l\u2019adolesc\u00e8ncia els estereotips, els prejudicis i els missatges subliminals provoquen que moltes noies no vulguin apostar per aquest tipus de titulacions. L\u2019objectiu del v\u00eddeo \u00e9s, doncs, sensibilitzar sobre la manca de noies en els estudis d\u2019Enginyeria Inform\u00e0tica amb un to divertit i informal.<\/p>\n","protected":false},"excerpt":{"rendered":"<p>Font: <a href=\"http:\/\/tv.upc.edu\/continguts\/el-que-no-texpliquen\" target=\"_blank\">UOC UPC &#8220;El que no t&#8217;expliquen&#8221;<\/a><\/p>\n","protected":false},"author":1,"featured_media":6205,"comment_status":"open","ping_status":"open","sticky":false,"template":"","format":"standard","meta":{"_bbp_topic_count":0,"_bbp_reply_count":0,"_bbp_total_topic_count":0,"_bbp_total_reply_count":0,"_bbp_voice_count":0,"_bbp_anonymous_reply_count":0,"_bbp_topic_count_hidden":0,"_bbp_reply_count_hidden":0,"_bbp_forum_subforum_count":0,"footnotes":""},"categories":[8,158,3,29],"tags":[132],"class_list":["post-6204","post","type-post","status-publish","format-standard","has-post-thumbnail","hentry","category-batxillerat","category-curs-2016-17","category-eso","category-portada","tag-dies-de"],"post_mailing_queue_ids":[],"_links":{"self":[{"href":"https:\/\/agora.xtec.cat\/institutmontserratroig\/wp-json\/wp\/v2\/posts\/6204","targetHints":{"allow":["GET"]}}],"collection":[{"href":"https:\/\/agora.xtec.cat\/institutmontserratroig\/wp-json\/wp\/v2\/posts"}],"about":[{"href":"https:\/\/agora.xtec.cat\/institutmontserratroig\/wp-json\/wp\/v2\/types\/post"}],"author":[{"embeddable":true,"href":"https:\/\/agora.xtec.cat\/institutmontserratroig\/wp-json\/wp\/v2\/users\/1"}],"replies":[{"embeddable":true,"href":"https:\/\/agora.xtec.cat\/institutmontserratroig\/wp-json\/wp\/v2\/comments?post=6204"}],"version-history":[{"count":1,"href":"https:\/\/agora.xtec.cat\/institutmontserratroig\/wp-json\/wp\/v2\/posts\/6204\/revisions"}],"predecessor-version":[{"id":6206,"href":"https:\/\/agora.xtec.cat\/institutmontserratroig\/wp-json\/wp\/v2\/posts\/6204\/revisions\/6206"}],"wp:featuredmedia":[{"embeddable":true,"href":"https:\/\/agora.xtec.cat\/institutmontserratroig\/wp-json\/wp\/v2\/media\/6205"}],"wp:attachment":[{"href":"https:\/\/agora.xtec.cat\/institutmontserratroig\/wp-json\/wp\/v2\/media?parent=6204"}],"wp:term":[{"taxonomy":"category","embeddable":true,"href":"https:\/\/agora.xtec.cat\/institutmontserratroig\/wp-json\/wp\/v2\/categories?post=6204"},{"taxonomy":"post_tag","embeddable":true,"href":"https:\/\/agora.xtec.cat\/institutmontserratroig\/wp-json\/wp\/v2\/tags?post=6204"}],"curies":[{"name":"wp","href":"https:\/\/api.w.org\/{rel}","templated":true}]}}