{"id":6010,"date":"2017-02-25T19:08:35","date_gmt":"2017-02-25T18:08:35","guid":{"rendered":"http:\/\/agora.xtec.cat\/institutmontserratroig\/?p=6010"},"modified":"2017-02-25T19:30:51","modified_gmt":"2017-02-25T18:30:51","slug":"els-videos-seleccionats-del-projecte-de-videos-educatius","status":"publish","type":"post","link":"https:\/\/agora.xtec.cat\/institutmontserratroig\/eso\/els-videos-seleccionats-del-projecte-de-videos-educatius\/","title":{"rendered":"Els v\u00eddeos finalistes del Projecte de V\u00eddeos Educatius"},"content":{"rendered":"<p style=\"text-align: justify;\">El divendres dia 17, com ja v\u00e0rem avan\u00e7ar, va tenir lloc la cloenda del Projecte V\u00eddeos Educatius amb la projecci\u00f3 dels treballs elaborats i les votacions per part de l&#8217;alumnat del centre. Una setmana m\u00e9s tard, fet el recompte de tots els vots dels grups d&#8217;ESO, la llista dels finalistes s&#8217;ha redu\u00eft a vint-i-cinc v\u00eddeos seleccionats d&#8217;entre gaireb\u00e9 una quarantena de\u00a0visionaments. Entre aquests, segons les votacions de l&#8217;alumnat, ha quedat un treball de cada nivell d&#8217;ESO com a obra m\u00e9s ben valorada.<\/p>\n<p style=\"text-align: justify;\">De moment, si voleu, podeu veure els treballs finalistes seleccionats. Ben aviat publicarem quins s\u00f3n els quatre v\u00eddeos que han gaudit del favor popular.<\/p>\n<table style=\"width: 100%; border: none; background-color: #f6f6f6;\">\n<tbody>\n<tr>\n<td style=\"text-align: center; border: none; background-color: #f6f6f6;\"><a href=\"http:\/\/agora.xtec.cat\/institutmontserratroig\/linstitut\/projectes\/projecte-videos-educatius\/videos-seleccionats-de-1r-deso\/\"><img loading=\"lazy\" decoding=\"async\" class=\"aligncenter wp-image-2180\" title=\"Clica per veure els v\u00eddeos seleccionats de 1r d'ESO\" src=\"http:\/\/agora.xtec.cat\/institutmontserratroig\/wp-content\/uploads\/usu342\/2015\/11\/icona-eso-primer-150x150.png\" alt=\"icona eso primer\" width=\"75\" height=\"75\" srcset=\"https:\/\/agora.xtec.cat\/institutmontserratroig\/wp-content\/uploads\/usu342\/2015\/11\/icona-eso-primer-150x150.png 150w, https:\/\/agora.xtec.cat\/institutmontserratroig\/wp-content\/uploads\/usu342\/2015\/11\/icona-eso-primer.png 200w\" sizes=\"auto, (max-width: 75px) 100vw, 75px\" \/><\/a><\/td>\n<td style=\"text-align: center; border: none; background-color: #f6f6f6;\"><a href=\"http:\/\/agora.xtec.cat\/institutmontserratroig\/linstitut\/projectes\/projecte-videos-educatius\/videos-seleccionats-de-2n-deso\/\"><img loading=\"lazy\" decoding=\"async\" class=\"aligncenter wp-image-2179\" title=\"Clica per veure els v\u00eddeos seleccionats de 2n d'ESO\" src=\"http:\/\/agora.xtec.cat\/institutmontserratroig\/wp-content\/uploads\/usu342\/2015\/11\/icona-2n-eso-150x150.png\" alt=\"icona 2n eso\" width=\"75\" height=\"75\" srcset=\"https:\/\/agora.xtec.cat\/institutmontserratroig\/wp-content\/uploads\/usu342\/2015\/11\/icona-2n-eso-150x150.png 150w, https:\/\/agora.xtec.cat\/institutmontserratroig\/wp-content\/uploads\/usu342\/2015\/11\/icona-2n-eso.png 200w\" sizes=\"auto, (max-width: 75px) 100vw, 75px\" \/><\/a><\/td>\n<td style=\"text-align: center; border: none; background-color: #f6f6f6;\"><a href=\"http:\/\/agora.xtec.cat\/institutmontserratroig\/linstitut\/projectes\/projecte-videos-educatius\/videos-seleccionats-de-3r-deso\/\"><img loading=\"lazy\" decoding=\"async\" class=\"aligncenter wp-image-2182\" title=\"Clica per veure els v\u00eddeos seleccionats de 3r d'ESO\" src=\"http:\/\/agora.xtec.cat\/institutmontserratroig\/wp-content\/uploads\/usu342\/2015\/11\/icona-eso-tercer-150x150.png\" alt=\"icona eso tercer\" width=\"75\" height=\"75\" srcset=\"https:\/\/agora.xtec.cat\/institutmontserratroig\/wp-content\/uploads\/usu342\/2015\/11\/icona-eso-tercer-150x150.png 150w, https:\/\/agora.xtec.cat\/institutmontserratroig\/wp-content\/uploads\/usu342\/2015\/11\/icona-eso-tercer.png 200w\" sizes=\"auto, (max-width: 75px) 100vw, 75px\" \/><\/a><\/td>\n<td style=\"text-align: center; border: none; background-color: #f6f6f6;\"><a href=\"http:\/\/agora.xtec.cat\/institutmontserratroig\/linstitut\/projectes\/projecte-videos-educatius\/videos-seleccionats-de-4t-deso\/\"><img loading=\"lazy\" decoding=\"async\" class=\"aligncenter wp-image-2181\" title=\"Clica per veure els v\u00eddeos seleccionats de 4t d'ESO\" src=\"http:\/\/agora.xtec.cat\/institutmontserratroig\/wp-content\/uploads\/usu342\/2015\/11\/icona-eso-quart-150x150.png\" alt=\"icona eso quart\" width=\"75\" height=\"75\" srcset=\"https:\/\/agora.xtec.cat\/institutmontserratroig\/wp-content\/uploads\/usu342\/2015\/11\/icona-eso-quart-150x150.png 150w, https:\/\/agora.xtec.cat\/institutmontserratroig\/wp-content\/uploads\/usu342\/2015\/11\/icona-eso-quart.png 200w\" sizes=\"auto, (max-width: 75px) 100vw, 75px\" \/><\/a><\/td>\n<\/tr>\n<\/tbody>\n<\/table>\n","protected":false},"excerpt":{"rendered":"<p>El divendres dia 17, com ja v\u00e0rem avan\u00e7ar, va tenir lloc la cloenda del Projecte V\u00eddeos Educatius amb la projecci\u00f3 dels treballs elaborats i les votacions per part de l&#8217;alumnat del centre. Una setmana m\u00e9s tard, fet el recompte de tots els vots dels grups&hellip;  <a href=\"https:\/\/agora.xtec.cat\/institutmontserratroig\/eso\/els-videos-seleccionats-del-projecte-de-videos-educatius\/\" title=\"Read Els v\u00eddeos finalistes del Projecte de V\u00eddeos Educatius\">Llegeix m\u00e9s\u00bb<\/a><\/p>\n","protected":false},"author":1,"featured_media":2180,"comment_status":"open","ping_status":"open","sticky":false,"template":"","format":"standard","meta":{"_bbp_topic_count":0,"_bbp_reply_count":0,"_bbp_total_topic_count":0,"_bbp_total_reply_count":0,"_bbp_voice_count":0,"_bbp_anonymous_reply_count":0,"_bbp_topic_count_hidden":0,"_bbp_reply_count_hidden":0,"_bbp_forum_subforum_count":0,"footnotes":""},"categories":[158,3,83,84,85,86,29,192],"tags":[193],"class_list":["post-6010","post","type-post","status-publish","format-standard","has-post-thumbnail","hentry","category-curs-2016-17","category-eso","category-eso-1","category-eso-2","category-eso-3","category-eso-4","category-portada","category-pve","tag-i-projecte-videos-educatius"],"post_mailing_queue_ids":[],"_links":{"self":[{"href":"https:\/\/agora.xtec.cat\/institutmontserratroig\/wp-json\/wp\/v2\/posts\/6010","targetHints":{"allow":["GET"]}}],"collection":[{"href":"https:\/\/agora.xtec.cat\/institutmontserratroig\/wp-json\/wp\/v2\/posts"}],"about":[{"href":"https:\/\/agora.xtec.cat\/institutmontserratroig\/wp-json\/wp\/v2\/types\/post"}],"author":[{"embeddable":true,"href":"https:\/\/agora.xtec.cat\/institutmontserratroig\/wp-json\/wp\/v2\/users\/1"}],"replies":[{"embeddable":true,"href":"https:\/\/agora.xtec.cat\/institutmontserratroig\/wp-json\/wp\/v2\/comments?post=6010"}],"version-history":[{"count":3,"href":"https:\/\/agora.xtec.cat\/institutmontserratroig\/wp-json\/wp\/v2\/posts\/6010\/revisions"}],"predecessor-version":[{"id":6019,"href":"https:\/\/agora.xtec.cat\/institutmontserratroig\/wp-json\/wp\/v2\/posts\/6010\/revisions\/6019"}],"wp:featuredmedia":[{"embeddable":true,"href":"https:\/\/agora.xtec.cat\/institutmontserratroig\/wp-json\/wp\/v2\/media\/2180"}],"wp:attachment":[{"href":"https:\/\/agora.xtec.cat\/institutmontserratroig\/wp-json\/wp\/v2\/media?parent=6010"}],"wp:term":[{"taxonomy":"category","embeddable":true,"href":"https:\/\/agora.xtec.cat\/institutmontserratroig\/wp-json\/wp\/v2\/categories?post=6010"},{"taxonomy":"post_tag","embeddable":true,"href":"https:\/\/agora.xtec.cat\/institutmontserratroig\/wp-json\/wp\/v2\/tags?post=6010"}],"curies":[{"name":"wp","href":"https:\/\/api.w.org\/{rel}","templated":true}]}}