{"id":5884,"date":"2017-02-24T18:47:52","date_gmt":"2017-02-24T17:47:52","guid":{"rendered":"http:\/\/agora.xtec.cat\/institutmontserratroig\/?p=5884"},"modified":"2019-07-08T11:16:36","modified_gmt":"2019-07-08T09:16:36","slug":"gran-dia-de-carnaval","status":"publish","type":"post","link":"https:\/\/agora.xtec.cat\/institutmontserratroig\/eso\/gran-dia-de-carnaval\/","title":{"rendered":"Gran dia de Carnaval!"},"content":{"rendered":"<p style=\"text-align: justify;\">Bona participaci\u00f3 de l&#8217;alumnat amb for\u00e7a alumnes que anaven disfressats, l&#8217;alegria desbordant per tot arreu i una implicaci\u00f3 excel\u00b7lent del professorat que no s&#8217;ha quedat enrere&#8230;<\/p>\n<p style=\"text-align: justify;\"><!--more--><\/p>\n<p style=\"text-align: justify;\">La rua, el concurs de disfresses, les actuacions musicals i moltes ganes de divertir-se i de fer disbauxa. I encara que el dia no ha acompanyat, qu\u00e8 m\u00e9s es pot demanar.<\/p>\n<table style=\"width: 100%; border: none; background-color: #f6f6f6;\">\n<tbody>\n<tr>\n<td style=\"text-align: center; border: none;\"><iframe loading=\"lazy\" src=\"https:\/\/www.youtube.com\/embed\/IbheTXMnpFA\" width=\"315\" height=\"177\" frameborder=\"0\" allowfullscreen=\"allowfullscreen\"><\/iframe><\/td>\n<td style=\"text-align: center; border: none;\"><iframe loading=\"lazy\" src=\"https:\/\/www.youtube.com\/embed\/Wjr4lxaSnSY\" width=\"315\" height=\"177\" frameborder=\"0\" allowfullscreen=\"allowfullscreen\"><\/iframe><\/td>\n<td style=\"text-align: center; border: none;\"><iframe loading=\"lazy\" src=\"https:\/\/www.youtube.com\/embed\/gxiZx-dNoDI\" width=\"315\" height=\"177\" frameborder=\"0\" allowfullscreen=\"allowfullscreen\"><\/iframe><\/td>\n<\/tr>\n<\/tbody>\n<\/table>\n","protected":false},"excerpt":{"rendered":"<p>Bona participaci\u00f3 de l&#8217;alumnat amb for\u00e7a alumnes que anaven disfressats, l&#8217;alegria desbordant per tot arreu i una implicaci\u00f3 excel\u00b7lent del professorat que no s&#8217;ha quedat enrere&#8230;<\/p>\n","protected":false},"author":1,"featured_media":6008,"comment_status":"open","ping_status":"closed","sticky":false,"template":"","format":"standard","meta":{"_bbp_topic_count":0,"_bbp_reply_count":0,"_bbp_total_topic_count":0,"_bbp_total_reply_count":0,"_bbp_voice_count":0,"_bbp_anonymous_reply_count":0,"_bbp_topic_count_hidden":0,"_bbp_reply_count_hidden":0,"_bbp_forum_subforum_count":0,"footnotes":""},"categories":[95,158,3,80,29],"tags":[309],"class_list":["post-5884","post","type-post","status-publish","format-standard","has-post-thumbnail","hentry","category-carnaval","category-curs-2016-17","category-eso","category-festes-i-celebracions","category-portada","tag-carnaval-2017"],"post_mailing_queue_ids":[],"_links":{"self":[{"href":"https:\/\/agora.xtec.cat\/institutmontserratroig\/wp-json\/wp\/v2\/posts\/5884","targetHints":{"allow":["GET"]}}],"collection":[{"href":"https:\/\/agora.xtec.cat\/institutmontserratroig\/wp-json\/wp\/v2\/posts"}],"about":[{"href":"https:\/\/agora.xtec.cat\/institutmontserratroig\/wp-json\/wp\/v2\/types\/post"}],"author":[{"embeddable":true,"href":"https:\/\/agora.xtec.cat\/institutmontserratroig\/wp-json\/wp\/v2\/users\/1"}],"replies":[{"embeddable":true,"href":"https:\/\/agora.xtec.cat\/institutmontserratroig\/wp-json\/wp\/v2\/comments?post=5884"}],"version-history":[{"count":4,"href":"https:\/\/agora.xtec.cat\/institutmontserratroig\/wp-json\/wp\/v2\/posts\/5884\/revisions"}],"predecessor-version":[{"id":6009,"href":"https:\/\/agora.xtec.cat\/institutmontserratroig\/wp-json\/wp\/v2\/posts\/5884\/revisions\/6009"}],"wp:featuredmedia":[{"embeddable":true,"href":"https:\/\/agora.xtec.cat\/institutmontserratroig\/wp-json\/wp\/v2\/media\/6008"}],"wp:attachment":[{"href":"https:\/\/agora.xtec.cat\/institutmontserratroig\/wp-json\/wp\/v2\/media?parent=5884"}],"wp:term":[{"taxonomy":"category","embeddable":true,"href":"https:\/\/agora.xtec.cat\/institutmontserratroig\/wp-json\/wp\/v2\/categories?post=5884"},{"taxonomy":"post_tag","embeddable":true,"href":"https:\/\/agora.xtec.cat\/institutmontserratroig\/wp-json\/wp\/v2\/tags?post=5884"}],"curies":[{"name":"wp","href":"https:\/\/api.w.org\/{rel}","templated":true}]}}