{"id":5779,"date":"2017-02-23T08:33:58","date_gmt":"2017-02-23T07:33:58","guid":{"rendered":"http:\/\/agora.xtec.cat\/institutmontserratroig\/?p=5779"},"modified":"2017-02-27T22:07:57","modified_gmt":"2017-02-27T21:07:57","slug":"comentari-duna-exposicio","status":"publish","type":"post","link":"https:\/\/agora.xtec.cat\/institutmontserratroig\/eso\/comentari-duna-exposicio\/","title":{"rendered":"Comentari d&#8217;una exposici\u00f3"},"content":{"rendered":"<p style=\"text-align: justify;\"><img loading=\"lazy\" decoding=\"async\" class=\"aligncenter wp-image-5786 size-full\" src=\"http:\/\/agora.xtec.cat\/institutmontserratroig\/wp-content\/uploads\/usu342\/2017\/02\/P1080034.jpg\" alt=\"p1080034\" width=\"1024\" height=\"768\" srcset=\"https:\/\/agora.xtec.cat\/institutmontserratroig\/wp-content\/uploads\/usu342\/2017\/02\/P1080034.jpg 1024w, https:\/\/agora.xtec.cat\/institutmontserratroig\/wp-content\/uploads\/usu342\/2017\/02\/P1080034-300x225.jpg 300w, https:\/\/agora.xtec.cat\/institutmontserratroig\/wp-content\/uploads\/usu342\/2017\/02\/P1080034-768x576.jpg 768w, https:\/\/agora.xtec.cat\/institutmontserratroig\/wp-content\/uploads\/usu342\/2017\/02\/P1080034-200x150.jpg 200w\" sizes=\"auto, (max-width: 1024px) 100vw, 1024px\" \/><\/p>\n<p style=\"text-align: justify;\">Exposici\u00f3 \u201cMontserrar Roig, 45 anys de vida, 25 anys de llegat\u201d a l\u2019institut.<\/p>\n<p style=\"text-align: justify;\">Els alumnes de Batxillerat expliquen l\u2019exposici\u00f3 als companys de l\u2019ESO.<\/p>\n<p style=\"text-align: justify;\"><!--more--><\/p>\n<p style=\"text-align: justify;\">L&#8217;Estel Margenat, de 1r de Batxillerat A, ens explica com va anar:<\/p>\n<blockquote>\n<p style=\"text-align: justify;\">La setmana passada vam fer una exposici\u00f3 de Montserrat Roig a les noies i nois de l\u2019ESO. Va ser una experi\u00e8ncia diferent, ja que vam poder veure les classes des d\u2019un punt de vista al qual no estem acostumats. Era estrany ser la persona experta en el tema i haver d\u2019explicar-ho a altres persones. Tamb\u00e9 ens en vam adonar que \u00e9s for\u00e7a dif\u00edcil captar l\u2019atenci\u00f3 de tot un grup i que la feina de professor no \u00e9s gens f\u00e0cil. Tot i aix\u00f2 crec que va ser una experi\u00e8ncia enriquidora i que probablement la repetiria.<\/p>\n<\/blockquote>\n<p style=\"text-align: justify;\">Per una banda l&#8217;<a href=\"http:\/\/agora.xtec.cat\/institutmontserratroig\/wp-content\/uploads\/usu342\/2017\/02\/Text-Albert-Julia\u0300-expo-roig.png\">Albert Juli\u00e0<\/a> i la <a href=\"http:\/\/agora.xtec.cat\/institutmontserratroig\/wp-content\/uploads\/usu342\/2017\/02\/Text-Maria-Palla\u0300s-expo-roig.png\">Maria Pall\u00e0s<\/a>, de 2n B; i per una altra, el <a href=\"https:\/\/www.scribd.com\/document\/340455059\/Montserrat-Roig-45-anys-de-vida-25-de-llegat\" target=\"_blank\">Ferm\u00ed Batalla<\/a> de 3r A i l&#8217;<a href=\"https:\/\/www.scribd.com\/document\/340455059\/Montserrat-Roig-45-anys-de-vida-25-de-llegat\" target=\"_blank\">Alina Zhuk<\/a> de 3r B; ens donen la perspectiva de l&#8217;espectador.<\/p>\n<table style=\"width: 100%; border: none;\">\n<tbody>\n<tr>\n<td style=\"text-align: center; border: none;\"><a href=\"http:\/\/agora.xtec.cat\/institutmontserratroig\/wp-content\/uploads\/usu342\/2017\/02\/P1080063.jpg\"><img loading=\"lazy\" decoding=\"async\" class=\"aligncenter wp-image-5792\" src=\"http:\/\/agora.xtec.cat\/institutmontserratroig\/wp-content\/uploads\/usu342\/2017\/02\/P1080063-300x225.jpg\" alt=\"p1080063\" width=\"160\" height=\"120\" srcset=\"https:\/\/agora.xtec.cat\/institutmontserratroig\/wp-content\/uploads\/usu342\/2017\/02\/P1080063-300x225.jpg 300w, https:\/\/agora.xtec.cat\/institutmontserratroig\/wp-content\/uploads\/usu342\/2017\/02\/P1080063-768x576.jpg 768w, https:\/\/agora.xtec.cat\/institutmontserratroig\/wp-content\/uploads\/usu342\/2017\/02\/P1080063.jpg 1024w, https:\/\/agora.xtec.cat\/institutmontserratroig\/wp-content\/uploads\/usu342\/2017\/02\/P1080063-200x150.jpg 200w\" sizes=\"auto, (max-width: 160px) 100vw, 160px\" \/><\/a><\/td>\n<td style=\"text-align: center; border: none;\"><a href=\"http:\/\/agora.xtec.cat\/institutmontserratroig\/wp-content\/uploads\/usu342\/2017\/02\/P1080059.jpg\"><img loading=\"lazy\" decoding=\"async\" class=\"aligncenter wp-image-5791\" src=\"http:\/\/agora.xtec.cat\/institutmontserratroig\/wp-content\/uploads\/usu342\/2017\/02\/P1080059-300x225.jpg\" alt=\"p1080059\" width=\"160\" height=\"120\" srcset=\"https:\/\/agora.xtec.cat\/institutmontserratroig\/wp-content\/uploads\/usu342\/2017\/02\/P1080059-300x225.jpg 300w, https:\/\/agora.xtec.cat\/institutmontserratroig\/wp-content\/uploads\/usu342\/2017\/02\/P1080059-768x576.jpg 768w, https:\/\/agora.xtec.cat\/institutmontserratroig\/wp-content\/uploads\/usu342\/2017\/02\/P1080059.jpg 1024w, https:\/\/agora.xtec.cat\/institutmontserratroig\/wp-content\/uploads\/usu342\/2017\/02\/P1080059-200x150.jpg 200w\" sizes=\"auto, (max-width: 160px) 100vw, 160px\" \/><\/a><\/td>\n<td style=\"text-align: center; border: none;\"><a href=\"http:\/\/agora.xtec.cat\/institutmontserratroig\/wp-content\/uploads\/usu342\/2017\/02\/P1080057.jpg\"><img loading=\"lazy\" decoding=\"async\" class=\"aligncenter wp-image-5790\" src=\"http:\/\/agora.xtec.cat\/institutmontserratroig\/wp-content\/uploads\/usu342\/2017\/02\/P1080057-300x225.jpg\" alt=\"p1080057\" width=\"160\" height=\"120\" srcset=\"https:\/\/agora.xtec.cat\/institutmontserratroig\/wp-content\/uploads\/usu342\/2017\/02\/P1080057-300x225.jpg 300w, https:\/\/agora.xtec.cat\/institutmontserratroig\/wp-content\/uploads\/usu342\/2017\/02\/P1080057-768x576.jpg 768w, https:\/\/agora.xtec.cat\/institutmontserratroig\/wp-content\/uploads\/usu342\/2017\/02\/P1080057.jpg 1024w, https:\/\/agora.xtec.cat\/institutmontserratroig\/wp-content\/uploads\/usu342\/2017\/02\/P1080057-200x150.jpg 200w\" sizes=\"auto, (max-width: 160px) 100vw, 160px\" \/><\/a><\/td>\n<td style=\"text-align: center; border: none;\"><a href=\"http:\/\/agora.xtec.cat\/institutmontserratroig\/wp-content\/uploads\/usu342\/2017\/02\/P1080055.jpg\"><img loading=\"lazy\" decoding=\"async\" class=\"aligncenter wp-image-5789\" src=\"http:\/\/agora.xtec.cat\/institutmontserratroig\/wp-content\/uploads\/usu342\/2017\/02\/P1080055-300x225.jpg\" alt=\"p1080055\" width=\"160\" height=\"120\" srcset=\"https:\/\/agora.xtec.cat\/institutmontserratroig\/wp-content\/uploads\/usu342\/2017\/02\/P1080055-300x225.jpg 300w, https:\/\/agora.xtec.cat\/institutmontserratroig\/wp-content\/uploads\/usu342\/2017\/02\/P1080055-768x576.jpg 768w, https:\/\/agora.xtec.cat\/institutmontserratroig\/wp-content\/uploads\/usu342\/2017\/02\/P1080055.jpg 1024w, https:\/\/agora.xtec.cat\/institutmontserratroig\/wp-content\/uploads\/usu342\/2017\/02\/P1080055-200x150.jpg 200w\" sizes=\"auto, (max-width: 160px) 100vw, 160px\" \/><\/a><\/td>\n<\/tr>\n<\/tbody>\n<tbody>\n<tr>\n<td style=\"text-align: center; border: none;\"><a href=\"http:\/\/agora.xtec.cat\/institutmontserratroig\/wp-content\/uploads\/usu342\/2017\/02\/P1080053.jpg\"><img loading=\"lazy\" decoding=\"async\" class=\"aligncenter wp-image-5788\" src=\"http:\/\/agora.xtec.cat\/institutmontserratroig\/wp-content\/uploads\/usu342\/2017\/02\/P1080053-300x225.jpg\" alt=\"p1080053\" width=\"160\" height=\"120\" srcset=\"https:\/\/agora.xtec.cat\/institutmontserratroig\/wp-content\/uploads\/usu342\/2017\/02\/P1080053-300x225.jpg 300w, https:\/\/agora.xtec.cat\/institutmontserratroig\/wp-content\/uploads\/usu342\/2017\/02\/P1080053-768x576.jpg 768w, https:\/\/agora.xtec.cat\/institutmontserratroig\/wp-content\/uploads\/usu342\/2017\/02\/P1080053.jpg 1024w, https:\/\/agora.xtec.cat\/institutmontserratroig\/wp-content\/uploads\/usu342\/2017\/02\/P1080053-200x150.jpg 200w\" sizes=\"auto, (max-width: 160px) 100vw, 160px\" \/><\/a><\/td>\n<td style=\"text-align: center; border: none;\"><a href=\"http:\/\/agora.xtec.cat\/institutmontserratroig\/wp-content\/uploads\/usu342\/2017\/02\/P1080035.jpg\"><img loading=\"lazy\" decoding=\"async\" class=\"aligncenter wp-image-5787\" src=\"http:\/\/agora.xtec.cat\/institutmontserratroig\/wp-content\/uploads\/usu342\/2017\/02\/P1080035-300x225.jpg\" alt=\"p1080035\" width=\"160\" height=\"120\" srcset=\"https:\/\/agora.xtec.cat\/institutmontserratroig\/wp-content\/uploads\/usu342\/2017\/02\/P1080035-300x225.jpg 300w, https:\/\/agora.xtec.cat\/institutmontserratroig\/wp-content\/uploads\/usu342\/2017\/02\/P1080035-768x576.jpg 768w, https:\/\/agora.xtec.cat\/institutmontserratroig\/wp-content\/uploads\/usu342\/2017\/02\/P1080035.jpg 1024w, https:\/\/agora.xtec.cat\/institutmontserratroig\/wp-content\/uploads\/usu342\/2017\/02\/P1080035-200x150.jpg 200w\" sizes=\"auto, (max-width: 160px) 100vw, 160px\" \/><\/a><\/td>\n<td style=\"text-align: center; border: none;\"><a href=\"http:\/\/agora.xtec.cat\/institutmontserratroig\/wp-content\/uploads\/usu342\/2017\/02\/IMG_3449.jpg\"><img loading=\"lazy\" decoding=\"async\" class=\"aligncenter wp-image-5785\" src=\"http:\/\/agora.xtec.cat\/institutmontserratroig\/wp-content\/uploads\/usu342\/2017\/02\/IMG_3449-300x225.jpg\" alt=\"img_3449\" width=\"160\" height=\"120\" srcset=\"https:\/\/agora.xtec.cat\/institutmontserratroig\/wp-content\/uploads\/usu342\/2017\/02\/IMG_3449-300x225.jpg 300w, https:\/\/agora.xtec.cat\/institutmontserratroig\/wp-content\/uploads\/usu342\/2017\/02\/IMG_3449-768x576.jpg 768w, https:\/\/agora.xtec.cat\/institutmontserratroig\/wp-content\/uploads\/usu342\/2017\/02\/IMG_3449.jpg 1024w, https:\/\/agora.xtec.cat\/institutmontserratroig\/wp-content\/uploads\/usu342\/2017\/02\/IMG_3449-200x150.jpg 200w\" sizes=\"auto, (max-width: 160px) 100vw, 160px\" \/><\/a><\/td>\n<td style=\"text-align: center; border: none;\"><a href=\"http:\/\/agora.xtec.cat\/institutmontserratroig\/wp-content\/uploads\/usu342\/2017\/02\/IMG_3434.jpg\"><img loading=\"lazy\" decoding=\"async\" class=\"aligncenter wp-image-5784\" src=\"http:\/\/agora.xtec.cat\/institutmontserratroig\/wp-content\/uploads\/usu342\/2017\/02\/IMG_3434-300x225.jpg\" alt=\"img_3434\" width=\"160\" height=\"120\" srcset=\"https:\/\/agora.xtec.cat\/institutmontserratroig\/wp-content\/uploads\/usu342\/2017\/02\/IMG_3434-300x225.jpg 300w, https:\/\/agora.xtec.cat\/institutmontserratroig\/wp-content\/uploads\/usu342\/2017\/02\/IMG_3434-768x576.jpg 768w, https:\/\/agora.xtec.cat\/institutmontserratroig\/wp-content\/uploads\/usu342\/2017\/02\/IMG_3434.jpg 1024w, https:\/\/agora.xtec.cat\/institutmontserratroig\/wp-content\/uploads\/usu342\/2017\/02\/IMG_3434-200x150.jpg 200w\" sizes=\"auto, (max-width: 160px) 100vw, 160px\" \/><\/a><\/td>\n<\/tr>\n<\/tbody>\n<\/table>\n<h5 style=\"text-align: center;\"><a href=\"https:\/\/goo.gl\/photos\/YV4E3knpFubkL7Vn6\" target=\"_blank\">M\u00e9s fotos en aquest enlla\u00e7<\/a><\/h5>\n","protected":false},"excerpt":{"rendered":"<p>Exposici\u00f3 \u201cMontserrar Roig, 45 anys de vida, 25 anys de llegat\u201d a l\u2019institut.<br \/>\nEls alumnes de Batxillerat expliquen l\u2019exposici\u00f3 als companys de l\u2019ESO.<\/p>\n","protected":false},"author":1,"featured_media":5786,"comment_status":"open","ping_status":"open","sticky":false,"template":"","format":"standard","meta":{"_bbp_topic_count":0,"_bbp_reply_count":0,"_bbp_total_topic_count":0,"_bbp_total_reply_count":0,"_bbp_voice_count":0,"_bbp_anonymous_reply_count":0,"_bbp_topic_count_hidden":0,"_bbp_reply_count_hidden":0,"_bbp_forum_subforum_count":0,"footnotes":""},"categories":[66,8,158,3,15,19,20,103,29],"tags":[],"class_list":["post-5779","post","type-post","status-publish","format-standard","has-post-thumbnail","hentry","category-1r-de-batxillerat","category-batxillerat","category-curs-2016-17","category-eso","category-eso-2b","category-eso-3a","category-eso-3b","category-llengua-catalana","category-portada"],"post_mailing_queue_ids":[],"_links":{"self":[{"href":"https:\/\/agora.xtec.cat\/institutmontserratroig\/wp-json\/wp\/v2\/posts\/5779","targetHints":{"allow":["GET"]}}],"collection":[{"href":"https:\/\/agora.xtec.cat\/institutmontserratroig\/wp-json\/wp\/v2\/posts"}],"about":[{"href":"https:\/\/agora.xtec.cat\/institutmontserratroig\/wp-json\/wp\/v2\/types\/post"}],"author":[{"embeddable":true,"href":"https:\/\/agora.xtec.cat\/institutmontserratroig\/wp-json\/wp\/v2\/users\/1"}],"replies":[{"embeddable":true,"href":"https:\/\/agora.xtec.cat\/institutmontserratroig\/wp-json\/wp\/v2\/comments?post=5779"}],"version-history":[{"count":3,"href":"https:\/\/agora.xtec.cat\/institutmontserratroig\/wp-json\/wp\/v2\/posts\/5779\/revisions"}],"predecessor-version":[{"id":5783,"href":"https:\/\/agora.xtec.cat\/institutmontserratroig\/wp-json\/wp\/v2\/posts\/5779\/revisions\/5783"}],"wp:featuredmedia":[{"embeddable":true,"href":"https:\/\/agora.xtec.cat\/institutmontserratroig\/wp-json\/wp\/v2\/media\/5786"}],"wp:attachment":[{"href":"https:\/\/agora.xtec.cat\/institutmontserratroig\/wp-json\/wp\/v2\/media?parent=5779"}],"wp:term":[{"taxonomy":"category","embeddable":true,"href":"https:\/\/agora.xtec.cat\/institutmontserratroig\/wp-json\/wp\/v2\/categories?post=5779"},{"taxonomy":"post_tag","embeddable":true,"href":"https:\/\/agora.xtec.cat\/institutmontserratroig\/wp-json\/wp\/v2\/tags?post=5779"}],"curies":[{"name":"wp","href":"https:\/\/api.w.org\/{rel}","templated":true}]}}