{"id":5723,"date":"2017-02-19T21:43:04","date_gmt":"2017-02-19T20:43:04","guid":{"rendered":"http:\/\/agora.xtec.cat\/institutmontserratroig\/?p=5723"},"modified":"2023-06-02T12:12:33","modified_gmt":"2023-06-02T10:12:33","slug":"si-us-agrada-la-fotografia-i-concursar","status":"publish","type":"post","link":"https:\/\/agora.xtec.cat\/institutmontserratroig\/general\/si-us-agrada-la-fotografia-i-concursar\/","title":{"rendered":"Si us agrada la fotografia i concursar&#8230;"},"content":{"rendered":"<p style=\"text-align: justify;\">&#8230;us proposem que visiteu el web d&#8217;EFIM, Experi\u00e8ncia Fotogr\u00e0fica Internacional dels Monuments, per saber-ne m\u00e9s d&#8217;aquest concurs de fotografia i patrimoni adre\u00e7at als joves, que t\u00e9 per objectiu apropar-los al patrimoni monumental, per tal que el coneguin, el valorin i el gaudeixin.<\/p>\n<p style=\"text-align: justify;\"><a href=\"http:\/\/culturaeducacio.gencat.cat\/efim\/index.php\" target=\"_blank\" rel=\"noopener noreferrer\"><img loading=\"lazy\" decoding=\"async\" class=\"aligncenter wp-image-5724\" title=\"Clica per anar al web d'EFIM\" src=\"http:\/\/agora.xtec.cat\/institutmontserratroig\/wp-content\/uploads\/usu342\/2017\/02\/imatge-efim17-300x285.png\" alt=\"imatge-efim17\" width=\"263\" height=\"250\" srcset=\"https:\/\/agora.xtec.cat\/institutmontserratroig\/wp-content\/uploads\/usu342\/2017\/02\/imatge-efim17-300x285.png 300w, https:\/\/agora.xtec.cat\/institutmontserratroig\/wp-content\/uploads\/usu342\/2017\/02\/imatge-efim17.png 505w\" sizes=\"auto, (max-width: 263px) 100vw, 263px\" \/><\/a><\/p>\n","protected":false},"excerpt":{"rendered":"<p>&#8230;us proposem que visiteu el web d&#8217;EFIM, Experi\u00e8ncia Fotogr\u00e0fica Internacional dels Monuments, per saber-ne m\u00e9s d&#8217;aquest concurs de fotografia i patrimoni adre\u00e7at als joves, que t\u00e9 per objectiu apropar-los al patrimoni monumental, per tal que el coneguin, el valorin i el gaudeixin.<br \/>\n<a href=\"http:\/\/culturaeducacio.gencat.cat\/efim\/index.php\" target=\"_blank\" rel=\"noopener&hellip;  <a href=\"https:\/\/agora.xtec.cat\/institutmontserratroig\/general\/si-us-agrada-la-fotografia-i-concursar\/\" title=\"Read Si us agrada la fotografia i concursar&#8230;\">Llegeix m\u00e9s\u00bb<\/a><\/p>\n","protected":false},"author":1,"featured_media":5724,"comment_status":"open","ping_status":"closed","sticky":false,"template":"","format":"standard","meta":{"_bbp_topic_count":0,"_bbp_reply_count":0,"_bbp_total_topic_count":0,"_bbp_total_reply_count":0,"_bbp_voice_count":0,"_bbp_anonymous_reply_count":0,"_bbp_topic_count_hidden":0,"_bbp_reply_count_hidden":0,"_bbp_forum_subforum_count":0,"footnotes":""},"categories":[8,158,3,1,29],"tags":[346,441],"class_list":["post-5723","post","type-post","status-publish","format-standard","has-post-thumbnail","hentry","category-batxillerat","category-curs-2016-17","category-eso","category-general","category-portada","tag-concurs","tag-fotografia"],"post_mailing_queue_ids":[],"_links":{"self":[{"href":"https:\/\/agora.xtec.cat\/institutmontserratroig\/wp-json\/wp\/v2\/posts\/5723","targetHints":{"allow":["GET"]}}],"collection":[{"href":"https:\/\/agora.xtec.cat\/institutmontserratroig\/wp-json\/wp\/v2\/posts"}],"about":[{"href":"https:\/\/agora.xtec.cat\/institutmontserratroig\/wp-json\/wp\/v2\/types\/post"}],"author":[{"embeddable":true,"href":"https:\/\/agora.xtec.cat\/institutmontserratroig\/wp-json\/wp\/v2\/users\/1"}],"replies":[{"embeddable":true,"href":"https:\/\/agora.xtec.cat\/institutmontserratroig\/wp-json\/wp\/v2\/comments?post=5723"}],"version-history":[{"count":3,"href":"https:\/\/agora.xtec.cat\/institutmontserratroig\/wp-json\/wp\/v2\/posts\/5723\/revisions"}],"predecessor-version":[{"id":19459,"href":"https:\/\/agora.xtec.cat\/institutmontserratroig\/wp-json\/wp\/v2\/posts\/5723\/revisions\/19459"}],"wp:featuredmedia":[{"embeddable":true,"href":"https:\/\/agora.xtec.cat\/institutmontserratroig\/wp-json\/wp\/v2\/media\/5724"}],"wp:attachment":[{"href":"https:\/\/agora.xtec.cat\/institutmontserratroig\/wp-json\/wp\/v2\/media?parent=5723"}],"wp:term":[{"taxonomy":"category","embeddable":true,"href":"https:\/\/agora.xtec.cat\/institutmontserratroig\/wp-json\/wp\/v2\/categories?post=5723"},{"taxonomy":"post_tag","embeddable":true,"href":"https:\/\/agora.xtec.cat\/institutmontserratroig\/wp-json\/wp\/v2\/tags?post=5723"}],"curies":[{"name":"wp","href":"https:\/\/api.w.org\/{rel}","templated":true}]}}