{"id":5690,"date":"2017-02-13T21:40:39","date_gmt":"2017-02-13T20:40:39","guid":{"rendered":"http:\/\/agora.xtec.cat\/institutmontserratroig\/?p=5690"},"modified":"2023-02-16T20:27:57","modified_gmt":"2023-02-16T19:27:57","slug":"primeres-fotos-de-lesquiada","status":"publish","type":"post","link":"https:\/\/agora.xtec.cat\/institutmontserratroig\/eso\/primeres-fotos-de-lesquiada\/","title":{"rendered":"Primeres fotos de l&#8217;esquiada"},"content":{"rendered":"<p style=\"text-align: justify;\">Sense temps ni per treure&#8217;s els esqu\u00eds l&#8217;Antonio Barea ja ens ha fet arribar les primeres fotos de l&#8217;esquiada d&#8217;aquest dilluns. La cr\u00f2nica del dia, escrita pel Ferran, la podeu llegir m\u00e9s avall.<\/p>\n<table style=\"width: 100%; border: none;\">\n<tbody>\n<tr>\n<td style=\"text-align: center; border: none;\"><iframe loading=\"lazy\" src=\"https:\/\/www.youtube.com\/embed\/3Akkh-nbp00\" width=\"800\" height=\"450\" frameborder=\"0\" allowfullscreen=\"allowfullscreen\"><\/iframe><\/td>\n<\/tr>\n<\/tbody>\n<\/table>\n<p style=\"text-align: justify;\"><!--more--><\/p>\n<p style=\"text-align: justify;\">Aquest dilluns l\u2019alumnat de tercer va fer la tradicional sortida a la neu.<\/p>\n<p style=\"text-align: justify;\">Afortunadament, les previsions meteorol\u00f2giques no es van complir i, malgrat el cel encapotat i el fort vent que hi havia a la part alta de la muntanya, les pistes de principiants estaven en unes condicions immillorables per a la pr\u00e0ctica de l\u2019esqu\u00ed.<\/p>\n<p style=\"text-align: justify;\">Per a la majoria de nois i noies era la primera vegada que es posaven uns esqu\u00eds. Uns m\u00e9s agosarats, d\u2019altres m\u00e9s prudents, per\u00f2 al final de la jornada tots feien amb prou seguretat les seves primeres baixades.<\/p>\n<p style=\"text-align: justify;\">La valoraci\u00f3 final va ser molt positiva encara que, com \u00e9s habitual, molts dels alumnes es van quedar amb ganes de fer una darrera baixada.<\/p>\n<p style=\"text-align: justify;\">Ara \u00e9s cosa d\u2019ells repetir l\u2019experi\u00e8ncia i consolidar els aprenentatges per gaudir d\u2019un esport saludable que ens posa en contacte amb la natura.<\/p>\n","protected":false},"excerpt":{"rendered":"<p>Sense temps ni per treure&#8217;s els esqu\u00eds l&#8217;Antonio Barea ja ens ha fet arribar les primeres fotos de l&#8217;esquiada d&#8217;aquest dilluns. La cr\u00f2nica del dia, escrita pel Ferran, la podeu llegir m\u00e9s avall.<\/p>\n","protected":false},"author":1,"featured_media":5691,"comment_status":"open","ping_status":"closed","sticky":false,"template":"","format":"standard","meta":{"_bbp_topic_count":0,"_bbp_reply_count":0,"_bbp_total_topic_count":0,"_bbp_total_reply_count":0,"_bbp_voice_count":0,"_bbp_anonymous_reply_count":0,"_bbp_topic_count_hidden":0,"_bbp_reply_count_hidden":0,"_bbp_forum_subforum_count":0,"footnotes":""},"categories":[158,100,3,29],"tags":[422,179],"class_list":["post-5690","post","type-post","status-publish","format-standard","has-post-thumbnail","hentry","category-curs-2016-17","category-educacio-fisica","category-eso","category-portada","tag-esquiada","tag-sortides"],"post_mailing_queue_ids":[],"_links":{"self":[{"href":"https:\/\/agora.xtec.cat\/institutmontserratroig\/wp-json\/wp\/v2\/posts\/5690","targetHints":{"allow":["GET"]}}],"collection":[{"href":"https:\/\/agora.xtec.cat\/institutmontserratroig\/wp-json\/wp\/v2\/posts"}],"about":[{"href":"https:\/\/agora.xtec.cat\/institutmontserratroig\/wp-json\/wp\/v2\/types\/post"}],"author":[{"embeddable":true,"href":"https:\/\/agora.xtec.cat\/institutmontserratroig\/wp-json\/wp\/v2\/users\/1"}],"replies":[{"embeddable":true,"href":"https:\/\/agora.xtec.cat\/institutmontserratroig\/wp-json\/wp\/v2\/comments?post=5690"}],"version-history":[{"count":3,"href":"https:\/\/agora.xtec.cat\/institutmontserratroig\/wp-json\/wp\/v2\/posts\/5690\/revisions"}],"predecessor-version":[{"id":5722,"href":"https:\/\/agora.xtec.cat\/institutmontserratroig\/wp-json\/wp\/v2\/posts\/5690\/revisions\/5722"}],"wp:featuredmedia":[{"embeddable":true,"href":"https:\/\/agora.xtec.cat\/institutmontserratroig\/wp-json\/wp\/v2\/media\/5691"}],"wp:attachment":[{"href":"https:\/\/agora.xtec.cat\/institutmontserratroig\/wp-json\/wp\/v2\/media?parent=5690"}],"wp:term":[{"taxonomy":"category","embeddable":true,"href":"https:\/\/agora.xtec.cat\/institutmontserratroig\/wp-json\/wp\/v2\/categories?post=5690"},{"taxonomy":"post_tag","embeddable":true,"href":"https:\/\/agora.xtec.cat\/institutmontserratroig\/wp-json\/wp\/v2\/tags?post=5690"}],"curies":[{"name":"wp","href":"https:\/\/api.w.org\/{rel}","templated":true}]}}