{"id":5437,"date":"2016-03-30T14:29:07","date_gmt":"2016-03-30T12:29:07","guid":{"rendered":"http:\/\/agora.xtec.cat\/institutmontserratroig\/?p=5437"},"modified":"2018-04-23T11:19:01","modified_gmt":"2018-04-23T09:19:01","slug":"sant-jordi-a-escena","status":"publish","type":"post","link":"https:\/\/agora.xtec.cat\/institutmontserratroig\/eso\/sant-jordi-a-escena\/","title":{"rendered":"Sant Jordi a escena"},"content":{"rendered":"<p style=\"text-align: justify;\"><img loading=\"lazy\" decoding=\"async\" class=\"size-full wp-image-5438 alignleft\" src=\"http:\/\/agora.xtec.cat\/institutmontserratroig\/wp-content\/uploads\/usu342\/2017\/01\/foto-sj16-a-escena.jpeg\" alt=\"foto-sj16-a-escena\" width=\"350\" height=\"337\" srcset=\"https:\/\/agora.xtec.cat\/institutmontserratroig\/wp-content\/uploads\/usu342\/2017\/01\/foto-sj16-a-escena.jpeg 350w, https:\/\/agora.xtec.cat\/institutmontserratroig\/wp-content\/uploads\/usu342\/2017\/01\/foto-sj16-a-escena-300x289.jpeg 300w\" sizes=\"auto, (max-width: 350px) 100vw, 350px\" \/>Per a sant Jordi, agafa el m\u00f2bil i fes un v\u00eddeo!<\/p>\n<p style=\"text-align: justify;\">Des del Taller de Guionatge de la Biblioteca Secretari Coloma proposem que enguany publicitem sant Jordi amb un v\u00eddeo.<\/p>\n<p style=\"text-align: justify;\">Nom\u00e9s hi ha un requisit indispensable: el v\u00eddeo ha de incloure la frase \u201cLlegir \u00e9s\u2026\u201c<\/p>\n<p style=\"text-align: justify;\">A partir d\u2019aqu\u00ed, munta\u2019t la teva pel\u00b7l\u00edcula i fes un clip o un espot. Aix\u00f2 s\u00ed, que no duri m\u00e9s de 45 segons.<\/p>\n<p style=\"text-align: justify;\">Els v\u00eddeos que rebem, els penjarem al blog de la Revista i els sotmetrem a votaci\u00f3 popular. El termini acaba el 18 d\u2019abril.<\/p>\n<p style=\"text-align: justify;\">Acci\u00f3!<\/p>\n","protected":false},"excerpt":{"rendered":"<p>Per a sant Jordi, agafa el m\u00f2bil i fes un v\u00eddeo!<br \/>\nDes del Taller de Guionatge de la Biblioteca Secretari Coloma proposem que enguany publicitem sant Jordi amb un v\u00eddeo.<br \/>\nNom\u00e9s hi ha un requisit indispensable: el v\u00eddeo ha de incloure la frase \u201cLlegir \u00e9s\u2026\u201c<br \/>\nA partir d\u2019aqu\u00ed,&hellip;  <a href=\"https:\/\/agora.xtec.cat\/institutmontserratroig\/eso\/sant-jordi-a-escena\/\" title=\"Read Sant Jordi a escena\">Llegeix m\u00e9s\u00bb<\/a><\/p>\n","protected":false},"author":1,"featured_media":5438,"comment_status":"open","ping_status":"closed","sticky":false,"template":"","format":"standard","meta":{"_bbp_topic_count":0,"_bbp_reply_count":0,"_bbp_total_topic_count":0,"_bbp_total_reply_count":0,"_bbp_voice_count":0,"_bbp_anonymous_reply_count":0,"_bbp_topic_count_hidden":0,"_bbp_reply_count_hidden":0,"_bbp_forum_subforum_count":0,"footnotes":""},"categories":[8,62,3,80,103,96,219],"tags":[],"class_list":["post-5437","post","type-post","status-publish","format-standard","has-post-thumbnail","hentry","category-batxillerat","category-curs-2015-16","category-eso","category-festes-i-celebracions","category-llengua-catalana","category-sant-jordi","category-sant-jordi-2016"],"post_mailing_queue_ids":[],"_links":{"self":[{"href":"https:\/\/agora.xtec.cat\/institutmontserratroig\/wp-json\/wp\/v2\/posts\/5437","targetHints":{"allow":["GET"]}}],"collection":[{"href":"https:\/\/agora.xtec.cat\/institutmontserratroig\/wp-json\/wp\/v2\/posts"}],"about":[{"href":"https:\/\/agora.xtec.cat\/institutmontserratroig\/wp-json\/wp\/v2\/types\/post"}],"author":[{"embeddable":true,"href":"https:\/\/agora.xtec.cat\/institutmontserratroig\/wp-json\/wp\/v2\/users\/1"}],"replies":[{"embeddable":true,"href":"https:\/\/agora.xtec.cat\/institutmontserratroig\/wp-json\/wp\/v2\/comments?post=5437"}],"version-history":[{"count":1,"href":"https:\/\/agora.xtec.cat\/institutmontserratroig\/wp-json\/wp\/v2\/posts\/5437\/revisions"}],"predecessor-version":[{"id":5439,"href":"https:\/\/agora.xtec.cat\/institutmontserratroig\/wp-json\/wp\/v2\/posts\/5437\/revisions\/5439"}],"wp:featuredmedia":[{"embeddable":true,"href":"https:\/\/agora.xtec.cat\/institutmontserratroig\/wp-json\/wp\/v2\/media\/5438"}],"wp:attachment":[{"href":"https:\/\/agora.xtec.cat\/institutmontserratroig\/wp-json\/wp\/v2\/media?parent=5437"}],"wp:term":[{"taxonomy":"category","embeddable":true,"href":"https:\/\/agora.xtec.cat\/institutmontserratroig\/wp-json\/wp\/v2\/categories?post=5437"},{"taxonomy":"post_tag","embeddable":true,"href":"https:\/\/agora.xtec.cat\/institutmontserratroig\/wp-json\/wp\/v2\/tags?post=5437"}],"curies":[{"name":"wp","href":"https:\/\/api.w.org\/{rel}","templated":true}]}}