{"id":5244,"date":"2016-11-30T23:22:56","date_gmt":"2016-11-30T22:22:56","guid":{"rendered":"http:\/\/agora.xtec.cat\/institutmontserratroig\/?p=5244"},"modified":"2016-12-01T11:45:43","modified_gmt":"2016-12-01T10:45:43","slug":"ciutats-per-la-vida-ciutats-contra-la-pena-de-mort","status":"publish","type":"post","link":"https:\/\/agora.xtec.cat\/institutmontserratroig\/general\/ciutats-per-la-vida-ciutats-contra-la-pena-de-mort\/","title":{"rendered":"&#8220;Ciutats per la vida, ciutats contra la pena de mort&#8221;"},"content":{"rendered":"<p style=\"text-align: justify;\">El 30 de novembre se celebra arreu del m\u00f3n la jornada internacional \u00abCiutats per la vida, Ciutats contra la pena de mort\u00bb, promoguda per la <a href=\"http:\/\/www.santegidio.org\/index.php\" target=\"_blank\">Comunitat de Sant\u2019Egidio<\/a>.<\/p>\n<p style=\"text-align: justify;\">A part de tots els actes que es fan arreu del m\u00f3n, avui m\u00e9s de 2100 ciutats de gaireb\u00e9 100 pa\u00efsos han il\u00b7luminat un edifici emblem\u00e0tic per dir que &#8220;no hi ha just\u00edcia sense vida&#8221;.<\/p>\n<p style=\"text-align: justify;\">Aquest vespre mateix he pogut fer una fotografia de l&#8217;Ajuntament de Barcelona il\u00b7luminat.<\/p>\n<p style=\"text-align: justify;\"><a href=\"http:\/\/agora.xtec.cat\/institutmontserratroig\/wp-content\/uploads\/usu342\/2016\/11\/foto-ajuntament-il\u00b7luminat.jpg\"><img loading=\"lazy\" decoding=\"async\" class=\"size-large wp-image-5245 aligncenter\" src=\"http:\/\/agora.xtec.cat\/institutmontserratroig\/wp-content\/uploads\/usu342\/2016\/11\/foto-ajuntament-il\u00b7luminat-1024x768.jpg\" alt=\"foto-ajuntament-il%c2%b7luminat\" width=\"1024\" height=\"768\" srcset=\"https:\/\/agora.xtec.cat\/institutmontserratroig\/wp-content\/uploads\/usu342\/2016\/11\/foto-ajuntament-il\u00b7luminat-1024x768.jpg 1024w, https:\/\/agora.xtec.cat\/institutmontserratroig\/wp-content\/uploads\/usu342\/2016\/11\/foto-ajuntament-il\u00b7luminat-300x225.jpg 300w, https:\/\/agora.xtec.cat\/institutmontserratroig\/wp-content\/uploads\/usu342\/2016\/11\/foto-ajuntament-il\u00b7luminat-768x576.jpg 768w, https:\/\/agora.xtec.cat\/institutmontserratroig\/wp-content\/uploads\/usu342\/2016\/11\/foto-ajuntament-il\u00b7luminat-200x150.jpg 200w, https:\/\/agora.xtec.cat\/institutmontserratroig\/wp-content\/uploads\/usu342\/2016\/11\/foto-ajuntament-il\u00b7luminat.jpg 1296w\" sizes=\"auto, (max-width: 1024px) 100vw, 1024px\" \/><\/a><\/p>\n","protected":false},"excerpt":{"rendered":"<p>El 30 de novembre se celebra arreu del m\u00f3n la jornada internacional \u00abCiutats per la vida, Ciutats contra la pena de mort\u00bb, promoguda per la <a href=\"http:\/\/www.santegidio.org\/index.php\" target=\"_blank\">Comunitat de Sant\u2019Egidio<\/a>.<br \/>\nA part de tots els actes que es fan arreu del m\u00f3n, avui m\u00e9s de 2100&hellip;  <a href=\"https:\/\/agora.xtec.cat\/institutmontserratroig\/general\/ciutats-per-la-vida-ciutats-contra-la-pena-de-mort\/\" title=\"Read &#8220;Ciutats per la vida, ciutats contra la pena de mort&#8221;\">Llegeix m\u00e9s\u00bb<\/a><\/p>\n","protected":false},"author":16,"featured_media":5245,"comment_status":"open","ping_status":"open","sticky":false,"template":"","format":"standard","meta":{"_bbp_topic_count":0,"_bbp_reply_count":0,"_bbp_total_topic_count":0,"_bbp_total_reply_count":0,"_bbp_voice_count":0,"_bbp_anonymous_reply_count":0,"_bbp_topic_count_hidden":0,"_bbp_reply_count_hidden":0,"_bbp_forum_subforum_count":0,"footnotes":""},"categories":[158,1],"tags":[132],"class_list":["post-5244","post","type-post","status-publish","format-standard","has-post-thumbnail","hentry","category-curs-2016-17","category-general","tag-dies-de"],"post_mailing_queue_ids":[],"_links":{"self":[{"href":"https:\/\/agora.xtec.cat\/institutmontserratroig\/wp-json\/wp\/v2\/posts\/5244","targetHints":{"allow":["GET"]}}],"collection":[{"href":"https:\/\/agora.xtec.cat\/institutmontserratroig\/wp-json\/wp\/v2\/posts"}],"about":[{"href":"https:\/\/agora.xtec.cat\/institutmontserratroig\/wp-json\/wp\/v2\/types\/post"}],"author":[{"embeddable":true,"href":"https:\/\/agora.xtec.cat\/institutmontserratroig\/wp-json\/wp\/v2\/users\/16"}],"replies":[{"embeddable":true,"href":"https:\/\/agora.xtec.cat\/institutmontserratroig\/wp-json\/wp\/v2\/comments?post=5244"}],"version-history":[{"count":3,"href":"https:\/\/agora.xtec.cat\/institutmontserratroig\/wp-json\/wp\/v2\/posts\/5244\/revisions"}],"predecessor-version":[{"id":5248,"href":"https:\/\/agora.xtec.cat\/institutmontserratroig\/wp-json\/wp\/v2\/posts\/5244\/revisions\/5248"}],"wp:featuredmedia":[{"embeddable":true,"href":"https:\/\/agora.xtec.cat\/institutmontserratroig\/wp-json\/wp\/v2\/media\/5245"}],"wp:attachment":[{"href":"https:\/\/agora.xtec.cat\/institutmontserratroig\/wp-json\/wp\/v2\/media?parent=5244"}],"wp:term":[{"taxonomy":"category","embeddable":true,"href":"https:\/\/agora.xtec.cat\/institutmontserratroig\/wp-json\/wp\/v2\/categories?post=5244"},{"taxonomy":"post_tag","embeddable":true,"href":"https:\/\/agora.xtec.cat\/institutmontserratroig\/wp-json\/wp\/v2\/tags?post=5244"}],"curies":[{"name":"wp","href":"https:\/\/api.w.org\/{rel}","templated":true}]}}