{"id":5076,"date":"2016-11-24T09:37:08","date_gmt":"2016-11-24T08:37:08","guid":{"rendered":"http:\/\/agora.xtec.cat\/institutmontserratroig\/?p=5076"},"modified":"2016-11-25T14:22:20","modified_gmt":"2016-11-25T13:22:20","slug":"rebobina-canviem-el-fil-de-la-historia","status":"publish","type":"post","link":"https:\/\/agora.xtec.cat\/institutmontserratroig\/eso\/rebobina-canviem-el-fil-de-la-historia\/","title":{"rendered":"&#8220;Rebobina. Canviem el fil de la hist\u00f2ria&#8221;"},"content":{"rendered":"<p style=\"text-align: justify;\"><img loading=\"lazy\" decoding=\"async\" class=\"size-full wp-image-5077 aligncenter\" src=\"http:\/\/agora.xtec.cat\/institutmontserratroig\/wp-content\/uploads\/usu342\/2016\/11\/imatge-25n_rebobina_baner.jpeg\" alt=\"imatge-25n_rebobina_baner\" width=\"728\" height=\"90\" srcset=\"https:\/\/agora.xtec.cat\/institutmontserratroig\/wp-content\/uploads\/usu342\/2016\/11\/imatge-25n_rebobina_baner.jpeg 728w, https:\/\/agora.xtec.cat\/institutmontserratroig\/wp-content\/uploads\/usu342\/2016\/11\/imatge-25n_rebobina_baner-300x37.jpeg 300w\" sizes=\"auto, (max-width: 728px) 100vw, 728px\" \/><\/p>\n<h2 style=\"text-align: center;\"><a href=\"http:\/\/agora.xtec.cat\/institutmontserratroig\/wp-content\/uploads\/usu342\/2016\/11\/vm_manifest25n.pdf\" target=\"_blank\">Manifest<\/a><\/h2>\n<h4 style=\"text-align: center;\"><a href=\"http:\/\/agora.xtec.cat\/institutmontserratroig\/wp-content\/uploads\/usu342\/2016\/11\/Captura-de-pantalla-2016-11-24-a-les-9.42.44.png\">Dia internacional contra la viol\u00e8ncia envers les dones<\/a><\/h4>\n<p style=\"text-align: justify;\">Aquesta \u00e9s la campanya de sensibilitzaci\u00f3 que endega l&#8217;Institut Catal\u00e0 de les Dones en el marc de la commemoraci\u00f3 del Dia Internacional per a l&#8217;Eliminaci\u00f3 de la Viol\u00e8ncia envers les Dones.<\/p>\n<p style=\"text-align: justify;\">L\u2019Institut Catal\u00e0 de les Dones (ICD) divulga la campanya de Rebobina, canviem el fil de la hist\u00f2ria, una iniciativa de sensibilitzaci\u00f3 que demana la complicitat de tota la ciutadania per afrontar i superar la viol\u00e8ncia masclista. L\u2019acci\u00f3 de rebobinar est\u00e0 estretament lligada a la voluntat de tornar a escoltar o mirar i a la necessitat de cercar nous elements per entendre i interpretar all\u00f2 que hem escoltat o que hem vist. Amb aquesta campanya rebobinem amb l\u2019objectiu de cercar m\u00e9s elements que ens permetin comprendre i interpretar el com i el perqu\u00e8 \u00e9s imprescindible si com a societat volem eradicar la viol\u00e8ncia masclista.<\/p>\n<p style=\"text-align: justify;\">\u00c9s per tant una campanya de comprom\u00eds de les inst\u00e0ncies pol\u00edtiques envers la ciutadania i envers els professionals i les professionals de tots el \u00e0mbits, perqu\u00e8 quan rebobinem tinguem sempre al nostre abast les eines i els recursos per poder afrontar la viol\u00e8ncia masclista i canviar el fil de la hist\u00f2ria. I \u00e9s, per tant, tamb\u00e9 una campanya que reclama la complicitat de tota la ciutadania, perqu\u00e8 quan identifiquem una situaci\u00f3 de Viol\u00e8ncia Masclista no podem mirar cap a un altre lloc, cal afrontar -la.<\/p>\n<p style=\"text-align: justify;\">Font: Institut Catal\u00e0 de les Dones<\/p>\n","protected":false},"excerpt":{"rendered":"<p><a href=\"http:\/\/agora.xtec.cat\/institutmontserratroig\/wp-content\/uploads\/usu342\/2016\/11\/vm_manifest25n.pdf\" target=\"_blank\">Manifest<\/a><br \/>\n<a href=\"http:\/\/agora.xtec.cat\/institutmontserratroig\/wp-content\/uploads\/usu342\/2016\/11\/Captura-de-pantalla-2016-11-24-a-les-9.42.44.png\">Dia internacional contra la viol\u00e8ncia envers les dones<\/a><br \/>\nAquesta \u00e9s la campanya de sensibilitzaci\u00f3 que endega l&#8217;Institut Catal\u00e0 de les Dones en el marc de la commemoraci\u00f3 del Dia Internacional per a l&#8217;Eliminaci\u00f3 de la Viol\u00e8ncia envers les Dones.<br \/>\nL\u2019Institut Catal\u00e0 de les Dones&hellip;  <a href=\"https:\/\/agora.xtec.cat\/institutmontserratroig\/eso\/rebobina-canviem-el-fil-de-la-historia\/\" title=\"Read &#8220;Rebobina. Canviem el fil de la hist\u00f2ria&#8221;\">Llegeix m\u00e9s\u00bb<\/a><\/p>\n","protected":false},"author":1,"featured_media":5078,"comment_status":"open","ping_status":"open","sticky":false,"template":"","format":"standard","meta":{"_bbp_topic_count":0,"_bbp_reply_count":0,"_bbp_total_topic_count":0,"_bbp_total_reply_count":0,"_bbp_voice_count":0,"_bbp_anonymous_reply_count":0,"_bbp_topic_count_hidden":0,"_bbp_reply_count_hidden":0,"_bbp_forum_subforum_count":0,"footnotes":""},"categories":[8,158,3,29],"tags":[132],"class_list":["post-5076","post","type-post","status-publish","format-standard","has-post-thumbnail","hentry","category-batxillerat","category-curs-2016-17","category-eso","category-portada","tag-dies-de"],"post_mailing_queue_ids":[],"_links":{"self":[{"href":"https:\/\/agora.xtec.cat\/institutmontserratroig\/wp-json\/wp\/v2\/posts\/5076","targetHints":{"allow":["GET"]}}],"collection":[{"href":"https:\/\/agora.xtec.cat\/institutmontserratroig\/wp-json\/wp\/v2\/posts"}],"about":[{"href":"https:\/\/agora.xtec.cat\/institutmontserratroig\/wp-json\/wp\/v2\/types\/post"}],"author":[{"embeddable":true,"href":"https:\/\/agora.xtec.cat\/institutmontserratroig\/wp-json\/wp\/v2\/users\/1"}],"replies":[{"embeddable":true,"href":"https:\/\/agora.xtec.cat\/institutmontserratroig\/wp-json\/wp\/v2\/comments?post=5076"}],"version-history":[{"count":2,"href":"https:\/\/agora.xtec.cat\/institutmontserratroig\/wp-json\/wp\/v2\/posts\/5076\/revisions"}],"predecessor-version":[{"id":5082,"href":"https:\/\/agora.xtec.cat\/institutmontserratroig\/wp-json\/wp\/v2\/posts\/5076\/revisions\/5082"}],"wp:featuredmedia":[{"embeddable":true,"href":"https:\/\/agora.xtec.cat\/institutmontserratroig\/wp-json\/wp\/v2\/media\/5078"}],"wp:attachment":[{"href":"https:\/\/agora.xtec.cat\/institutmontserratroig\/wp-json\/wp\/v2\/media?parent=5076"}],"wp:term":[{"taxonomy":"category","embeddable":true,"href":"https:\/\/agora.xtec.cat\/institutmontserratroig\/wp-json\/wp\/v2\/categories?post=5076"},{"taxonomy":"post_tag","embeddable":true,"href":"https:\/\/agora.xtec.cat\/institutmontserratroig\/wp-json\/wp\/v2\/tags?post=5076"}],"curies":[{"name":"wp","href":"https:\/\/api.w.org\/{rel}","templated":true}]}}