{"id":33015,"date":"2026-04-22T12:12:33","date_gmt":"2026-04-22T10:12:33","guid":{"rendered":"https:\/\/agora.xtec.cat\/institutmontserratroig\/?p=33015"},"modified":"2026-04-22T12:14:17","modified_gmt":"2026-04-22T10:14:17","slug":"el-nostre-alumne-neil-alonso-ejarque-publica-el-seu-primer-llibre-set-nits-mes-una-amb-llum-blanca","status":"publish","type":"post","link":"https:\/\/agora.xtec.cat\/institutmontserratroig\/portada\/el-nostre-alumne-neil-alonso-ejarque-publica-el-seu-primer-llibre-set-nits-mes-una-amb-llum-blanca\/","title":{"rendered":"El nostre alumne Neil Alonso Ejarque publica el seu primer llibre: Set nits m\u00e9s una amb llum blanca"},"content":{"rendered":"<p data-start=\"94\" data-end=\"409\"><a href=\"https:\/\/agora.xtec.cat\/institutmontserratroig\/wp-content\/uploads\/usu342\/2026\/04\/IMG_0239.jpeg\"><img loading=\"lazy\" decoding=\"async\" class=\"size-medium wp-image-33014 alignright\" src=\"https:\/\/agora.xtec.cat\/institutmontserratroig\/wp-content\/uploads\/usu342\/2026\/04\/IMG_0239-241x300.jpeg\" alt=\"\" width=\"241\" height=\"300\" srcset=\"https:\/\/agora.xtec.cat\/institutmontserratroig\/wp-content\/uploads\/usu342\/2026\/04\/IMG_0239-241x300.jpeg 241w, https:\/\/agora.xtec.cat\/institutmontserratroig\/wp-content\/uploads\/usu342\/2026\/04\/IMG_0239-822x1024.jpeg 822w, https:\/\/agora.xtec.cat\/institutmontserratroig\/wp-content\/uploads\/usu342\/2026\/04\/IMG_0239-768x957.jpeg 768w, https:\/\/agora.xtec.cat\/institutmontserratroig\/wp-content\/uploads\/usu342\/2026\/04\/IMG_0239.jpeg 828w\" sizes=\"auto, (max-width: 241px) 100vw, 241px\" \/><\/a><strong>El nostre centre celebra amb orgull la publicaci\u00f3 del primer llibre d\u2019un dels nostres alumnes, Neil Alonso Ejarque de 2n de Batxillerat, qui debuta en el m\u00f3n literari amb l\u2019obra <em data-start=\"227\" data-end=\"261\">Set nits m\u00e9s una amb llum blanca <\/em>i s&#8217;estrena en la signatura de llibres com a autor novell aquesta diada de Sant Jord<\/strong>i<\/p>\n<p data-start=\"411\" data-end=\"818\">El llibre, tal com suggereix el seu subt\u00edtol \u2014\u201c7 nits que es converteixen en 9 dins d\u2019urg\u00e8ncies psiqui\u00e0triques d\u2019adults\u201d\u2014, proposa una aproximaci\u00f3 intensa i reflexiva una experi\u00e8ncia vital marcada per la vulnerabilitat. Amb una mirada contempor\u00e0nia i compromesa, l\u2019autor construeix un relat que convida a la reflexi\u00f3 sobre la salut mental, el pas del temps i les viv\u00e8ncies personals.<\/p>\n<p data-start=\"820\" data-end=\"1075\">Aquesta primera publicaci\u00f3 no nom\u00e9s representa una fita individual, sin\u00f3 que tamb\u00e9 exemplifica el valor de la creaci\u00f3 liter\u00e0ria com a eina d\u2019expressi\u00f3 i de creixement personal, un dels eixos que treballem des de l\u2019\u00e0mbit de llengua i literatura del centre.<\/p>\n<p data-start=\"1077\" data-end=\"1389\" data-is-last-node=\"\" data-is-only-node=\"\"><strong>Des de l\u2019institut volem felicitar en Neil per aquest triomf personal i encoratjar-lo a continuar desenvolupant la seva traject\u00f2ria liter\u00e0ria.<\/strong> Iniciatives com aquesta esdevenen un est\u00edmul per a tota la comunitat educativa i posen en relleu la import\u00e0ncia de fomentar la creativitat i l\u2019esperit cr\u00edtic entre els joves.<\/p>\n","protected":false},"excerpt":{"rendered":"<p><a href=\"https:\/\/agora.xtec.cat\/institutmontserratroig\/wp-content\/uploads\/usu342\/2026\/04\/IMG_0239.jpeg\"><\/a>El nostre centre celebra amb orgull la publicaci\u00f3 del primer llibre d\u2019un dels nostres alumnes, Neil Alonso Ejarque de 2n de Batxillerat, qui debuta en el m\u00f3n literari amb l\u2019obra Set nits m\u00e9s una amb llum blanca i s&#8217;estrena en la signatura de llibres&hellip;  <a href=\"https:\/\/agora.xtec.cat\/institutmontserratroig\/portada\/el-nostre-alumne-neil-alonso-ejarque-publica-el-seu-primer-llibre-set-nits-mes-una-amb-llum-blanca\/\" title=\"Read El nostre alumne Neil Alonso Ejarque publica el seu primer llibre: Set nits m\u00e9s una amb llum blanca\">Llegeix m\u00e9s\u00bb<\/a><\/p>\n","protected":false},"author":1,"featured_media":33014,"comment_status":"open","ping_status":"open","sticky":false,"template":"","format":"standard","meta":{"_bbp_topic_count":0,"_bbp_reply_count":0,"_bbp_total_topic_count":0,"_bbp_total_reply_count":0,"_bbp_voice_count":0,"_bbp_anonymous_reply_count":0,"_bbp_topic_count_hidden":0,"_bbp_reply_count_hidden":0,"_bbp_forum_subforum_count":0,"footnotes":""},"categories":[67,497,325,102,103,29],"tags":[412,495],"class_list":["post-33015","post","type-post","status-publish","format-standard","has-post-thumbnail","hentry","category-2n-de-batxillerat","category-curs-2024-25","category-ins-montserrat-roig","category-llengua-castellana","category-llengua-catalana","category-portada","tag-creacio-literaria","tag-educacio-literaria"],"post_mailing_queue_ids":[],"_links":{"self":[{"href":"https:\/\/agora.xtec.cat\/institutmontserratroig\/wp-json\/wp\/v2\/posts\/33015","targetHints":{"allow":["GET"]}}],"collection":[{"href":"https:\/\/agora.xtec.cat\/institutmontserratroig\/wp-json\/wp\/v2\/posts"}],"about":[{"href":"https:\/\/agora.xtec.cat\/institutmontserratroig\/wp-json\/wp\/v2\/types\/post"}],"author":[{"embeddable":true,"href":"https:\/\/agora.xtec.cat\/institutmontserratroig\/wp-json\/wp\/v2\/users\/1"}],"replies":[{"embeddable":true,"href":"https:\/\/agora.xtec.cat\/institutmontserratroig\/wp-json\/wp\/v2\/comments?post=33015"}],"version-history":[{"count":2,"href":"https:\/\/agora.xtec.cat\/institutmontserratroig\/wp-json\/wp\/v2\/posts\/33015\/revisions"}],"predecessor-version":[{"id":33017,"href":"https:\/\/agora.xtec.cat\/institutmontserratroig\/wp-json\/wp\/v2\/posts\/33015\/revisions\/33017"}],"wp:featuredmedia":[{"embeddable":true,"href":"https:\/\/agora.xtec.cat\/institutmontserratroig\/wp-json\/wp\/v2\/media\/33014"}],"wp:attachment":[{"href":"https:\/\/agora.xtec.cat\/institutmontserratroig\/wp-json\/wp\/v2\/media?parent=33015"}],"wp:term":[{"taxonomy":"category","embeddable":true,"href":"https:\/\/agora.xtec.cat\/institutmontserratroig\/wp-json\/wp\/v2\/categories?post=33015"},{"taxonomy":"post_tag","embeddable":true,"href":"https:\/\/agora.xtec.cat\/institutmontserratroig\/wp-json\/wp\/v2\/tags?post=33015"}],"curies":[{"name":"wp","href":"https:\/\/api.w.org\/{rel}","templated":true}]}}