{"id":32838,"date":"2026-03-07T11:09:16","date_gmt":"2026-03-07T10:09:16","guid":{"rendered":"https:\/\/agora.xtec.cat\/institutmontserratroig\/?p=32838"},"modified":"2026-03-09T17:02:41","modified_gmt":"2026-03-09T16:02:41","slug":"preinscripcio-eso-2026-27-oferta-publica-de-places","status":"publish","type":"post","link":"https:\/\/agora.xtec.cat\/institutmontserratroig\/eso\/preinscripcio-eso-2026-27-oferta-publica-de-places\/","title":{"rendered":"Preinscripci\u00f3 ESO [2026-27]: oferta p\u00fablica de places"},"content":{"rendered":"<p data-start=\"73\" data-end=\"417\">En aquest inici del <strong data-start=\"274\" data-end=\"309\">proc\u00e9s de preinscripci\u00f3 escolar<\/strong>, des de l\u2019<strong data-start=\"449\" data-end=\"477\">Institut Montserrat Roig<\/strong> posem a disposici\u00f3 de les fam\u00edlies la nostra oferta de places per a\u00a0<b> l&#8217;etapa ESO [Educaci\u00f3 Secund\u00e0ria Obligat\u00f2ria].<\/b><\/p>\n<p data-start=\"73\" data-end=\"417\">Per al curs 2026-27 el nostre institut afegeix una quarta l\u00ednia escolar per al nivell <strong>1r d&#8217;ESO per a atendre la demanda de les nostres escoles adscrites.<\/strong><\/p>\n<p><a href=\"https:\/\/agora.xtec.cat\/institutmontserratroig\/wp-content\/uploads\/usu342\/2026\/03\/Document-sense-titol-6_page-0001.jpg\"><img loading=\"lazy\" decoding=\"async\" class=\"alignnone size-full wp-image-32872\" src=\"https:\/\/agora.xtec.cat\/institutmontserratroig\/wp-content\/uploads\/usu342\/2026\/03\/Document-sense-titol-6_page-0001.jpg\" alt=\"\" width=\"980\" height=\"345\" srcset=\"https:\/\/agora.xtec.cat\/institutmontserratroig\/wp-content\/uploads\/usu342\/2026\/03\/Document-sense-titol-6_page-0001.jpg 980w, https:\/\/agora.xtec.cat\/institutmontserratroig\/wp-content\/uploads\/usu342\/2026\/03\/Document-sense-titol-6_page-0001-300x106.jpg 300w, https:\/\/agora.xtec.cat\/institutmontserratroig\/wp-content\/uploads\/usu342\/2026\/03\/Document-sense-titol-6_page-0001-768x270.jpg 768w\" sizes=\"auto, (max-width: 980px) 100vw, 980px\" \/><\/a><\/p>\n<p data-start=\"640\" data-end=\"954\">La <strong data-start=\"643\" data-end=\"748\">preinscripci\u00f3 \u00e9s el tr\u00e0mit mitjan\u00e7ant el qual les fam\u00edlies sol\u00b7liciteu pla\u00e7a als centres educatius<\/strong> d&#8217;acord amb el vostre ordre de prefer\u00e8ncia. En cas que el nombre de sol\u00b7licituds super\u00e9s aquesta oferta, l\u2019assignaci\u00f3 de places es realitzar\u00e0 seguint els criteris de baremaci\u00f3 establerts pel Departament d\u2019Educaci\u00f3 en el <strong><a href=\"https:\/\/www.edubcn.cat\/ca\/alumnat_i_familia\/informacio_general_matriculacio\/preinscripcio\" target=\"_blank\" rel=\"noopener\">proc\u00e9s de preinscripci\u00f3 escolar.<\/a><\/strong><\/p>\n","protected":false},"excerpt":{"rendered":"<p>En aquest inici del proc\u00e9s de preinscripci\u00f3 escolar, des de l\u2019Institut Montserrat Roig posem a disposici\u00f3 de les fam\u00edlies la nostra oferta de places per a\u00a0 l&#8217;etapa ESO [Educaci\u00f3 Secund\u00e0ria Obligat\u00f2ria].<br \/>\nPer al curs 2026-27 el nostre institut afegeix una quarta l\u00ednia escolar per al nivell&hellip;  <a href=\"https:\/\/agora.xtec.cat\/institutmontserratroig\/eso\/preinscripcio-eso-2026-27-oferta-publica-de-places\/\" title=\"Read Preinscripci\u00f3 ESO [2026-27]: oferta p\u00fablica de places\">Llegeix m\u00e9s\u00bb<\/a><\/p>\n","protected":false},"author":1,"featured_media":32872,"comment_status":"open","ping_status":"open","sticky":false,"template":"","format":"standard","meta":{"_bbp_topic_count":0,"_bbp_reply_count":0,"_bbp_total_topic_count":0,"_bbp_total_reply_count":0,"_bbp_voice_count":0,"_bbp_anonymous_reply_count":0,"_bbp_topic_count_hidden":0,"_bbp_reply_count_hidden":0,"_bbp_forum_subforum_count":0,"footnotes":""},"categories":[605,3,325,29],"tags":[626,406],"class_list":["post-32838","post","type-post","status-publish","format-standard","has-post-thumbnail","hentry","category-curs-2025-26","category-eso","category-ins-montserrat-roig","category-portada","tag-matricula","tag-preinscripcio"],"post_mailing_queue_ids":[],"_links":{"self":[{"href":"https:\/\/agora.xtec.cat\/institutmontserratroig\/wp-json\/wp\/v2\/posts\/32838","targetHints":{"allow":["GET"]}}],"collection":[{"href":"https:\/\/agora.xtec.cat\/institutmontserratroig\/wp-json\/wp\/v2\/posts"}],"about":[{"href":"https:\/\/agora.xtec.cat\/institutmontserratroig\/wp-json\/wp\/v2\/types\/post"}],"author":[{"embeddable":true,"href":"https:\/\/agora.xtec.cat\/institutmontserratroig\/wp-json\/wp\/v2\/users\/1"}],"replies":[{"embeddable":true,"href":"https:\/\/agora.xtec.cat\/institutmontserratroig\/wp-json\/wp\/v2\/comments?post=32838"}],"version-history":[{"count":4,"href":"https:\/\/agora.xtec.cat\/institutmontserratroig\/wp-json\/wp\/v2\/posts\/32838\/revisions"}],"predecessor-version":[{"id":32873,"href":"https:\/\/agora.xtec.cat\/institutmontserratroig\/wp-json\/wp\/v2\/posts\/32838\/revisions\/32873"}],"wp:featuredmedia":[{"embeddable":true,"href":"https:\/\/agora.xtec.cat\/institutmontserratroig\/wp-json\/wp\/v2\/media\/32872"}],"wp:attachment":[{"href":"https:\/\/agora.xtec.cat\/institutmontserratroig\/wp-json\/wp\/v2\/media?parent=32838"}],"wp:term":[{"taxonomy":"category","embeddable":true,"href":"https:\/\/agora.xtec.cat\/institutmontserratroig\/wp-json\/wp\/v2\/categories?post=32838"},{"taxonomy":"post_tag","embeddable":true,"href":"https:\/\/agora.xtec.cat\/institutmontserratroig\/wp-json\/wp\/v2\/tags?post=32838"}],"curies":[{"name":"wp","href":"https:\/\/api.w.org\/{rel}","templated":true}]}}