{"id":31459,"date":"2025-03-21T12:56:01","date_gmt":"2025-03-21T11:56:01","guid":{"rendered":"https:\/\/agora.xtec.cat\/institutmontserratroig\/?p=31459"},"modified":"2025-03-24T09:09:04","modified_gmt":"2025-03-24T08:09:04","slug":"la-situacio-de-les-dones-a-ledat-mitjana-2","status":"publish","type":"post","link":"https:\/\/agora.xtec.cat\/institutmontserratroig\/portada\/la-situacio-de-les-dones-a-ledat-mitjana-2\/","title":{"rendered":"La situaci\u00f3 de les dones a l&#8217;edat mitjana"},"content":{"rendered":"<p>Amb el ress\u00f2 del 8 de mar\u00e7, dia de la dona treballadora, l&#8217;alumnat de 2n d&#8217;ESO ha estudiat com era la situaci\u00f3 de les dones a l&#8217;edat mitjana, com va evolucionar, quin paper hi van tenir l&#8217;Esgl\u00e9sia, els senyors feudals o els gremis, qu\u00e8 va ser la cacera de bruixes, com es tractava la salut femenina, quines difer\u00e8ncies tenien les dones dels diferents estaments, etc. Si en voleu saber m\u00e9s podeu llegir aquest article acad\u00e8mic d&#8217;una alumna del curs:<span style=\"color: #993366;\"><strong> <a style=\"color: #993366;\" href=\"https:\/\/drive.google.com\/file\/d\/1sBuT5mENx_qb0eC_9zFfB1AnP4IfjGMQ\/view?usp=sharing\" target=\"_blank\" rel=\"noopener\"><em>Les dones a l&#8217;edat mitjana a Catalunya<\/em>.<\/a><\/strong><\/span><\/p>\n<p>Seguidament, l&#8217;alumnat va escollir una dona de l&#8217;edat mitjana que, per una ra\u00f3 o altra, va destacar en el seu camp (artistes, religioses, reines, comtesses, metgesses, escriptores<span style=\"font-family: inherit; font-size: 1em;\">, etc.). Van recercar informaci\u00f3 de la seva vida i en va fer un resum en format d&#8217;article.<\/span><\/p>\n<p><span style=\"font-family: inherit; font-size: 1em;\"> Us adjuntem algunes d&#8217;aquestes interessants i, moltes vegades, desconegudes biografies: <\/span><em><span style=\"color: #993366;\"><strong><a href=\"https:\/\/drive.google.com\/file\/d\/1EeaiBU_ZusmCbCcQ6uzuWNmVG7a79sc7\/view?usp=sharing\" target=\"_blank\" rel=\"noopener\">Beatriu de Dia<\/a>; <a style=\"color: #993366;\" href=\"https:\/\/drive.google.com\/file\/d\/102fLi2QvlCPORjHPx06ZXAVWStGxALlE\/view?usp=sharing\" target=\"_blank\" rel=\"noopener\">Blanca de Castella<\/a>; <a style=\"color: #993366;\" href=\"https:\/\/drive.google.com\/file\/d\/1g_pHw1cIBPYV9-lHHPOYAuS5YTrMf646\/view?usp=sharing\" target=\"_blank\" rel=\"noopener\">Bonanada<\/a>; <a style=\"color: #993366;\" href=\"https:\/\/drive.google.com\/file\/d\/1XqNAxMv8wZDajmyfJ6mdaCD7PaxVje24\/view?usp=sharing\" target=\"_blank\" rel=\"noopener\">Caterina Sforza<\/a>; <a style=\"color: #993366;\" href=\"https:\/\/drive.google.com\/file\/d\/1LhYiKsKFPICi_oVGRDr88EhIG1CwMVRm\/view?usp=sharing\" target=\"_blank\" rel=\"noopener\">Christine de Pisan<\/a>; <a style=\"color: #993366;\" href=\"https:\/\/drive.google.com\/file\/d\/1v57AMmxlXR_1Rwqk6KKh-S5rBrfuAdr1\/view?usp=sharing\" target=\"_blank\" rel=\"noopener\">Duoda, la duquessa de Septim\u00e0nia<\/a>; <a style=\"color: #993366;\" href=\"https:\/\/drive.google.com\/file\/d\/1Sm0WdM2jtekPmVDHhFtiSrY6k70C6sf5\/view?usp=sharing\" target=\"_blank\" rel=\"noopener\">Hildegarda von Bingen<\/a>; <a style=\"color: #993366;\" href=\"https:\/\/drive.google.com\/file\/d\/1luXI8Lj1zLVNnnXY5DRE-aE-aL638mUl\/view?usp=sharing\" target=\"_blank\" rel=\"noopener\">Lubna de C\u00f2rdova<\/a>; <a style=\"color: #993366;\" href=\"https:\/\/drive.google.com\/file\/d\/1lgemFWh9_0RHE69O59ng_UZ-OCsBTNQd\/view?usp=sharing\" target=\"_blank\" rel=\"noopener\">Gal\u00b7la Plac\u00eddia<\/a><\/strong><\/span><\/em><\/p>\n<p><a href=\"https:\/\/agora.xtec.cat\/institutmontserratroig\/wp-content\/uploads\/usu342\/2025\/03\/IMG_20250319_120051-1-scaled.jpg\"><img loading=\"lazy\" decoding=\"async\" class=\"wp-image-31470 size-large aligncenter\" src=\"https:\/\/agora.xtec.cat\/institutmontserratroig\/wp-content\/uploads\/usu342\/2025\/03\/IMG_20250319_120051-1-1024x768.jpg\" alt=\"\" width=\"1024\" height=\"768\" srcset=\"https:\/\/agora.xtec.cat\/institutmontserratroig\/wp-content\/uploads\/usu342\/2025\/03\/IMG_20250319_120051-1-1024x768.jpg 1024w, https:\/\/agora.xtec.cat\/institutmontserratroig\/wp-content\/uploads\/usu342\/2025\/03\/IMG_20250319_120051-1-300x225.jpg 300w, https:\/\/agora.xtec.cat\/institutmontserratroig\/wp-content\/uploads\/usu342\/2025\/03\/IMG_20250319_120051-1-768x576.jpg 768w, https:\/\/agora.xtec.cat\/institutmontserratroig\/wp-content\/uploads\/usu342\/2025\/03\/IMG_20250319_120051-1-1536x1152.jpg 1536w, https:\/\/agora.xtec.cat\/institutmontserratroig\/wp-content\/uploads\/usu342\/2025\/03\/IMG_20250319_120051-1-2048x1536.jpg 2048w, https:\/\/agora.xtec.cat\/institutmontserratroig\/wp-content\/uploads\/usu342\/2025\/03\/IMG_20250319_120051-1-200x150.jpg 200w\" sizes=\"auto, (max-width: 1024px) 100vw, 1024px\" \/><\/a><\/p>\n<p>&nbsp;<\/p>\n","protected":false},"excerpt":{"rendered":"<p>Amb el ress\u00f2 del 8 de mar\u00e7, dia de la dona treballadora, l&#8217;alumnat de 2n d&#8217;ESO ha estudiat com era la situaci\u00f3 de les dones a l&#8217;edat mitjana, com va evolucionar, quin paper hi van tenir l&#8217;Esgl\u00e9sia, els senyors feudals o els gremis, qu\u00e8 va&hellip;  <a href=\"https:\/\/agora.xtec.cat\/institutmontserratroig\/portada\/la-situacio-de-les-dones-a-ledat-mitjana-2\/\" title=\"Read La situaci\u00f3 de les dones a l&#8217;edat mitjana\">Llegeix m\u00e9s\u00bb<\/a><\/p>\n","protected":false},"author":1,"featured_media":31470,"comment_status":"open","ping_status":"closed","sticky":false,"template":"","format":"standard","meta":{"_bbp_topic_count":0,"_bbp_reply_count":0,"_bbp_total_topic_count":0,"_bbp_total_reply_count":0,"_bbp_voice_count":0,"_bbp_anonymous_reply_count":0,"_bbp_topic_count_hidden":0,"_bbp_reply_count_hidden":0,"_bbp_forum_subforum_count":0,"footnotes":""},"categories":[98,497,84,325,29,191],"tags":[581,580,582,465],"class_list":["post-31459","post","type-post","status-publish","format-standard","has-post-thumbnail","hentry","category-ciencies-socials","category-curs-2024-25","category-eso-2","category-ins-montserrat-roig","category-portada","category-projectes","tag-dona","tag-estudis","tag-petites-investigacions","tag-recerca"],"post_mailing_queue_ids":[],"_links":{"self":[{"href":"https:\/\/agora.xtec.cat\/institutmontserratroig\/wp-json\/wp\/v2\/posts\/31459","targetHints":{"allow":["GET"]}}],"collection":[{"href":"https:\/\/agora.xtec.cat\/institutmontserratroig\/wp-json\/wp\/v2\/posts"}],"about":[{"href":"https:\/\/agora.xtec.cat\/institutmontserratroig\/wp-json\/wp\/v2\/types\/post"}],"author":[{"embeddable":true,"href":"https:\/\/agora.xtec.cat\/institutmontserratroig\/wp-json\/wp\/v2\/users\/1"}],"replies":[{"embeddable":true,"href":"https:\/\/agora.xtec.cat\/institutmontserratroig\/wp-json\/wp\/v2\/comments?post=31459"}],"version-history":[{"count":8,"href":"https:\/\/agora.xtec.cat\/institutmontserratroig\/wp-json\/wp\/v2\/posts\/31459\/revisions"}],"predecessor-version":[{"id":31481,"href":"https:\/\/agora.xtec.cat\/institutmontserratroig\/wp-json\/wp\/v2\/posts\/31459\/revisions\/31481"}],"wp:featuredmedia":[{"embeddable":true,"href":"https:\/\/agora.xtec.cat\/institutmontserratroig\/wp-json\/wp\/v2\/media\/31470"}],"wp:attachment":[{"href":"https:\/\/agora.xtec.cat\/institutmontserratroig\/wp-json\/wp\/v2\/media?parent=31459"}],"wp:term":[{"taxonomy":"category","embeddable":true,"href":"https:\/\/agora.xtec.cat\/institutmontserratroig\/wp-json\/wp\/v2\/categories?post=31459"},{"taxonomy":"post_tag","embeddable":true,"href":"https:\/\/agora.xtec.cat\/institutmontserratroig\/wp-json\/wp\/v2\/tags?post=31459"}],"curies":[{"name":"wp","href":"https:\/\/api.w.org\/{rel}","templated":true}]}}