{"id":30196,"date":"2024-06-05T12:52:06","date_gmt":"2024-06-05T10:52:06","guid":{"rendered":"https:\/\/agora.xtec.cat\/institutmontserratroig\/?p=30196"},"modified":"2024-06-05T12:54:35","modified_gmt":"2024-06-05T10:54:35","slug":"superat-el-nivell-a2-del-goethe-institut","status":"publish","type":"post","link":"https:\/\/agora.xtec.cat\/institutmontserratroig\/portada\/superat-el-nivell-a2-del-goethe-institut\/","title":{"rendered":"Superat el nivell A2 del Goethe Institut!"},"content":{"rendered":"<p style=\"text-align: justify;\"><img loading=\"lazy\" decoding=\"async\" class=\"size-full wp-image-21031 alignright\" src=\"https:\/\/agora.xtec.cat\/institutmontserratroig\/wp-content\/uploads\/usu342\/2021\/05\/logo-goethe-institut.png\" alt=\"\" width=\"333\" height=\"165\" srcset=\"https:\/\/agora.xtec.cat\/institutmontserratroig\/wp-content\/uploads\/usu342\/2021\/05\/logo-goethe-institut.png 333w, https:\/\/agora.xtec.cat\/institutmontserratroig\/wp-content\/uploads\/usu342\/2021\/05\/logo-goethe-institut-300x149.png 300w\" sizes=\"auto, (max-width: 333px) 100vw, 333px\" \/>Gl\u00fcckwunsch zu allen, die das Zertifikat A2 vom Goethe Institut bestanden haben!!!<\/p>\n<p style=\"text-align: justify;\">Felicitats a tots i totes que han aprovat el nivell A2 del Goethe Institut!!<\/p>\n<p style=\"text-align: justify;\">Tots els alumnes d&#8217;alemany que s&#8217;han presentat a aconseguir el t\u00edtol oficial Deutsch A2 han tret una nota superior al 5 i 5 d&#8217;ells han obtingut el t\u00edtol.<\/p>\n<p style=\"text-align: justify;\">El Goethe-Zertifikat A2 \u00e9s un examen d&#8217;alemany per a adults, que confirma compet\u00e8ncies ling\u00fc\u00edstiques simples i correspon al nivell A2 en els sis nivells de compet\u00e8ncia del Marc Europeu Com\u00fa de Refer\u00e8ncia per a les lleng\u00fces (MCER).<\/p>\n","protected":false},"excerpt":{"rendered":"<p>Gl\u00fcckwunsch zu allen, die das Zertifikat A2 vom Goethe Institut bestanden haben!!!<br \/>\nFelicitats a tots i totes que han aprovat el nivell A2 del Goethe Institut!!<br \/>\nTots els alumnes d&#8217;alemany que s&#8217;han presentat a aconseguir el t\u00edtol oficial Deutsch A2 han tret una nota superior al 5&hellip;  <a href=\"https:\/\/agora.xtec.cat\/institutmontserratroig\/portada\/superat-el-nivell-a2-del-goethe-institut\/\" title=\"Read Superat el nivell A2 del Goethe Institut!\">Llegeix m\u00e9s\u00bb<\/a><\/p>\n","protected":false},"author":1,"featured_media":21031,"comment_status":"open","ping_status":"closed","sticky":false,"template":"","format":"standard","meta":{"_bbp_topic_count":0,"_bbp_reply_count":0,"_bbp_total_topic_count":0,"_bbp_total_reply_count":0,"_bbp_voice_count":0,"_bbp_anonymous_reply_count":0,"_bbp_topic_count_hidden":0,"_bbp_reply_count_hidden":0,"_bbp_forum_subforum_count":0,"footnotes":""},"categories":[452,325,104,29],"tags":[],"class_list":["post-30196","post","type-post","status-publish","format-standard","has-post-thumbnail","hentry","category-curs-2023-24","category-ins-montserrat-roig","category-llengues-estrangeres","category-portada"],"post_mailing_queue_ids":[],"_links":{"self":[{"href":"https:\/\/agora.xtec.cat\/institutmontserratroig\/wp-json\/wp\/v2\/posts\/30196","targetHints":{"allow":["GET"]}}],"collection":[{"href":"https:\/\/agora.xtec.cat\/institutmontserratroig\/wp-json\/wp\/v2\/posts"}],"about":[{"href":"https:\/\/agora.xtec.cat\/institutmontserratroig\/wp-json\/wp\/v2\/types\/post"}],"author":[{"embeddable":true,"href":"https:\/\/agora.xtec.cat\/institutmontserratroig\/wp-json\/wp\/v2\/users\/1"}],"replies":[{"embeddable":true,"href":"https:\/\/agora.xtec.cat\/institutmontserratroig\/wp-json\/wp\/v2\/comments?post=30196"}],"version-history":[{"count":4,"href":"https:\/\/agora.xtec.cat\/institutmontserratroig\/wp-json\/wp\/v2\/posts\/30196\/revisions"}],"predecessor-version":[{"id":30200,"href":"https:\/\/agora.xtec.cat\/institutmontserratroig\/wp-json\/wp\/v2\/posts\/30196\/revisions\/30200"}],"wp:featuredmedia":[{"embeddable":true,"href":"https:\/\/agora.xtec.cat\/institutmontserratroig\/wp-json\/wp\/v2\/media\/21031"}],"wp:attachment":[{"href":"https:\/\/agora.xtec.cat\/institutmontserratroig\/wp-json\/wp\/v2\/media?parent=30196"}],"wp:term":[{"taxonomy":"category","embeddable":true,"href":"https:\/\/agora.xtec.cat\/institutmontserratroig\/wp-json\/wp\/v2\/categories?post=30196"},{"taxonomy":"post_tag","embeddable":true,"href":"https:\/\/agora.xtec.cat\/institutmontserratroig\/wp-json\/wp\/v2\/tags?post=30196"}],"curies":[{"name":"wp","href":"https:\/\/api.w.org\/{rel}","templated":true}]}}