{"id":29997,"date":"2024-04-30T20:17:54","date_gmt":"2024-04-30T18:17:54","guid":{"rendered":"https:\/\/agora.xtec.cat\/institutmontserratroig\/?p=29997"},"modified":"2024-04-30T20:17:54","modified_gmt":"2024-04-30T18:17:54","slug":"81-801-numero-de-desempat-de-la-preinscripcio-escolar-2024","status":"publish","type":"post","link":"https:\/\/agora.xtec.cat\/institutmontserratroig\/eso\/81-801-numero-de-desempat-de-la-preinscripcio-escolar-2024\/","title":{"rendered":"81.801, n\u00famero de desempat de la preinscripci\u00f3 escolar 2024"},"content":{"rendered":"<p style=\"text-align: justify;\">Aquesta xifra \u00e9s important dins del proc\u00e9s de preinscripci\u00f3 escolar 2024-25, ja que serveix per desempatar les sol\u00b7licituds que tinguin els mateixos punts per accedir a un centre educatiu el curs 2024-2025 (cliqueu damunt la imatge de baix per obtenir m\u00e9s informaci\u00f3).<\/p>\n<p><a href=\"https:\/\/preinscripcio.gencat.cat\/ca\/detalls\/noticia\/20240430-sorteig-desempat-obligatoris\" target=\"_blank\" rel=\"noopener\"><img loading=\"lazy\" decoding=\"async\" class=\"size-full wp-image-29998 aligncenter\" src=\"https:\/\/agora.xtec.cat\/institutmontserratroig\/wp-content\/uploads\/usu342\/2024\/04\/Captura-de-Pantalla-2024-04-30-a-les-20.02.14.png\" alt=\"\" width=\"669\" height=\"114\" srcset=\"https:\/\/agora.xtec.cat\/institutmontserratroig\/wp-content\/uploads\/usu342\/2024\/04\/Captura-de-Pantalla-2024-04-30-a-les-20.02.14.png 669w, https:\/\/agora.xtec.cat\/institutmontserratroig\/wp-content\/uploads\/usu342\/2024\/04\/Captura-de-Pantalla-2024-04-30-a-les-20.02.14-300x51.png 300w\" sizes=\"auto, (max-width: 669px) 100vw, 669px\" \/><\/a><\/p>\n","protected":false},"excerpt":{"rendered":"<p>Aquesta xifra \u00e9s important dins del proc\u00e9s de preinscripci\u00f3 escolar 2024-25, ja que serveix per desempatar les sol\u00b7licituds que tinguin els mateixos punts per accedir a un centre educatiu el curs 2024-2025 (cliqueu damunt la imatge de baix per obtenir m\u00e9s informaci\u00f3).<br \/>\n<a href=\"https:\/\/preinscripcio.gencat.cat\/ca\/detalls\/noticia\/20240430-sorteig-desempat-obligatoris\" target=\"_blank\" rel=\"noopener\"><\/a><\/p>\n","protected":false},"author":1,"featured_media":29998,"comment_status":"open","ping_status":"closed","sticky":false,"template":"","format":"standard","meta":{"_bbp_topic_count":0,"_bbp_reply_count":0,"_bbp_total_topic_count":0,"_bbp_total_reply_count":0,"_bbp_voice_count":0,"_bbp_anonymous_reply_count":0,"_bbp_topic_count_hidden":0,"_bbp_reply_count_hidden":0,"_bbp_forum_subforum_count":0,"footnotes":""},"categories":[8,452,3,325,29],"tags":[177,406],"class_list":["post-29997","post","type-post","status-publish","format-standard","has-post-thumbnail","hentry","category-batxillerat","category-curs-2023-24","category-eso","category-ins-montserrat-roig","category-portada","tag-informacio-centre","tag-preinscripcio"],"post_mailing_queue_ids":[],"_links":{"self":[{"href":"https:\/\/agora.xtec.cat\/institutmontserratroig\/wp-json\/wp\/v2\/posts\/29997","targetHints":{"allow":["GET"]}}],"collection":[{"href":"https:\/\/agora.xtec.cat\/institutmontserratroig\/wp-json\/wp\/v2\/posts"}],"about":[{"href":"https:\/\/agora.xtec.cat\/institutmontserratroig\/wp-json\/wp\/v2\/types\/post"}],"author":[{"embeddable":true,"href":"https:\/\/agora.xtec.cat\/institutmontserratroig\/wp-json\/wp\/v2\/users\/1"}],"replies":[{"embeddable":true,"href":"https:\/\/agora.xtec.cat\/institutmontserratroig\/wp-json\/wp\/v2\/comments?post=29997"}],"version-history":[{"count":1,"href":"https:\/\/agora.xtec.cat\/institutmontserratroig\/wp-json\/wp\/v2\/posts\/29997\/revisions"}],"predecessor-version":[{"id":29999,"href":"https:\/\/agora.xtec.cat\/institutmontserratroig\/wp-json\/wp\/v2\/posts\/29997\/revisions\/29999"}],"wp:featuredmedia":[{"embeddable":true,"href":"https:\/\/agora.xtec.cat\/institutmontserratroig\/wp-json\/wp\/v2\/media\/29998"}],"wp:attachment":[{"href":"https:\/\/agora.xtec.cat\/institutmontserratroig\/wp-json\/wp\/v2\/media?parent=29997"}],"wp:term":[{"taxonomy":"category","embeddable":true,"href":"https:\/\/agora.xtec.cat\/institutmontserratroig\/wp-json\/wp\/v2\/categories?post=29997"},{"taxonomy":"post_tag","embeddable":true,"href":"https:\/\/agora.xtec.cat\/institutmontserratroig\/wp-json\/wp\/v2\/tags?post=29997"}],"curies":[{"name":"wp","href":"https:\/\/api.w.org\/{rel}","templated":true}]}}