{"id":29820,"date":"2024-04-22T18:31:22","date_gmt":"2024-04-22T16:31:22","guid":{"rendered":"https:\/\/agora.xtec.cat\/institutmontserratroig\/?p=29820"},"modified":"2024-04-22T18:37:09","modified_gmt":"2024-04-22T16:37:09","slug":"representacio-de-les-troianes-al-teatre-joventut","status":"publish","type":"post","link":"https:\/\/agora.xtec.cat\/institutmontserratroig\/batxillerat\/representacio-de-les-troianes-al-teatre-joventut\/","title":{"rendered":"Representaci\u00f3 de Les troianes al teatre Joventut"},"content":{"rendered":"<p><a href=\"https:\/\/agora.xtec.cat\/institutmontserratroig\/wp-content\/uploads\/usu342\/2024\/04\/IMG20240417103132-scaled.jpg\"><img loading=\"lazy\" decoding=\"async\" class=\"size-large wp-image-29821 aligncenter\" src=\"https:\/\/agora.xtec.cat\/institutmontserratroig\/wp-content\/uploads\/usu342\/2024\/04\/IMG20240417103132-1024x578.jpg\" alt=\"\" width=\"1024\" height=\"578\" srcset=\"https:\/\/agora.xtec.cat\/institutmontserratroig\/wp-content\/uploads\/usu342\/2024\/04\/IMG20240417103132-1024x578.jpg 1024w, https:\/\/agora.xtec.cat\/institutmontserratroig\/wp-content\/uploads\/usu342\/2024\/04\/IMG20240417103132-300x169.jpg 300w, https:\/\/agora.xtec.cat\/institutmontserratroig\/wp-content\/uploads\/usu342\/2024\/04\/IMG20240417103132-768x433.jpg 768w, https:\/\/agora.xtec.cat\/institutmontserratroig\/wp-content\/uploads\/usu342\/2024\/04\/IMG20240417103132-1536x866.jpg 1536w, https:\/\/agora.xtec.cat\/institutmontserratroig\/wp-content\/uploads\/usu342\/2024\/04\/IMG20240417103132-2048x1155.jpg 2048w\" sizes=\"auto, (max-width: 1024px) 100vw, 1024px\" \/><\/a><\/p>\n<p style=\"text-align: justify;\">L&#8217;alumnat de cl\u00e0ssiques del nostre centre va anar a veure la representaci\u00f3 d&#8217;una trag\u00e8dia d&#8217;Eur\u00edpides, <a href=\"https:\/\/www.grupokomos.com\/obras-representadas?pgid=kkogmrai-01816a93-0659-4909-8089-719b0f96074c\" target=\"_blank\" rel=\"noopener\"><em>Les Troianes<\/em><\/a> al <a href=\"https:\/\/teatrejoventut.l-h.cat\" target=\"_blank\" rel=\"noopener\">teatre Joventut de l&#8217;Hospitalet del Llobregat<\/a> adaptada per l&#8217;alumnat per la <a href=\"https:\/\/www.grupokomos.com\" target=\"_blank\" rel=\"noopener\">companyia Komos<\/a>. L&#8217;obra \u00e9s un al\u00b7legat en contra de les guerres perqu\u00e8 en totes elles els que m\u00e9s pateixen s\u00f3n els infants, les dones i els ancians i Eur\u00edpides deixa pal\u00e8s aquest patiment en la seva obra.<\/p>\n<p style=\"text-align: justify;\">L&#8217;alumnat va sortir molt satisfet de la representaci\u00f3.<\/p>\n<h5 style=\"text-align: center;\"><a href=\"https:\/\/photos.app.goo.gl\/ssauNmp9ExkYFzQG7\" target=\"_blank\" rel=\"noopener\">Fotos de la sortida<\/a><\/h5>\n","protected":false},"excerpt":{"rendered":"<p><a href=\"https:\/\/agora.xtec.cat\/institutmontserratroig\/wp-content\/uploads\/usu342\/2024\/04\/IMG20240417103132-scaled.jpg\"><\/a><br \/>\nL&#8217;alumnat de cl\u00e0ssiques del nostre centre va anar a veure la representaci\u00f3 d&#8217;una trag\u00e8dia d&#8217;Eur\u00edpides, <a href=\"https:\/\/www.grupokomos.com\/obras-representadas?pgid=kkogmrai-01816a93-0659-4909-8089-719b0f96074c\" target=\"_blank\" rel=\"noopener\">Les Troianes<\/a> al <a href=\"https:\/\/teatrejoventut.l-h.cat\" target=\"_blank\" rel=\"noopener\">teatre Joventut de l&#8217;Hospitalet del Llobregat<\/a> adaptada per l&#8217;alumnat per la <a href=\"https:\/\/www.grupokomos.com\" target=\"_blank\" rel=\"noopener\">companyia Komos<\/a>. L&#8217;obra \u00e9s un al\u00b7legat&hellip;  <a href=\"https:\/\/agora.xtec.cat\/institutmontserratroig\/batxillerat\/representacio-de-les-troianes-al-teatre-joventut\/\" title=\"Read Representaci\u00f3 de Les troianes al teatre Joventut\">Llegeix m\u00e9s\u00bb<\/a><\/p>\n","protected":false},"author":1,"featured_media":29821,"comment_status":"open","ping_status":"closed","sticky":false,"template":"","format":"standard","meta":{"_bbp_topic_count":0,"_bbp_reply_count":0,"_bbp_total_topic_count":0,"_bbp_total_reply_count":0,"_bbp_voice_count":0,"_bbp_anonymous_reply_count":0,"_bbp_topic_count_hidden":0,"_bbp_reply_count_hidden":0,"_bbp_forum_subforum_count":0,"footnotes":""},"categories":[8,99,452,86,325,29],"tags":[179,40],"class_list":["post-29820","post","type-post","status-publish","format-standard","has-post-thumbnail","hentry","category-batxillerat","category-classiques","category-curs-2023-24","category-eso-4","category-ins-montserrat-roig","category-portada","tag-sortides","tag-teatre"],"post_mailing_queue_ids":[],"_links":{"self":[{"href":"https:\/\/agora.xtec.cat\/institutmontserratroig\/wp-json\/wp\/v2\/posts\/29820","targetHints":{"allow":["GET"]}}],"collection":[{"href":"https:\/\/agora.xtec.cat\/institutmontserratroig\/wp-json\/wp\/v2\/posts"}],"about":[{"href":"https:\/\/agora.xtec.cat\/institutmontserratroig\/wp-json\/wp\/v2\/types\/post"}],"author":[{"embeddable":true,"href":"https:\/\/agora.xtec.cat\/institutmontserratroig\/wp-json\/wp\/v2\/users\/1"}],"replies":[{"embeddable":true,"href":"https:\/\/agora.xtec.cat\/institutmontserratroig\/wp-json\/wp\/v2\/comments?post=29820"}],"version-history":[{"count":3,"href":"https:\/\/agora.xtec.cat\/institutmontserratroig\/wp-json\/wp\/v2\/posts\/29820\/revisions"}],"predecessor-version":[{"id":29827,"href":"https:\/\/agora.xtec.cat\/institutmontserratroig\/wp-json\/wp\/v2\/posts\/29820\/revisions\/29827"}],"wp:featuredmedia":[{"embeddable":true,"href":"https:\/\/agora.xtec.cat\/institutmontserratroig\/wp-json\/wp\/v2\/media\/29821"}],"wp:attachment":[{"href":"https:\/\/agora.xtec.cat\/institutmontserratroig\/wp-json\/wp\/v2\/media?parent=29820"}],"wp:term":[{"taxonomy":"category","embeddable":true,"href":"https:\/\/agora.xtec.cat\/institutmontserratroig\/wp-json\/wp\/v2\/categories?post=29820"},{"taxonomy":"post_tag","embeddable":true,"href":"https:\/\/agora.xtec.cat\/institutmontserratroig\/wp-json\/wp\/v2\/tags?post=29820"}],"curies":[{"name":"wp","href":"https:\/\/api.w.org\/{rel}","templated":true}]}}